{"id":11708,"date":"2019-02-15T15:06:34","date_gmt":"2019-02-15T13:06:34","guid":{"rendered":"https:\/\/epst-sgen-cfdt.org\/?p=11708"},"modified":"2019-03-01T11:09:51","modified_gmt":"2019-03-01T09:09:51","slug":"le-prelevement-a-la-source-ca-change-quoi-pour-ma-cotisation-syndicale","status":"publish","type":"post","link":"https:\/\/cfdt-recherche-epst.org\/?p=11708","title":{"rendered":"Le pr\u00e9l\u00e8vement \u00e0 la source, \u00e7a change quoi pour ma cotisation syndicale ?"},"content":{"rendered":"<p><span style=\"display: inline !important; float: none; background-color: transparent; color: #333333; font-family: Georgia,'Times New Roman','Bitstream Charter',Times,serif; font-size: 24px; font-style: normal; font-variant: normal; font-weight: bold; letter-spacing: normal; line-height: 36px; orphans: 2; text-align: left; text-decoration: none; text-indent: 0px; text-transform: none; -webkit-text-stroke-width: 0px; white-space: normal; word-spacing: 0px; word-wrap: break-word;\">Le pr\u00e9l\u00e8vement \u00e0 la source, \u00e7a change quoi pour ma cotisation syndicale ?*<\/span><\/p>\n<p>Je continue \u00e0 faire une d\u00e9claration de revenus donc <strong>je d\u00e9clare mes cotisations syndicales 2018<\/strong> gr\u00e2ce \u00e0 l\u2019<strong>attestation fiscale envoy\u00e9e par mail <\/strong>par mon syndicat (elles doivent \u00eatre d\u00e9clar\u00e9es dans les frais r\u00e9els pour celles et ceux qui ont fait ce choix).<br \/>\nPour cela je mets bien \u00e0 jour mes informations, dont mon adresse mail, sur la fiche de mise \u00e0 jour que je renvoie scann\u00e9e par mail ou par courrier postal.<\/p>\n<p>Je continue donc \u00e0 b\u00e9n\u00e9ficier d\u2019<strong>une d\u00e9duction fiscale de 66% sur ces cotisations <\/strong>(pour les frais r\u00e9els c\u2019est 100% des cotisations qui sont pris en compte dans les charges d\u00e9ductibles) et j\u2019en ai d\u00e9j\u00e0 re\u00e7u une partie en janvier si je suis imposable. Cela sera r\u00e9gularis\u00e9 gr\u00e2ce \u00e0 ma d\u00e9claration sur mes revenus 2018.<\/p>\n<h2>\u00catre adh\u00e9rent, c\u2019est quoi ?<\/h2>\n<p>C\u2019est verser sa cotisation pour\u00a0<strong>garantir l\u2019ind\u00e9pendance de notre syndicat<\/strong>, c\u2019est donc le premier acte militant de toute personne syndiqu\u00e9e.<\/p>\n<p>C\u2019est un acte de\u00a0<strong>solidarit\u00e9<\/strong>\u00a0afin\u00a0d\u2019<strong>accompagner et d\u00e9fendre<\/strong>\u00a0les adh\u00e9rents qui\u00a0peuvent en avoir\u00a0besoin, \u00e0 un moment de\u00a0leur\u00a0vie professionnelle.<\/p>\n<p><span style=\"display: inline !important; float: none; background-color: transparent; color: #333333; font-family: Georgia,'Times New Roman','Bitstream Charter',Times,serif; font-size: 16px; font-style: normal; font-variant: normal; font-weight: 400; letter-spacing: normal; line-height: 24px; orphans: 2; text-align: left; text-decoration: none; text-indent: 0px; text-transform: none; -webkit-text-stroke-width: 0px; white-space: normal; word-spacing: 0px; word-wrap: break-word;\">*Extrait de l&rsquo;article publi\u00e9 le vendredi 15 f\u00e9vrier\u00a0Par Nicolas Ouary sur le site du<\/span><span style=\"display: inline !important; float: none; background-color: transparent; color: #333333; font-family: Georgia,'Times New Roman','Bitstream Charter',Times,serif; font-size: 16px; font-style: normal; font-variant: normal; font-weight: 400; letter-spacing: normal; line-height: 24px; orphans: 2; text-align: left; text-decoration: none; text-indent: 0px; text-transform: none; -webkit-text-stroke-width: 0px; white-space: normal; word-spacing: 0px; word-wrap: break-word;\"> Sgen Pays de Loire<\/span><\/p>\n<p><a href=\"https:\/\/paysdeloire.sgen-cfdt.fr\/actu\/prelevement-la-source-et-cotisations-syndicales\/\"><strong><span style=\"color: #0000ff;\">Lire l&rsquo;article original ici\u00a0<\/span><\/strong><\/a><\/p>\n","protected":false},"excerpt":{"rendered":"<p>Le pr\u00e9l\u00e8vement \u00e0 la source, \u00e7a change quoi pour ma cotisation syndicale ?* Je continue \u00e0 faire une d\u00e9claration de revenus donc je d\u00e9clare mes cotisations syndicales 2018 gr\u00e2ce \u00e0 l\u2019attestation fiscale envoy\u00e9e par mail par mon syndicat (elles doivent \u00eatre d\u00e9clar\u00e9es dans les frais r\u00e9els pour celles et ceux<\/p>\n","protected":false},"author":19,"featured_media":0,"comment_status":"closed","ping_status":"open","sticky":false,"template":"","format":"standard","meta":{"footnotes":""},"categories":[5],"tags":[38],"class_list":["post-11708","post","type-post","status-publish","format-standard","hentry","category-epst","tag-syndicat","ct-col-2"],"amp_enabled":true,"_links":{"self":[{"href":"https:\/\/cfdt-recherche-epst.org\/index.php?rest_route=\/wp\/v2\/posts\/11708","targetHints":{"allow":["GET"]}}],"collection":[{"href":"https:\/\/cfdt-recherche-epst.org\/index.php?rest_route=\/wp\/v2\/posts"}],"about":[{"href":"https:\/\/cfdt-recherche-epst.org\/index.php?rest_route=\/wp\/v2\/types\/post"}],"author":[{"embeddable":true,"href":"https:\/\/cfdt-recherche-epst.org\/index.php?rest_route=\/wp\/v2\/users\/19"}],"replies":[{"embeddable":true,"href":"https:\/\/cfdt-recherche-epst.org\/index.php?rest_route=%2Fwp%2Fv2%2Fcomments&post=11708"}],"version-history":[{"count":5,"href":"https:\/\/cfdt-recherche-epst.org\/index.php?rest_route=\/wp\/v2\/posts\/11708\/revisions"}],"predecessor-version":[{"id":11846,"href":"https:\/\/cfdt-recherche-epst.org\/index.php?rest_route=\/wp\/v2\/posts\/11708\/revisions\/11846"}],"wp:attachment":[{"href":"https:\/\/cfdt-recherche-epst.org\/index.php?rest_route=%2Fwp%2Fv2%2Fmedia&parent=11708"}],"wp:term":[{"taxonomy":"category","embeddable":true,"href":"https:\/\/cfdt-recherche-epst.org\/index.php?rest_route=%2Fwp%2Fv2%2Fcategories&post=11708"},{"taxonomy":"post_tag","embeddable":true,"href":"https:\/\/cfdt-recherche-epst.org\/index.php?rest_route=%2Fwp%2Fv2%2Ftags&post=11708"}],"curies":[{"name":"wp","href":"https:\/\/api.w.org\/{rel}","templated":true}]}}