{"id":12071,"date":"2019-03-18T18:10:45","date_gmt":"2019-03-18T16:10:45","guid":{"rendered":"https:\/\/epst-sgen-cfdt.org\/?p=12071"},"modified":"2019-03-19T16:53:37","modified_gmt":"2019-03-19T14:53:37","slug":"report-de-lage-de-depart-a-la-retraite-une-ligne-rouge-a-ne-pas-franchir","status":"publish","type":"post","link":"https:\/\/cfdt-recherche-epst.org\/?p=12071","title":{"rendered":"Report de l\u2019\u00e2ge de d\u00e9part \u00e0 la retraite : une ligne rouge \u00e0 ne pas franchir"},"content":{"rendered":"<h2>Report de l\u2019\u00e2ge de d\u00e9part \u00e0 la retraite : une ligne rouge \u00e0 ne pas franchir<\/h2>\n<div>\n<div>Publi\u00e9 le 18\/03\/2019\u00a0Par Fr\u00e9d\u00e9ric S\u00e8ve, secr\u00e9taire national de la CFDT<\/div>\n<div>Lors d\u2019une prise de parole m\u00e9diatique ce dimanche, Agn\u00e8s Buzyn, ministre des solidarit\u00e9s et de la sant\u00e9, a dit envisager de \u00ab\u00a0proposer un allongement de la dur\u00e9e de travail\u00a0\u00bb dans le cadre de la r\u00e9forme des retraites. La CFDT tient \u00e0 rappeler au gouvernement les engagements pris, et \u00e0 souligner l\u2019enjeu de confiance n\u00e9cessaire pour mener \u00e0 terme la concertation en cours et la r\u00e9forme.<\/div>\n<\/div>\n<div>\n<p>Cette antienne du report de l\u2019\u00e2ge de d\u00e9part \u00e0 la retraite <strong>vient contredire les engagements pris par le pr\u00e9sident de la R\u00e9publique<\/strong> avant son \u00e9lection, <strong>et les arbitrages du gouvernement<\/strong> rendus publics lors de la r\u00e9union multilat\u00e9rale du 10 octobre dernier\u00a0: l\u2019\u00e2ge auquel les personnes pourront r\u00e9clamer le versement de leur pension restera fix\u00e9 \u00e0 62 ans.<\/p>\n<p><strong>Ces engagements successifs sont la base sur laquelle la concertation repose.<\/strong> Si les arbitrages sont r\u00e9guli\u00e8rement remis en cause, c\u2019est toute la concertation qui s\u2019\u00e9teindra. <strong>La CFDT demande donc au gouvernement de r\u00e9affirmer que la dur\u00e9e d\u2019activit\u00e9 ne sera pas une des variables de la r\u00e9forme \u00e0 venir.<\/strong><\/p>\n<\/div>\n","protected":false},"excerpt":{"rendered":"<p>Report de l\u2019\u00e2ge de d\u00e9part \u00e0 la retraite : une ligne rouge \u00e0 ne pas franchir Publi\u00e9 le 18\/03\/2019\u00a0Par Fr\u00e9d\u00e9ric S\u00e8ve, secr\u00e9taire national de la CFDT Lors d\u2019une prise de parole m\u00e9diatique ce dimanche, Agn\u00e8s Buzyn, ministre des solidarit\u00e9s et de la sant\u00e9, a dit envisager de \u00ab\u00a0proposer un allongement<\/p>\n","protected":false},"author":19,"featured_media":0,"comment_status":"closed","ping_status":"open","sticky":false,"template":"","format":"standard","meta":{"footnotes":""},"categories":[5],"tags":[35],"class_list":["post-12071","post","type-post","status-publish","format-standard","hentry","category-epst","tag-retraite","ct-col-2"],"amp_enabled":true,"_links":{"self":[{"href":"https:\/\/cfdt-recherche-epst.org\/index.php?rest_route=\/wp\/v2\/posts\/12071","targetHints":{"allow":["GET"]}}],"collection":[{"href":"https:\/\/cfdt-recherche-epst.org\/index.php?rest_route=\/wp\/v2\/posts"}],"about":[{"href":"https:\/\/cfdt-recherche-epst.org\/index.php?rest_route=\/wp\/v2\/types\/post"}],"author":[{"embeddable":true,"href":"https:\/\/cfdt-recherche-epst.org\/index.php?rest_route=\/wp\/v2\/users\/19"}],"replies":[{"embeddable":true,"href":"https:\/\/cfdt-recherche-epst.org\/index.php?rest_route=%2Fwp%2Fv2%2Fcomments&post=12071"}],"version-history":[{"count":7,"href":"https:\/\/cfdt-recherche-epst.org\/index.php?rest_route=\/wp\/v2\/posts\/12071\/revisions"}],"predecessor-version":[{"id":12084,"href":"https:\/\/cfdt-recherche-epst.org\/index.php?rest_route=\/wp\/v2\/posts\/12071\/revisions\/12084"}],"wp:attachment":[{"href":"https:\/\/cfdt-recherche-epst.org\/index.php?rest_route=%2Fwp%2Fv2%2Fmedia&parent=12071"}],"wp:term":[{"taxonomy":"category","embeddable":true,"href":"https:\/\/cfdt-recherche-epst.org\/index.php?rest_route=%2Fwp%2Fv2%2Fcategories&post=12071"},{"taxonomy":"post_tag","embeddable":true,"href":"https:\/\/cfdt-recherche-epst.org\/index.php?rest_route=%2Fwp%2Fv2%2Ftags&post=12071"}],"curies":[{"name":"wp","href":"https:\/\/api.w.org\/{rel}","templated":true}]}}