{"id":12085,"date":"2019-03-18T18:21:06","date_gmt":"2019-03-18T16:21:06","guid":{"rendered":"https:\/\/epst-sgen-cfdt.org\/?p=12085"},"modified":"2019-03-20T12:00:18","modified_gmt":"2019-03-20T10:00:18","slug":"projet-de-loi-fonction-publique-la-cfdt-vote-contre","status":"publish","type":"post","link":"https:\/\/cfdt-recherche-epst.org\/?p=12085","title":{"rendered":"Projet de loi Fonction publique : trop peu d\u2019avanc\u00e9es, la CFDT vote contre !"},"content":{"rendered":"<p>Publi\u00e9 le 18\/03\/2019\u00a0Par CFDT-Fonctions publiques<\/p>\n<div>\n<div>\n<h3 id=\"social-share\">Le conseil commun de la Fonction publique (CCFP) r\u00e9uni le vendredi 15 mars a examin\u00e9 l\u2019avant-projet de loi sur la transformation de la Fonction publique ainsi que les quelque cent amendements d\u00e9pos\u00e9s par la CFDT.\u00a0Apr\u00e8s quatorze heures de d\u00e9bats, malgr\u00e9 quelques avanc\u00e9es, la CFDT a vot\u00e9 contre le texte.<\/h3>\n<\/div>\n<\/div>\n<div class=\"img\"><img loading=\"lazy\" decoding=\"async\" src=\"https:\/\/uffa.cfdt.fr\/upload\/docs\/image\/jpeg\/2019-03\/54516598_2167226483356171_1850670144779452416_n.jpg.associated\/th-670x670-54516598_2167226483356171_1850670144779452416_n.jpg.jpg\" alt=\"\" width=\"297\" height=\"222\" \/><\/div>\n<div class=\"wysiwyg classic\">\n<p>Depuis le 1<sup>er<\/sup> f\u00e9vrier 2018, date \u00e0 laquelle le gouvernement a fait conna\u00eetre sa volont\u00e9 de faire \u00e9voluer les lois statutaires r\u00e9gissant la Fonction publique, la CFDT s\u2019est mobilis\u00e9e pour porter ses exigences, et s\u2019est mobilis\u00e9e jusqu\u2019au bout pour peser sur le projet de loi.\u00a0Cette strat\u00e9gie a permis de faire \u00e9voluer les premiers projets.<\/p>\n<p>Ainsi, la refonte des r\u00e9mun\u00e9rations incluant une part plus grande au m\u00e9rite a \u00e9t\u00e9 \u00e9cart\u00e9e ; les comp\u00e9tences des nouvelles instances collectives de dialogue social seront renforc\u00e9es en incluant plus de proximit\u00e9, le recours au contrat sera mieux encadr\u00e9, les mesures sur l\u2019\u00e9galit\u00e9 professionnelle seront bien mises en \u0153uvre.<\/p>\n<p>D\u2019autres sujets seront trait\u00e9s dans les prochains mois : la n\u00e9gociation de proximit\u00e9 devra \u00eatre mieux encadr\u00e9e et d\u00e9finie, le poids des accords sera renforc\u00e9, la participation financi\u00e8re des employeurs publics \u00e0 la compl\u00e9mentaire sant\u00e9 sera renforc\u00e9e, les r\u00e8gles relatives \u00e0 la protection de la sant\u00e9 des agents seront modernis\u00e9es. \u00c0 chaque fois que ce sera possible, sur chacun de ces sujets, la CFDT revendiquera que le gouvernement s\u2019engage dans des n\u00e9gociations plut\u00f4t que des concertations.<\/p>\n<p>Malgr\u00e9 la prise en compte de certaines de nos revendications, force est de constater que les exigences du calendrier des instances n\u2019ont pas permis au dialogue social d\u2019aller au bout des sujets.<\/p>\n<p>Le Gouvernement a donc refus\u00e9 de revenir sur ses positions relatives aux instances traitant des questions individuelles (CAP), a refus\u00e9 de restreindre le recours au contrat, n\u2019est pas all\u00e9 suffisamment loin sur les garanties permettant de lutter contre la pr\u00e9carit\u00e9, ni sur celles encadrant le contrat de mission, et ne s\u2019est pas engag\u00e9 sur sa volont\u00e9 de rendre obligatoire la participation des employeurs \u00e0 la protection sociale compl\u00e9mentaire.<\/p>\n<p>Sur la base de ce constat, la CFDT a vot\u00e9 contre le projet de texte, estimant que sa strat\u00e9gie a pay\u00e9 mais que le Gouvernement n\u2019a pas souhait\u00e9 aller plus loin dans le cadre tr\u00e8s id\u00e9ologique qu\u2019il avait lui-m\u00eame arr\u00eat\u00e9.<\/p>\n<p>Dans les prochaines semaines, la CFDT portera ses propositions en direction des Parlementaires pendant la discussion du projet de loi et lors de toutes les concertations et n\u00e9gociations qui d\u00e9couleront de ce projet de loi.<\/p>\n<p>La CFDT est, et restera, mobilis\u00e9e pour d\u00e9fendre et am\u00e9liorer les droits des agents publics, quel que soit leur statut, dans le cadre d\u2019un dialogue social exigeant.<\/p>\n<\/div>\n<p><a href=\"https:\/\/cfdt-recherche-epst.org\/wp-content\/uploads\/2019\/03\/2019-03-19-tract-PJL-transformation-FP-1.pdf\">T\u00e9l\u00e9charger le tract ici<\/a><\/p>\n<p>__________________________________________<\/p>\n<p><strong>Apr\u00e8s une ann\u00e9e de concertation, l\u2019avant-projet de loi de \u00ab Transformation de la Fonction Publique \u00bb a \u00e9t\u00e9 soumis aux instances sup\u00e9rieures de la Fonction publique. La CFDT a fait le choix de s\u2019exprimer et de se donner les moyens de peser tout au long de ce processus. Malgr\u00e9 les \u00e9volutions obtenues, au final, la CFDT a maintenu une appr\u00e9ciation n\u00e9gative sur le texte.<\/strong><\/p>\n<p>De nombreux chantiers ont \u00e9t\u00e9 lanc\u00e9s suite aux annonces du Comit\u00e9 interminist\u00e9riel de la transformation publique du 1er f\u00e9vrier 2018 : dialogue social, recours au contrat, r\u00e9mun\u00e9ration, accompagnement des parcours. Durant toute cette ann\u00e9e, la CFDT n\u2019a pas pratiqu\u00e9 la \u00ab chaise vide \u00bb, elle a port\u00e9 ses revendications. Et lors de l\u2019examen de l\u2019avant-projet de loi, elle a d\u00e9pos\u00e9 plus d\u2019une centaine d\u2019amendements dont une trentaine ont \u00e9t\u00e9 retenus. Elle a tenu bon et n\u2019a pas abandonn\u00e9 le terrain malgr\u00e9 toutes les insuffisances du dialogue social.<\/p>\n<h3><span style=\"color: #ff6600;\">La CFDT a obtenu au cours de cette ann\u00e9e<\/span><\/h3>\n<ul>\n<li>L\u2019inscription \u00e0 l\u2019agenda social d\u2019un chantier sur l\u2019attractivit\u00e9 des m\u00e9tiers et les recrutements<\/li>\n<li>La restriction des d\u00e9parts volontaires aux seuls cas de restructuration de services<\/li>\n<li>Le renoncement \u00e0 l\u2019inscription dans la loi de mesures sur les r\u00e9mun\u00e9rations et notamment sur le m\u00e9rite individuel.<\/li>\n<li>Le maintien de l\u2019article 3 du statut g\u00e9n\u00e9ral qui garantit que les emplois permanents sont occup\u00e9s par des fonctionnaires<\/li>\n<li>La consolidation, et m\u00eame l\u2019\u00e9largissement des comp\u00e9tences des Comit\u00e9s Sociaux (qui se substitueront aux actuels CT), y compris des formations sp\u00e9cialis\u00e9es HSCT<\/li>\n<li>Des pr\u00e9cisions sur la gestion RH dont l\u2019information des Comit\u00e9s sociaux par un bilan annuel des mesures individuelles<\/li>\n<li>Une dur\u00e9e minimale du contrat de mission ainsi que des indemnit\u00e9s en cas de rupture anticip\u00e9e<\/li>\n<li>Un abaissement des seuils aux collectivit\u00e9s de 20 000 habitants (contre 40 000) pour la mise en place des plans d\u2019action sur l\u2019\u00e9galit\u00e9 professionnelle<\/li>\n<li>La garantie de proc\u00e9dures et de r\u00e8gles d\u2019organisation des mutations et des promotions transparentes, et valid\u00e9es par les instances<\/li>\n<li>Le d\u00e9veloppement du dialogue social et de la n\u00e9gociation en local, y compris en accompagnant et en formant les coll\u00e8gues en situation d\u2019encadrement<\/li>\n<li>La garantie du respect des droits des agents en associant les organisations syndicales repr\u00e9sentatives au suivi des mesures de r\u00e9organisation des services<\/li>\n<\/ul>\n<h3><span style=\"color: #ff6600;\">La CFDT n\u2019a pas accept\u00e9<\/span><\/h3>\n<ul>\n<li>L\u2019\u00e9largissement du recours aux contractuels<\/li>\n<li>La mise en oeuvre d\u2019un contrat de mission d\u2019une dur\u00e9e de six ans non renouvelables<\/li>\n<li>La fusion des CT et CHSCT<\/li>\n<li>La suppression de la comp\u00e9tence des CAP, notamment sur les promotions<\/li>\n<\/ul>\n<p>En cons\u00e9quence la CFDT a d\u00e9cid\u00e9 de voter contre le projet de loi.<br \/>\nLa CFDT est, et restera, mobilis\u00e9e lors de l\u2019examen du projet de loi par les parlementaires et lors de l\u2019\u00e9laboration des d\u00e9crets qui mettront la loi en \u0153uvre.<\/p>\n<p><a href=\"https:\/\/cfdt-recherche-epst.org\/wp-content\/uploads\/2019\/03\/2019-03-19-tract-PJL-transformation-FP-1.pdf\">T\u00e9l\u00e9charger le tract ici<\/a><\/p>\n","protected":false},"excerpt":{"rendered":"<p>Publi\u00e9 le 18\/03\/2019\u00a0Par CFDT-Fonctions publiques Le conseil commun de la Fonction publique (CCFP) r\u00e9uni le vendredi 15 mars a examin\u00e9 l\u2019avant-projet de loi sur la transformation de la Fonction publique ainsi que les quelque cent amendements d\u00e9pos\u00e9s par la CFDT.\u00a0Apr\u00e8s quatorze heures de d\u00e9bats, malgr\u00e9 quelques avanc\u00e9es, la CFDT a<\/p>\n","protected":false},"author":19,"featured_media":0,"comment_status":"closed","ping_status":"open","sticky":false,"template":"","format":"standard","meta":{"footnotes":""},"categories":[5],"tags":[],"class_list":["post-12085","post","type-post","status-publish","format-standard","hentry","category-epst","ct-col-2"],"amp_enabled":true,"_links":{"self":[{"href":"https:\/\/cfdt-recherche-epst.org\/index.php?rest_route=\/wp\/v2\/posts\/12085","targetHints":{"allow":["GET"]}}],"collection":[{"href":"https:\/\/cfdt-recherche-epst.org\/index.php?rest_route=\/wp\/v2\/posts"}],"about":[{"href":"https:\/\/cfdt-recherche-epst.org\/index.php?rest_route=\/wp\/v2\/types\/post"}],"author":[{"embeddable":true,"href":"https:\/\/cfdt-recherche-epst.org\/index.php?rest_route=\/wp\/v2\/users\/19"}],"replies":[{"embeddable":true,"href":"https:\/\/cfdt-recherche-epst.org\/index.php?rest_route=%2Fwp%2Fv2%2Fcomments&post=12085"}],"version-history":[{"count":6,"href":"https:\/\/cfdt-recherche-epst.org\/index.php?rest_route=\/wp\/v2\/posts\/12085\/revisions"}],"predecessor-version":[{"id":12092,"href":"https:\/\/cfdt-recherche-epst.org\/index.php?rest_route=\/wp\/v2\/posts\/12085\/revisions\/12092"}],"wp:attachment":[{"href":"https:\/\/cfdt-recherche-epst.org\/index.php?rest_route=%2Fwp%2Fv2%2Fmedia&parent=12085"}],"wp:term":[{"taxonomy":"category","embeddable":true,"href":"https:\/\/cfdt-recherche-epst.org\/index.php?rest_route=%2Fwp%2Fv2%2Fcategories&post=12085"},{"taxonomy":"post_tag","embeddable":true,"href":"https:\/\/cfdt-recherche-epst.org\/index.php?rest_route=%2Fwp%2Fv2%2Ftags&post=12085"}],"curies":[{"name":"wp","href":"https:\/\/api.w.org\/{rel}","templated":true}]}}