{"id":12156,"date":"2019-03-20T19:00:32","date_gmt":"2019-03-20T17:00:32","guid":{"rendered":"https:\/\/epst-sgen-cfdt.org\/?p=12156"},"modified":"2019-03-26T19:04:41","modified_gmt":"2019-03-26T17:04:41","slug":"allonger-la-duree-de-travail-si-cetait-un-ballon-dessai-cest-une-sacree-erreur","status":"publish","type":"post","link":"https:\/\/cfdt-recherche-epst.org\/?p=12156","title":{"rendered":"\u00ab Allonger la dur\u00e9e de travail \u00bb ? \u00ab Si c\u2019\u00e9tait un ballon d\u2019essai, c\u2019est une sacr\u00e9e erreur \u00bb"},"content":{"rendered":"<div class=\"metas col-xs-48 col-sm-32\">\n<div class=\"date\">Publi\u00e9 le 20\/03\/2019\u00a0Par CFDT-Fonctions publiques<\/div>\n<div>\n<div class=\"intro\">\n<div class=\"wysiwyg classic\">\n<p>L&rsquo;Obs &#8211; 18 mars 2019 &#8211; Claude Soula<\/p>\n<p>La ministre de la Sant\u00e9 Agn\u00e8s Buzyn a dit vouloir \u00ab\u00a0proposer un allongement de la dur\u00e9e de travail\u00a0\u00bb. La CFDT menace de claquer la porte des n\u00e9gociations en cours faute de clarification officielle.<\/p>\n<\/div>\n<\/div>\n<div class=\"img\">Fr\u00e9d\u00e9ric S\u00e8ve est le secr\u00e9taire national de la CFDT, charg\u00e9 notamment de la politique sur les retraites. Il fait partie des interlocuteurs de\u00a0Jean-Paul Delevoye, le haut-commissaire du gouvernement charg\u00e9 de piloter la r\u00e9forme des retraites, et la\u00a0mise en place d\u2019un r\u00e9gime par points. Il a \u00e9t\u00e9 tr\u00e8s surpris d\u2019entendre Agn\u00e8s Buzyn, la ministre des Solidarit\u00e9s et de la Sant\u00e9, revenir sur une des promesses officielles du gouvernement et d\u2019Emmanuel Macron\u00a0et souhaiter\u00a0<em>\u00ab\u00a0proposer un allongement de la dur\u00e9e de travail\u00a0\u00bb<\/em>\u00a0lors des discussions avec les partenaires sociaux. Il explique sa position \u00e0 \u00ab\u00a0l\u2019Obs\u00a0\u00bb.<\/div>\n<div class=\"wysiwyg classic\">\n<p><strong>Le gouvernement est-il en train de changer sa position sur la\u00a0r\u00e9forme en cours\u00a0?<\/strong><\/p>\n<p>J\u2019ai du mal \u00e0 analyser les d\u00e9clarations de la ministre\u00a0: les r\u00e9gimes de retraite n\u2019ont pas besoin d\u2019\u00eatre revus avant 2030 ou 2040 au moins. L\u2019augmentation de l\u2019esp\u00e9rance de vie est un probl\u00e8me qui a d\u00e9j\u00e0 \u00e9t\u00e9 r\u00e9gl\u00e9 par les r\u00e9formes pr\u00e9c\u00e9dentes, particuli\u00e8rement par celle conduite par Marisol Touraine en\u00a02013\u00a0<em>[elle pr\u00e9voit une augmentation de la dur\u00e9e des cotations d\u2019un trimestre, tous les trois\u00a0ans, jusqu\u2019\u00e0 2035\u00a0: il faudra alors cotiser pendant 43\u00a0ans pour avoir une retraite \u00e0 taux plein, contre 41,5 ans avant la r\u00e9forme, NDLR]<\/em>. Donc, Agn\u00e8s Buzyn est hors sujet quand elle revient sur ce point.<\/p>\n<p><strong>C\u2019est une remise en cause des engagements officiels\u00a0?<\/strong><\/p>\n<p>Il a \u00e9t\u00e9 dit et redit ces derniers mois, notamment par Agn\u00e8s Buzyn en octobre, et avant elle par le pr\u00e9sident de la R\u00e9publique en personne, que la r\u00e9forme en cours, men\u00e9e par Jean-Paul Delevoye, ne visait pas \u00e0 faire des \u00e9conomies, ni \u00e0 revenir sur la question de l\u2019\u00e2ge. Donc, non seulement Agn\u00e8s Buzyn est hors sujet, mais en plus, elle est en d\u00e9calage sur ses propres engagements. Je ne sais pas ce que \u00e7a cache. Est-ce une question budg\u00e9taire\u00a0? On l\u2019avait vu au d\u00e9but du quinquennat avec les changements sur l\u2019indexation des pensions\u00a0: il est facile de d\u00e9gager quelques milliards pour les finances publiques en bougeant l\u00e9g\u00e8rement le curseur, mais ces mouvements sont scandaleux car les r\u00e9gimes de retraite ne posent pas de probl\u00e8me d\u2019\u00e9quilibre aux finances publiques. Si on continue ce type de r\u00e9formes, on aboutira \u00e0 d\u00e9gager des exc\u00e9dents. A quoi cela servirait-il puisque le Parlement s\u2019est engag\u00e9 \u00e0 ne pas les ponctionner pour les reverser dans le budget g\u00e9n\u00e9ral\u00a0?<\/p>\n<p><strong>Le r\u00e9gime de retraite fran\u00e7ais est-il vraiment si favorable\u00a0?<\/strong><\/p>\n<p>Ce qui est r\u00e9current, c\u2019est que ce d\u00e9bat ressurgit tous les trois ou quatre mois\u00a0: on nous dit que les Fran\u00e7ais partent plus t\u00f4t \u00e0 la retraite que leurs voisins europ\u00e9ens. Mais si on se compare aux autres, alors il faut aussi regarder le reste\u00a0: d\u2019abord, le taux de pauvret\u00e9 en France des plus de 65\u00a0ans est inf\u00e9rieur \u00e0 ce qu\u2019il est dans les autres pays. Veut-on aussi revenir l\u00e0-dessus\u00a0? Et ensuite, notre taux de natalit\u00e9 est sup\u00e9rieur \u00e0 celui de la plupart des pays, et c\u2019est aussi cela qui permet \u00e0 notre r\u00e9gime de retraite d\u2019\u00eatre plus favorable. La remise en question de l\u2019\u00e2ge de d\u00e9part a donc tout d\u2019une fausse alerte. Jean-Paul Delevoye a d\u00e9j\u00e0 fait part de sa surprise sur ces propos.<\/p>\n<p>La parole du pr\u00e9sident de la R\u00e9publique \u00e9tait claire sur ces questions\u00a0: il n\u2019est pas question de revenir sur l\u2019\u00e2ge minimal de d\u00e9part fix\u00e9 \u00e0 62\u00a0ans et il n\u2019est pas question non plus, je le r\u00e9p\u00e8te, de faire des \u00e9conomies. Remettre ce d\u00e9bat sur la table est d\u2019autant plus une mauvaise id\u00e9e que la d\u00e9claration initiale de la ministre \u2013 qui souhaite revenir sur la dur\u00e9e de cotisation \u2013 a vite \u00e9t\u00e9 d\u00e9form\u00e9e dans les commentaires en \u00ab\u00a0allongement de l\u2019\u00e2ge du d\u00e9part \u00e0 la retraite\u00a0\u00bb. Et \u00e7a, c\u2019est un autre param\u00e8tre, compl\u00e8tement diff\u00e9rent\u00a0: ce serait in\u00e9quitable pour tous ceux qui ont commenc\u00e9 \u00e0 travailler jeune. Et pour nous \u00e0 la CFDT, ce serait scandaleux.<\/p>\n<p><strong>Allez-vous continuer \u00e0 n\u00e9gocier avec le gouvernement\u00a0?<\/strong><\/p>\n<p>Si nous d\u00e9tricotons en mars tout ce qui nous a \u00e9t\u00e9 promis en octobre, nous arr\u00eatons les discussions avec le gouvernement. Et si c\u2019\u00e9tait un simple ballon d\u2019essai de la ministre, alors c\u2019\u00e9tait une sacr\u00e9e erreur. Pour faire douter de la sinc\u00e9rit\u00e9 du gouvernement, c\u2019\u00e9tait sans doute la meilleure fa\u00e7on de s\u2019y prendre. Nous attendons donc une clarification officielle le plus vite possible.<\/p>\n<p>Claude Soula<\/p>\n<\/div>\n<\/div>\n<\/div>\n","protected":false},"excerpt":{"rendered":"<p>Publi\u00e9 le 20\/03\/2019\u00a0Par CFDT-Fonctions publiques L&rsquo;Obs &#8211; 18 mars 2019 &#8211; Claude Soula La ministre de la Sant\u00e9 Agn\u00e8s Buzyn a dit vouloir \u00ab\u00a0proposer un allongement de la dur\u00e9e de travail\u00a0\u00bb. La CFDT menace de claquer la porte des n\u00e9gociations en cours faute de clarification officielle. Fr\u00e9d\u00e9ric S\u00e8ve est le<\/p>\n","protected":false},"author":19,"featured_media":0,"comment_status":"closed","ping_status":"open","sticky":false,"template":"","format":"standard","meta":{"footnotes":""},"categories":[5],"tags":[35],"class_list":["post-12156","post","type-post","status-publish","format-standard","hentry","category-epst","tag-retraite","ct-col-2"],"amp_enabled":true,"_links":{"self":[{"href":"https:\/\/cfdt-recherche-epst.org\/index.php?rest_route=\/wp\/v2\/posts\/12156","targetHints":{"allow":["GET"]}}],"collection":[{"href":"https:\/\/cfdt-recherche-epst.org\/index.php?rest_route=\/wp\/v2\/posts"}],"about":[{"href":"https:\/\/cfdt-recherche-epst.org\/index.php?rest_route=\/wp\/v2\/types\/post"}],"author":[{"embeddable":true,"href":"https:\/\/cfdt-recherche-epst.org\/index.php?rest_route=\/wp\/v2\/users\/19"}],"replies":[{"embeddable":true,"href":"https:\/\/cfdt-recherche-epst.org\/index.php?rest_route=%2Fwp%2Fv2%2Fcomments&post=12156"}],"version-history":[{"count":3,"href":"https:\/\/cfdt-recherche-epst.org\/index.php?rest_route=\/wp\/v2\/posts\/12156\/revisions"}],"predecessor-version":[{"id":12159,"href":"https:\/\/cfdt-recherche-epst.org\/index.php?rest_route=\/wp\/v2\/posts\/12156\/revisions\/12159"}],"wp:attachment":[{"href":"https:\/\/cfdt-recherche-epst.org\/index.php?rest_route=%2Fwp%2Fv2%2Fmedia&parent=12156"}],"wp:term":[{"taxonomy":"category","embeddable":true,"href":"https:\/\/cfdt-recherche-epst.org\/index.php?rest_route=%2Fwp%2Fv2%2Fcategories&post=12156"},{"taxonomy":"post_tag","embeddable":true,"href":"https:\/\/cfdt-recherche-epst.org\/index.php?rest_route=%2Fwp%2Fv2%2Ftags&post=12156"}],"curies":[{"name":"wp","href":"https:\/\/api.w.org\/{rel}","templated":true}]}}