{"id":12248,"date":"2019-04-05T16:11:57","date_gmt":"2019-04-05T14:11:57","guid":{"rendered":"https:\/\/epst-sgen-cfdt.org\/?p=12248"},"modified":"2019-04-29T11:41:34","modified_gmt":"2019-04-29T09:41:34","slug":"mobilisation-du-9-mai-la-cfdt-sera-presente","status":"publish","type":"post","link":"https:\/\/cfdt-recherche-epst.org\/?p=12248","title":{"rendered":"Mobilisation du 9 mai : La CFDT sera pr\u00e9sente"},"content":{"rendered":"<p><a href=\"https:\/\/www.cfdt.fr\/portail\/actualites\/les-fonctions-publiques\/mobilisation-unitaire-le-9-mai-dans-les-fonctions-publiques-srv1_673112\">Communiqu\u00e9 de presse UFFA du 5 avril 2019<\/a>*<\/p>\n<p>Apr\u00e8s une ann\u00e9e de concertation, apr\u00e8s plus d\u2019une centaine d\u2019amendements d\u00e9pos\u00e9s et examin\u00e9s dans les trois conseils sup\u00e9rieurs et au Conseil commun de la Fonction publique, <strong>la CFDT Fonctions publiques constate que les \u00e9volutions qu\u2019elle a pu imposer aux intentions initiales du Gouvernement ont \u00e9t\u00e9\u00a0 insuffisantes.<\/strong><\/p>\n<p>Le Gouvernement a notamment refus\u00e9 de revenir sur ses positions relatives aux instances de dialogue social, particuli\u00e8rement celles traitant des questions individuelles (CAP), a refus\u00e9 de restreindre le recours au contrat, n\u2019est pas all\u00e9 suffisamment loin sur les garanties permettant de lutter contre la pr\u00e9carit\u00e9, ni sur celles encadrant le contrat de mission, et ne s\u2019est pas engag\u00e9 sur sa volont\u00e9 de rendre obligatoire la participation des employeurs \u00e0 la protection sociale compl\u00e9mentaire.<\/p>\n<p>Sur la base de ce constat, <strong>la CFDT Fonctions publiques a d\u2019abord vot\u00e9 contre le projet de texte<\/strong> \u00e0 l\u2019issue du Conseil commun du 15 mars dernier.<\/p>\n<p>Depuis, la CFDT continue de porter ses propositions et revendications aupr\u00e8s des parlementaires.<\/p>\n<p><strong>Aujourd\u2019hui, elle appelle l\u2019ensemble des agents, fonctionnaires et contractuels, \u00e0 se mobiliser le 9 mai, y compris par la gr\u00e8ve, afin de faire savoir au Gouvernement et aux parlementaires qu\u2019ils attendent autre chose en mati\u00e8re de respect du statut, en mati\u00e8re de reconnaissance de leur travail et de leur engagement au service de l\u2019int\u00e9r\u00eat g\u00e9n\u00e9ral, en mati\u00e8re de qualit\u00e9 du dialogue social et de respect de la n\u00e9gociation, en mati\u00e8re d\u2019accompagnement et d\u2019anticipation des transformations, en mati\u00e8re de conditions d\u2019emploi et de r\u00e9mun\u00e9rations pour toutes et tous.<\/strong><\/p>\n<p><span style=\"color: #0000ff;\"><a style=\"color: #0000ff;\" href=\"https:\/\/cfdt-recherche-epst.org\/wp-content\/uploads\/2019\/04\/2019-04-05-CP-3-Uffa-CFDT-1.pdf\">*Communiqu\u00e9 de presse UFFA : 2019 04 05 CP 3 Uffa CFDT-1<\/a><\/span><\/p>\n<p><span style=\"color: #0000ff;\"><a style=\"color: #0000ff;\" href=\"https:\/\/uffa.cfdt.fr\/portail\/uffa\/salle-de-presse\/l-uffa-dans-les-medias\/projet-de-loi-fonction-publique-revue-de-presse-srv1_672629?preview=true&amp;stateChanged=true&amp;utm_source=sendinblue&amp;utm_campaign=FPI_n_35_du_jeudi_4_avril_2019&amp;utm_medium=email\">voir la revue de presse sur le site de l&rsquo;UFFA<\/a><\/span><\/p>\n<p><span style=\"color: #0000ff;\"><a style=\"color: #0000ff;\" href=\"https:\/\/cfdt-recherche-epst.org\/wp-content\/uploads\/2019\/04\/90-2019-preavis-9-mai-premier-ministre.pdf\">Pr\u00e9avis pour le 9 mai : 90 2019 preavis 9 mai premier ministre<\/a><\/span><\/p>\n<p>&nbsp;<\/p>\n<hr \/>\n<p><strong><a href=\"https:\/\/cfdt-recherche-epst.org\/wp-content\/uploads\/2019\/03\/2019-03-19-tract-PJL-transformation-FP-1.pdf\">T\u00e9l\u00e9charger le tract \u00ab\u00a0projet de loi Fonction publique &#8211; la CFDT vote contre<\/a><\/strong>voir l&rsquo;article : <a href=\"https:\/\/cfdt-recherche-epst.org\/?p=12085\">Projet de loi Fonction publique : trop peu d\u2019avanc\u00e9es, la CFDT vote contre !<\/a><\/p>\n","protected":false},"excerpt":{"rendered":"<p>Communiqu\u00e9 de presse UFFA du 5 avril 2019* Apr\u00e8s une ann\u00e9e de concertation, apr\u00e8s plus d\u2019une centaine d\u2019amendements d\u00e9pos\u00e9s et examin\u00e9s dans les trois conseils sup\u00e9rieurs et au Conseil commun de la Fonction publique, la CFDT Fonctions publiques constate que les \u00e9volutions qu\u2019elle a pu imposer aux intentions initiales du<\/p>\n","protected":false},"author":19,"featured_media":0,"comment_status":"closed","ping_status":"open","sticky":false,"template":"","format":"standard","meta":{"footnotes":""},"categories":[5],"tags":[179],"class_list":["post-12248","post","type-post","status-publish","format-standard","hentry","category-epst","tag-fonction-publique","ct-col-2"],"amp_enabled":true,"_links":{"self":[{"href":"https:\/\/cfdt-recherche-epst.org\/index.php?rest_route=\/wp\/v2\/posts\/12248","targetHints":{"allow":["GET"]}}],"collection":[{"href":"https:\/\/cfdt-recherche-epst.org\/index.php?rest_route=\/wp\/v2\/posts"}],"about":[{"href":"https:\/\/cfdt-recherche-epst.org\/index.php?rest_route=\/wp\/v2\/types\/post"}],"author":[{"embeddable":true,"href":"https:\/\/cfdt-recherche-epst.org\/index.php?rest_route=\/wp\/v2\/users\/19"}],"replies":[{"embeddable":true,"href":"https:\/\/cfdt-recherche-epst.org\/index.php?rest_route=%2Fwp%2Fv2%2Fcomments&post=12248"}],"version-history":[{"count":9,"href":"https:\/\/cfdt-recherche-epst.org\/index.php?rest_route=\/wp\/v2\/posts\/12248\/revisions"}],"predecessor-version":[{"id":12462,"href":"https:\/\/cfdt-recherche-epst.org\/index.php?rest_route=\/wp\/v2\/posts\/12248\/revisions\/12462"}],"wp:attachment":[{"href":"https:\/\/cfdt-recherche-epst.org\/index.php?rest_route=%2Fwp%2Fv2%2Fmedia&parent=12248"}],"wp:term":[{"taxonomy":"category","embeddable":true,"href":"https:\/\/cfdt-recherche-epst.org\/index.php?rest_route=%2Fwp%2Fv2%2Fcategories&post=12248"},{"taxonomy":"post_tag","embeddable":true,"href":"https:\/\/cfdt-recherche-epst.org\/index.php?rest_route=%2Fwp%2Fv2%2Ftags&post=12248"}],"curies":[{"name":"wp","href":"https:\/\/api.w.org\/{rel}","templated":true}]}}