{"id":12342,"date":"2019-04-17T10:11:42","date_gmt":"2019-04-17T08:11:42","guid":{"rendered":"https:\/\/epst-sgen-cfdt.org\/?p=12342"},"modified":"2019-04-29T11:50:48","modified_gmt":"2019-04-29T09:50:48","slug":"leurope-protege-enfin-ses-lanceurs-dalerte","status":"publish","type":"post","link":"https:\/\/cfdt-recherche-epst.org\/?p=12342","title":{"rendered":"L\u2019Europe prot\u00e8ge enfin ses lanceurs d\u2019alerte !"},"content":{"rendered":"<div class=\"metas col-xs-48 col-sm-32\">\n<h4 class=\"date\">Publi\u00e9 le 17\/04\/2019<\/h4>\n<div class=\"auteur\">Par Philippe Portier, secr\u00e9taire national de la CFDT et Laurent Mahieu, secr\u00e9taire g\u00e9n\u00e9ral de la CFDT Cadres<\/div>\n<div><\/div>\n<\/div>\n<div><a href=\"https:\/\/www.cfdt.fr\/portail\/presse\/communiques-de-presse\/union-europeenne-l-europe-protege-enfin-ses-lanceurs-d-alerte-srv2_674501\"><span style=\"color: #000025;\"><span style=\"color: #0000ff;\">L<span style=\"color: #0000ff;\">ire l&rsquo;article ici<\/span><\/span><\/span><\/a><\/div>\n<p>La directive en faveur d&rsquo;un droit et d\u2019une protection des lanceurs d\u2019alerte a \u00e9t\u00e9 adopt\u00e9e mardi 16 avril par le Parlement europ\u00e9en \u00e0 une large majorit\u00e9.<\/p>\n<p><strong>\u00a0<\/strong><strong>Avec ce texte, le Parlement europ\u00e9en fait avancer la libert\u00e9 d\u2019expression, la d\u00e9mocratie, la transparence et la d\u00e9fense de l\u2019int\u00e9r\u00eat g\u00e9n\u00e9ral, valeurs auxquelles la CFDT est profond\u00e9ment attach\u00e9e. <\/strong>Depuis 20 ans, la CFDT est engag\u00e9e en faveur du droit et de la protection des lanceurs d\u2019alerte.<\/p>\n<p>Le texte pr\u00e9voit une protection harmonis\u00e9e des lanceurs d\u2019alerte dans les 27 pays de l&rsquo;Union europ\u00e9enne. Seuls 10 Etats membres b\u00e9n\u00e9ficient aujourd\u2019hui d\u2019une protection avanc\u00e9e. Or, sans soutien, les lanceurs d\u2019alerte peuvent \u00eatre isol\u00e9s et faire l\u2019objet de repr\u00e9sailles.<\/p>\n<p>La directive facilite le signalement des activit\u00e9s ill\u00e9gales ou contraires aux objectifs ou finalit\u00e9s des l\u00e9gislations de l\u2019Union europ\u00e9enne, reconnait et prot\u00e8ge les syndicats dans leur r\u00f4le de soutien des lanceurs d\u2019alerte. La CFDT se r\u00e9jouit qu\u2019ils ne soient pas contraints de signaler une infraction d\u2019abord en interne, mais puissent directement alerter en externe les autorit\u00e9s comp\u00e9tentes ou les m\u00e9dias.<\/p>\n<p>Fraude fiscale, corruption, sant\u00e9 publique, s\u00e9curit\u00e9 : le r\u00f4le des lanceurs d&rsquo;alerte est d\u00e9cisif. A la veille des \u00e9lections europ\u00e9ennes, la CFDT se f\u00e9licite de ce texte qui fait de la protection des citoyens une priorit\u00e9.<\/p>\n<p>Communiqu\u00e9 de presse CFDT du 17 avril 2019 <a href=\"https:\/\/cfdt-recherche-epst.org\/wp-content\/uploads\/2019\/04\/com_24_-_lanceurs_dalerte_2019-04-17_10-17-45_563.pdf\">\u00e0 t\u00e9l\u00e9charger ici com_24_-_lanceurs_dalerte_2019-04-17_10-17-45_563<\/a><\/p>\n<p style=\"text-align: center;\">&#8212;&#8212;&#8212;&#8212;&#8212;&#8212;&#8212;&#8212;-<\/p>\n<p>&nbsp;<\/p>\n","protected":false},"excerpt":{"rendered":"<p>Publi\u00e9 le 17\/04\/2019 Par Philippe Portier, secr\u00e9taire national de la CFDT et Laurent Mahieu, secr\u00e9taire g\u00e9n\u00e9ral de la CFDT Cadres Lire l&rsquo;article ici La directive en faveur d&rsquo;un droit et d\u2019une protection des lanceurs d\u2019alerte a \u00e9t\u00e9 adopt\u00e9e mardi 16 avril par le Parlement europ\u00e9en \u00e0 une large majorit\u00e9. \u00a0Avec<\/p>\n","protected":false},"author":19,"featured_media":0,"comment_status":"closed","ping_status":"open","sticky":false,"template":"","format":"standard","meta":{"footnotes":""},"categories":[5],"tags":[],"class_list":["post-12342","post","type-post","status-publish","format-standard","hentry","category-epst","ct-col-2"],"amp_enabled":true,"_links":{"self":[{"href":"https:\/\/cfdt-recherche-epst.org\/index.php?rest_route=\/wp\/v2\/posts\/12342","targetHints":{"allow":["GET"]}}],"collection":[{"href":"https:\/\/cfdt-recherche-epst.org\/index.php?rest_route=\/wp\/v2\/posts"}],"about":[{"href":"https:\/\/cfdt-recherche-epst.org\/index.php?rest_route=\/wp\/v2\/types\/post"}],"author":[{"embeddable":true,"href":"https:\/\/cfdt-recherche-epst.org\/index.php?rest_route=\/wp\/v2\/users\/19"}],"replies":[{"embeddable":true,"href":"https:\/\/cfdt-recherche-epst.org\/index.php?rest_route=%2Fwp%2Fv2%2Fcomments&post=12342"}],"version-history":[{"count":5,"href":"https:\/\/cfdt-recherche-epst.org\/index.php?rest_route=\/wp\/v2\/posts\/12342\/revisions"}],"predecessor-version":[{"id":12467,"href":"https:\/\/cfdt-recherche-epst.org\/index.php?rest_route=\/wp\/v2\/posts\/12342\/revisions\/12467"}],"wp:attachment":[{"href":"https:\/\/cfdt-recherche-epst.org\/index.php?rest_route=%2Fwp%2Fv2%2Fmedia&parent=12342"}],"wp:term":[{"taxonomy":"category","embeddable":true,"href":"https:\/\/cfdt-recherche-epst.org\/index.php?rest_route=%2Fwp%2Fv2%2Fcategories&post=12342"},{"taxonomy":"post_tag","embeddable":true,"href":"https:\/\/cfdt-recherche-epst.org\/index.php?rest_route=%2Fwp%2Fv2%2Ftags&post=12342"}],"curies":[{"name":"wp","href":"https:\/\/api.w.org\/{rel}","templated":true}]}}