{"id":12354,"date":"2019-04-17T13:42:44","date_gmt":"2019-04-17T11:42:44","guid":{"rendered":"https:\/\/epst-sgen-cfdt.org\/?p=12354"},"modified":"2019-04-17T17:05:29","modified_gmt":"2019-04-17T15:05:29","slug":"elections-2019-caes-inserm-decouvrez-nos-engagements-votez-sgen-cfdt","status":"publish","type":"post","link":"https:\/\/cfdt-recherche-epst.org\/?p=12354","title":{"rendered":"\u00c9lections 2019 CAES Inserm : D\u00e9couvrez nos engagements &#8211; Votez Sgen-CFDT"},"content":{"rendered":"<p><img loading=\"lazy\" decoding=\"async\" class=\"alignleft wp-image-2665\" src=\"https:\/\/cfdt-recherche-epst.org\/wp-content\/uploads\/2018\/05\/XXXX1\" alt=\"\" width=\"150\" height=\"150\" \/><img loading=\"lazy\" decoding=\"async\" class=\"size-thumbnail wp-image-12355 alignright\" src=\"https:\/\/cfdt-recherche-epst.org\/wp-content\/uploads\/2019\/04\/Sengager-pour-chacun-agir-pour-tous-150x150.jpg\" alt=\"\" width=\"150\" height=\"150\" \/><\/p>\n<h3 style=\"text-align: center;\"><strong><span style=\"color: #ff6600;\">\u00c9lection pour le renouvellement du Cnas<\/span><\/strong><\/h3>\n<h2 style=\"text-align: center;\"><strong><span style=\"color: #ff6600;\">Comit\u00e9 national d&rsquo;action sociale du CAES Inserm<\/span><\/strong><\/h2>\n<h3 style=\"text-align: center;\"><span style=\"color: #ff6600;\">Mandat 2019 &#8211; 2023<\/span><\/h3>\n<p><img loading=\"lazy\" decoding=\"async\" class=\"alignleft size-thumbnail wp-image-12356\" src=\"https:\/\/cfdt-recherche-epst.org\/wp-content\/uploads\/2019\/04\/Oiseau-150x150.jpg\" alt=\"\" width=\"150\" height=\"150\" srcset=\"https:\/\/cfdt-recherche-epst.org\/wp-content\/uploads\/2019\/04\/Oiseau-150x150.jpg 150w, https:\/\/cfdt-recherche-epst.org\/wp-content\/uploads\/2019\/04\/Oiseau.jpg 225w\" sizes=\"auto, (max-width: 150px) 100vw, 150px\" \/><\/p>\n<p>&nbsp;<\/p>\n<p style=\"text-align: center;\"><span style=\"color: #002060;\">\u00c9lection \u00e0 1 seul tour &#8211; Cl\u00f4ture du scrutin le 9 mai 2019<\/span><\/p>\n<p style=\"text-align: center;\"><span style=\"color: #002060;\"><strong>Le mat\u00e9riel de vote <span style=\"color: #002060;\">arrive<\/span> dans votre bo\u00eete aux lettres<\/strong><\/span><\/p>\n<p style=\"text-align: center;\"><span style=\"color: #002060;\"><strong>Prenez en connaissance au plus vite<\/strong><\/span><\/p>\n<p>&nbsp;<\/p>\n<p style=\"text-align: center;\"><strong><img loading=\"lazy\" decoding=\"async\" class=\"alignleft size-full wp-image-12378\" src=\"https:\/\/cfdt-recherche-epst.org\/wp-content\/uploads\/2019\/04\/Attention-small.jpg\" alt=\"\" width=\"89\" height=\"59\" \/>D\u00e9couvrez les 9 secteurs du CAES Inserm ici Lien <\/strong><span style=\"color: #ff6600;\"><a href=\"https:\/\/cfdt-recherche-epst.org\/wp-content\/uploads\/2019\/04\/CAES-Inserm-P2-P3-PF-2019-23-FIN-Message1.pdf\"><span style=\"color: #ff6600;\">P.2-3 profession de foi <\/span><\/a><span style=\"color: #002060;\"><br \/>\n<\/span><strong><span style=\"color: #002060;\">avec les engagements prioritaires pris par le Sgen-CFDT.<\/span><\/strong><\/span><\/p>\n<p><strong><span style=\"color: #002060;\">Une fois \u00e9lus, vos candidats Sgen-CFDT<\/span><\/strong><a href=\"https:\/\/cfdt-recherche-epst.org\/wp-content\/uploads\/2019\/04\/CAES-Inserm-Projet-P4-PF-2019-Message1.pdf\"><span style=\"color: #002060;\"> <span style=\"color: #ff6600;\">Lien P.4 profession de foi<\/span><\/span><\/a> <span style=\"color: #002060;\">auront \u00e0 c\u0153ur la poursuite des actions qu&rsquo;ils ont d\u00e9velopp\u00e9es et port\u00e9es durant les mandats pr\u00e9c\u00e9dents :<\/span><\/p>\n<ul>\n<li style=\"text-align: justify;\"><span style=\"color: #002060;\">autour des <strong>CLAS<\/strong>, avec une volont\u00e9 et une implication forte de l\u2019\u00e9lue SGEN de ce secteur\u00a0; notamment par un soutien logistique constant, par sa mobilisation lors des AG et une aide efficace \u00e0 la mise en place de nouveaux bureaux et, sp\u00e9cialement pour ceux en difficult\u00e9, l\u2019organisation de suivi et de r\u00e9unions sur sites, mais se soldant parfois par une fermeture regrettable, <em>comme \u00e0 Nancy<\/em>, faute d\u2019\u00e9lus suffisamment investis sur place\u2026<\/span><\/li>\n<\/ul>\n<p><span style=\"color: #002060;\">A noter\u00a0: relevant de ce secteur, la nouvelle \u00ab\u00a0billetterie en ligne\u00a0\u00bb ouverte \u00e0 tous les agents, actifs comme retrait\u00e9s\u2026\u00a0<\/span><\/p>\n<ul>\n<li style=\"text-align: justify;\"><span style=\"color: #002060;\">dans <strong>leurs secteurs<\/strong>, avec force et d\u00e9termination, tels que <strong>\u00ab\u00a0Jeunesse\u00a0\u00bb<\/strong> aux th\u00e8mes originaux et attrayants\u00a0; <strong>\u00ab\u00a0Vacances\u00a0\u00bb<\/strong> et ses nouveaux accueils paysans et centres Utopia\u00a0; <strong>\u00ab\u00a0Sport\u00a0\u00bb<\/strong> soucieux d\u2019une grande diversit\u00e9 sportive\u00a0; <strong>\u00ab\u00a0Retrait\u00e9s\u00a0\u00bb<\/strong> au succ\u00e8s grandissant des retrouvailles annuelles.<\/span><\/li>\n<\/ul>\n<p style=\"text-align: justify;\"><span style=\"color: #002060;\">Dans les limites d\u2019une l\u00e9gislation, de mesures fiscales ou budg\u00e9taires quelquefois contraignantes ne permettant pas toujours des choix \u00ab tous azimuts\u00bb, les \u00e9lus Sgen-CFDT, majoritaires depuis la cr\u00e9ation du CAES, ont sans cesse eu le souci de proposer des activit\u00e9s attractives r\u00e9pondant au plus grand nombre.<\/span><\/p>\n<h3 style=\"padding-left: 360px;\"><span style=\"color: #ff6600;\">N&rsquo;attendez pas !<img loading=\"lazy\" decoding=\"async\" class=\"alignright wp-image-2665 size-full\" src=\"https:\/\/cfdt-recherche-epst.org\/wp-content\/uploads\/2018\/05\/XXXX1\" alt=\"\" width=\"128\" height=\"128\" \/><\/span><\/h3>\n<h3 style=\"padding-left: 200px;\"><span style=\"color: #ff6600;\"><img loading=\"lazy\" decoding=\"async\" class=\"alignleft size-full wp-image-12373\" src=\"https:\/\/cfdt-recherche-epst.org\/wp-content\/uploads\/2019\/04\/Avec-nous-donnez-de-la-voix-1.png\" alt=\"\" width=\"143\" height=\"47\" \/>Votez !<br \/>\n<\/span><\/h3>\n<h3 style=\"padding-left: 360px;\"><span style=\"color: #ff6600;\">Faites voter pour le <\/span><\/h3>\n<p>&nbsp;<\/p>\n","protected":false},"excerpt":{"rendered":"<p>\u00c9lection pour le renouvellement du Cnas Comit\u00e9 national d&rsquo;action sociale du CAES Inserm Mandat 2019 &#8211; 2023 &nbsp; \u00c9lection \u00e0 1 seul tour &#8211; Cl\u00f4ture du scrutin le 9 mai 2019 Le mat\u00e9riel de vote arrive dans votre bo\u00eete aux lettres Prenez en connaissance au plus vite &nbsp; D\u00e9couvrez les<\/p>\n","protected":false},"author":19,"featured_media":0,"comment_status":"closed","ping_status":"open","sticky":false,"template":"","format":"standard","meta":{"footnotes":""},"categories":[5],"tags":[],"class_list":["post-12354","post","type-post","status-publish","format-standard","hentry","category-epst","ct-col-2"],"amp_enabled":true,"_links":{"self":[{"href":"https:\/\/cfdt-recherche-epst.org\/index.php?rest_route=\/wp\/v2\/posts\/12354","targetHints":{"allow":["GET"]}}],"collection":[{"href":"https:\/\/cfdt-recherche-epst.org\/index.php?rest_route=\/wp\/v2\/posts"}],"about":[{"href":"https:\/\/cfdt-recherche-epst.org\/index.php?rest_route=\/wp\/v2\/types\/post"}],"author":[{"embeddable":true,"href":"https:\/\/cfdt-recherche-epst.org\/index.php?rest_route=\/wp\/v2\/users\/19"}],"replies":[{"embeddable":true,"href":"https:\/\/cfdt-recherche-epst.org\/index.php?rest_route=%2Fwp%2Fv2%2Fcomments&post=12354"}],"version-history":[{"count":10,"href":"https:\/\/cfdt-recherche-epst.org\/index.php?rest_route=\/wp\/v2\/posts\/12354\/revisions"}],"predecessor-version":[{"id":12395,"href":"https:\/\/cfdt-recherche-epst.org\/index.php?rest_route=\/wp\/v2\/posts\/12354\/revisions\/12395"}],"wp:attachment":[{"href":"https:\/\/cfdt-recherche-epst.org\/index.php?rest_route=%2Fwp%2Fv2%2Fmedia&parent=12354"}],"wp:term":[{"taxonomy":"category","embeddable":true,"href":"https:\/\/cfdt-recherche-epst.org\/index.php?rest_route=%2Fwp%2Fv2%2Fcategories&post=12354"},{"taxonomy":"post_tag","embeddable":true,"href":"https:\/\/cfdt-recherche-epst.org\/index.php?rest_route=%2Fwp%2Fv2%2Ftags&post=12354"}],"curies":[{"name":"wp","href":"https:\/\/api.w.org\/{rel}","templated":true}]}}