{"id":12423,"date":"2019-04-25T10:15:45","date_gmt":"2019-04-25T08:15:45","guid":{"rendered":"https:\/\/epst-sgen-cfdt.org\/?p=12423"},"modified":"2024-09-23T07:22:51","modified_gmt":"2024-09-23T06:22:51","slug":"grand-debat-national-diagnostic-partage-changement-de-cap-a-confirmer","status":"publish","type":"post","link":"https:\/\/cfdt-recherche-epst.org\/?p=12423","title":{"rendered":"Grand d\u00e9bat national : diagnostic partag\u00e9, changement de cap \u00e0 confirmer"},"content":{"rendered":"<div class=\"metas col-xs-48 col-sm-32\">\n<div class=\"date\">Publi\u00e9 le 25\/04\/2019<\/div>\n<div class=\"auteur\">Par Commission ex\u00e9cutive de la CFDT<\/div>\n<div>\u00a0<a href=\"https:\/\/www.cfdt.fr\/portail\/presse\/communiques-de-presse\/grand-debat-national-diagnostic-partage-changement-de-cap-a-confirmer-srv2_674172\">A lire sur le site de la CFDT :<\/a><\/div>\n<\/div>\n<h2>Trois mois apr\u00e8s le lancement du grand d\u00e9bat national, dans lequel citoyens, \u00e9lus, organisations syndicales et associations se sont fortement investis, le pr\u00e9sident de la R\u00e9publique dresse un constat que la CFDT partage\u00a0: la persistance des injustices sociales, territoriales et fiscales et la n\u00e9cessit\u00e9 de redonner un espoir de progr\u00e8s \u00e0 chacun.<\/h2>\n<p><strong>Le pr\u00e9sident a infl\u00e9chi son discours sur plusieurs points et montr\u00e9 une volont\u00e9 de prendre en compte les r\u00e9alit\u00e9s v\u00e9cues. Mais il manque des annonces fortes et engageantes face \u00e0 l\u2019urgence l\u2019\u00e9cologique.<\/strong><\/p>\n<p><strong>Les Fran\u00e7ais ont demand\u00e9 plus de justice fiscale.<\/strong> La CFDT approuve la n\u00e9cessit\u00e9 de combattre l\u2019\u00e9vasion fiscale et la fin de niches qui b\u00e9n\u00e9ficient aux entreprises. Elle regrette cependant qu\u2019aucune mesure ne concerne les hauts revenus et les plus gros patrimoines. La baisse annonc\u00e9e de l\u2019imp\u00f4t sur le revenu ne saurait \u00eatre financ\u00e9e par une baisse aveugle de la d\u00e9pense publique et par le fait de travailler davantage. Travailler plus, ce serait d\u00e9j\u00e0 travailler tous et cela n\u00e9cessite un v\u00e9ritable accompagnement vers l\u2019emploi. Il y a d\u2019autant plus urgence \u00e0 r\u00e9ussir une r\u00e9forme juste de l\u2019assurance ch\u00f4mage qui ne peut se faire au d\u00e9triment des droits des plus fragiles.<\/p>\n<p><strong>Les Fran\u00e7ais ont demand\u00e9 plus de justice sociale.<\/strong> La CFDT approuve l\u2019id\u00e9e d\u2019investir dans la petite enfance, l\u2019\u00e9ducation, la formation. C\u2019est tout au long de la vie que la bienveillance \u00e0 l\u2019\u00e9gard de ceux qui d\u00e9crochent doit s\u2019exercer. La concertation sur le revenu universel d\u2019activit\u00e9 sera essentielle. Tout comme la mise en \u0153uvre des mesures de lutte contre la pauvret\u00e9.<\/p>\n<p><strong>Les Fran\u00e7ais ont demand\u00e9 plus de justice territoriale.<\/strong> La CFDT approuve le moratoire sur les fermetures d\u2019h\u00f4pitaux et d\u2019\u00e9coles et l\u2019annonce de davantage de maisons de services publics. Ce sont autant d\u2019\u00e9l\u00e9ments cl\u00e9s du bouclier de services publics qu\u2019elle revendique. Le nouvel acte de d\u00e9centralisation annonc\u00e9 peut \u00eatre une opportunit\u00e9, \u00e0 condition que les nouvelles responsabilit\u00e9s accord\u00e9es aux collectivit\u00e9s territoriales s\u2019accompagnent des moyens d\u2019agir.<\/p>\n<p><strong>Les Fran\u00e7ais ont demand\u00e9 plus de pouvoir d\u2019achat et un meilleur partage des fruits de la croissance.<\/strong> La r\u00e9indexation progressive des retraites sur l\u2019inflation, l\u2019augmentation significative du minimum contributif et la garantie par l\u2019\u00c9tat des pensions alimentaires pour les m\u00e8res isol\u00e9es sont des mesures positives. La reconnaissance du travail et le partage des richesses ne peuvent cependant se limiter \u00e0 une prime exceptionnelle. La CFDT revendique des politiques salariales dans les entreprises, l\u2019acc\u00e8s \u00e0 la participation pour tous les salari\u00e9s et l\u2019encadrement des \u00e9carts entre les plus hautes et les plus basses r\u00e9mun\u00e9rations.<\/p>\n<p><strong>La CFDT r\u00e9affirme la n\u00e9cessit\u00e9 de construire un horizon de long terme, qui mette au c\u0153ur des politiques mises en \u0153uvre les transitions \u00e9cologiques, d\u00e9mographiques, num\u00e9riques, sans renoncer \u00e0 des r\u00e9ponses concr\u00e8tes face \u00e0 l\u2019urgence climatique. Cette strat\u00e9gie doit \u00eatre construite collectivement. <\/strong><\/p>\n<p>Oui, notre pays a besoin d\u2019une mobilisation g\u00e9n\u00e9rale pour le travail, l\u2019emploi et les grandes transitions, d\u2019une mobilisation g\u00e9n\u00e9rale pour le pouvoir de vivre. Si les inflexions du discours du pr\u00e9sident de la R\u00e9publique se confirment, la CFDT prendra toute sa part pour construire des r\u00e9ponses \u00e0 la hauteur des attentes exprim\u00e9es par les citoyens et les travailleurs<\/p>\n<p>document \u00e0 t\u00e9l\u00e9charger ici :\u00a0<a href=\"https:\/\/cfdt-recherche-epst.org\/wp-content\/uploads\/2019\/04\/com_26_-_grand_debat_annonces_2019-04-25_22-45-28_806.pdf\">com_26_-_grand_debat_annonces_2019-04-25_22-45-28_806<\/a><\/p>\n<p>_____________________________________________________<\/p>\n<h2>Les annonces du Pr\u00e9sident de la R\u00e9publique<\/h2>\n<p>\u00c0 l\u2019issue de la conf\u00e9rence de presse du Pr\u00e9sident de la R\u00e9publique, Myl\u00e8ne Jacquot, secr\u00e9taire g\u00e9n\u00e9rale de la CFDT Fonctions Publiques, d\u00e9clare : (<a href=\"https:\/\/www.sgen-cfdt.fr\/actu\/9-mai-agents-publics-respectes-service-public-de-qualite\/\">voir site du Sgen CFDT ici<\/a>)<\/p>\n<p>\u00ab\u00a0Ce jeudi 25 avril, quelques-unes des annonces du Pr\u00e9sident de la R\u00e9publique ont port\u00e9 plus sp\u00e9cifiquement sur la <span class=\"_5afx\"><span class=\"_58cm\">FonctionPublique<\/span><\/span>.<\/p>\n<p>\u2013 le quasi-renoncement \u00e0 la suppression de 120000 postes : il \u00e9tait temps ! D\u00e8s mai 2017, la Cfdt Fonctions Publiques alertait sur une approche uniquement budg\u00e9taire de la Fonction publique. Mieux vaut tard que jamais\u2026 mais quel dommage que ces deux ann\u00e9es perdues en discours \u00f4 combien inqui\u00e9tants et d\u00e9valorisants pour le<span class=\"text_exposed_show\">s agents. La CFDT veillera \u00e0 la concr\u00e9tisation de cette annonce.<\/span> [\u2026]<\/p>\n<p>Alors, oui, <strong>quelques infl\u00e9chissements dans les annonces et particuli\u00e8rement sur les effectifs sont notables. Il faudra les confirmer<\/strong>. <strong>Quant \u00e0 la mise en \u0153uvre des autres annonces, elle requerra un dialogue social attentif<\/strong> <strong>des expressions des organisations repr\u00e9sentatives<\/strong> pour am\u00e9liorer les conditions de travail des agents et la qualit\u00e9 des services.<\/p>\n<p>En attendant, <strong>restons mobilis\u00e9s. Sachons rappeler, entre autres, que les questions de pouvoir d\u2019achat concernent aussi les agents de la Fonction publique !<\/strong><\/p>\n<p><strong>Le <span class=\"_5afx\"><span class=\"_58cm\">9Mai<\/span><\/span>, soyons dans les cort\u00e8ges pour des agents publics respect\u00e9s, pour un service public de qualit\u00e9 !<\/strong>\u00a0\u00bb<\/p>\n<p>D\u00e9claration de Myl\u00e8ne Jacquot (CFDT FP) dans son int\u00e9gralit\u00e9 ici<\/p>\n","protected":false},"excerpt":{"rendered":"<p>Publi\u00e9 le 25\/04\/2019 Par Commission ex\u00e9cutive de la CFDT \u00a0A lire sur le site de la CFDT : Trois mois apr\u00e8s le lancement du grand d\u00e9bat national, dans lequel citoyens, \u00e9lus, organisations syndicales et associations se sont fortement investis, le pr\u00e9sident de la R\u00e9publique dresse un constat que la CFDT<\/p>\n","protected":false},"author":19,"featured_media":0,"comment_status":"closed","ping_status":"open","sticky":false,"template":"","format":"standard","meta":{"footnotes":""},"categories":[5],"tags":[],"class_list":["post-12423","post","type-post","status-publish","format-standard","hentry","category-epst","ct-col-2"],"amp_enabled":true,"_links":{"self":[{"href":"https:\/\/cfdt-recherche-epst.org\/index.php?rest_route=\/wp\/v2\/posts\/12423","targetHints":{"allow":["GET"]}}],"collection":[{"href":"https:\/\/cfdt-recherche-epst.org\/index.php?rest_route=\/wp\/v2\/posts"}],"about":[{"href":"https:\/\/cfdt-recherche-epst.org\/index.php?rest_route=\/wp\/v2\/types\/post"}],"author":[{"embeddable":true,"href":"https:\/\/cfdt-recherche-epst.org\/index.php?rest_route=\/wp\/v2\/users\/19"}],"replies":[{"embeddable":true,"href":"https:\/\/cfdt-recherche-epst.org\/index.php?rest_route=%2Fwp%2Fv2%2Fcomments&post=12423"}],"version-history":[{"count":6,"href":"https:\/\/cfdt-recherche-epst.org\/index.php?rest_route=\/wp\/v2\/posts\/12423\/revisions"}],"predecessor-version":[{"id":37868,"href":"https:\/\/cfdt-recherche-epst.org\/index.php?rest_route=\/wp\/v2\/posts\/12423\/revisions\/37868"}],"wp:attachment":[{"href":"https:\/\/cfdt-recherche-epst.org\/index.php?rest_route=%2Fwp%2Fv2%2Fmedia&parent=12423"}],"wp:term":[{"taxonomy":"category","embeddable":true,"href":"https:\/\/cfdt-recherche-epst.org\/index.php?rest_route=%2Fwp%2Fv2%2Fcategories&post=12423"},{"taxonomy":"post_tag","embeddable":true,"href":"https:\/\/cfdt-recherche-epst.org\/index.php?rest_route=%2Fwp%2Fv2%2Ftags&post=12423"}],"curies":[{"name":"wp","href":"https:\/\/api.w.org\/{rel}","templated":true}]}}