{"id":12432,"date":"2019-04-15T12:23:24","date_gmt":"2019-04-15T10:23:24","guid":{"rendered":"https:\/\/epst-sgen-cfdt.org\/?p=12432"},"modified":"2024-09-23T07:22:51","modified_gmt":"2024-09-23T06:22:51","slug":"le-quinquennat-a-quitte-ou-double","status":"publish","type":"post","link":"https:\/\/cfdt-recherche-epst.org\/?p=12432","title":{"rendered":"Le quinquennat \u00e0 quitte ou double"},"content":{"rendered":"<div id=\"logotypo\"> Le blog de Laurent Berger <\/div>\n<div id=\"jca_369822_0_jca_369821_0_jca_369667_1_jca_383138_1_recette2_188517_1\" class=\"Outter PortletImage ID_recette2_188517 box-responsive ajax-refresh-div Portlet PortletSkinable Inner\"><\/div>\n<div class=\"separator\">\n<div class=\"date\">Publi\u00e9 le 15\/04\/2019 \u00e0 11H43<\/div>\n<div class=\"wysiwyg classic\">\n<p>Nous n\u2019avons plus le temps d\u2019attendre\u00a0! Avec 15 autres repr\u00e9sentants d\u2019associations et de syndicats, nous appelons \u00e0 un vrai sursaut politique pour que ce quinquennat ne soit pas perdu pour la transition \u00e9cologique et la justice sociale.<\/p>\n<p>Vous pouvez lire notre tribune parue dans le JDD du 14 avril 2019 ci-dessous<\/p>\n<\/div>\n<div class=\"wysiwyg classic\">\n<p><strong>LE QUINQUENNAT A QUITTE OU DOUBLE<\/strong><\/p>\n<p>Nous n\u2019avons plus le temps d\u2019attendre. Pour d\u00e9multiplier nos efforts pour le climat et la biodiversit\u00e9. Pour donner des perspectives aux plus fragiles et isol\u00e9s d\u2019entre nous. Pour remettre les salari\u00e9s de ce pays au c\u0153ur de la vie \u00e9conomique. Nous n\u2019avons vraiment plus de temps \u00e0 perdre, alors comme beaucoup de Fran\u00e7ais, nous appelons \u00e0 un profond sursaut politique pour que ce quinquennat ne soit pas un quinquennat perdu pour la transition \u00e9cologique et la justice sociale.<\/p>\n<p>Mais force est de constater que les derni\u00e8res semaines ont fait place \u00e0 un concert de voix politiques en faveur d\u2019une interpr\u00e9tation tr\u00e8s r\u00e9ductrice de l\u2019expression des Fran\u00e7ais. L\u2019urgence de la baisse des d\u00e9penses publiques et des imp\u00f4ts serait la principale le\u00e7on \u00e0 tirer de cinq mois d\u2019occupation des ronds-points, de Marches pour le climat sans pr\u00e9c\u00e9dents et de quatre mois de Grand D\u00e9bat auquel plus d\u2019un million de citoyens et la soci\u00e9t\u00e9 civile se sont pr\u00eat\u00e9s.<\/p>\n<p>Le sujet est \u00e9pineux alors il ne faut pas entendre ce que nous n\u2019\u00e9crivons pas. Payer plus ou moins d\u2019imp\u00f4ts et de taxe n\u2019est pas un petit sujet dans le quotidien de chacun. Mais l\u00e0 o\u00f9 certains veulent voir un ras-le-bol fiscal, nous voyons un ras-le-bol de l\u2019injustice fiscale. La nuance est de taille. Et disons-le, r\u00e9duire certaines d\u00e9penses ne ferait pas de mal \u00e0 notre pays. Bien au contraire. Que l\u2019on pense notamment aux 12 milliards d\u2019euros d\u00e9pens\u00e9s chaque ann\u00e9e en soutien aux \u00e9nergies fossiles, alors qu\u2019il manque tant de moyens pour isoler les 7 millions de passoires \u00e9nerg\u00e9tiques, garantir l\u2019acc\u00e8s de tous aux services publics ou dans le lien associatif, facteur de lien social et de vitalit\u00e9 d\u00e9mocratique. Mais d\u00e9penser mieux n\u2019est pas un pr\u00e9alable \u00e0 investir plus. Ces chantiers doivent \u00eatre men\u00e9s de front.<\/p>\n<p>Notre d\u00e9saccord avec le discours ambiant est simple. La rigueur budg\u00e9taire port\u00e9e en totem politique, qui pr\u00e9tend diriger un pays le nez coll\u00e9 au taux de d\u00e9ficit public, n\u2019est pas un projet politique. Un pays ne se rassemble pas autour d\u2019enjeux comptables quand ils se traduisent par des coupes aveugles dans les APL ou les emplois aid\u00e9s. Dans notre vie, nous ne nous r\u00e9veillons pas en nous demandant quel service public nous souhaitons ratiboiser, alors que tant de services essentiels sont sous-financ\u00e9s, comme la petite enfance, le logement social ou les h\u00f4pitaux ce qui emp\u00eache l\u2019acc\u00e8s de tous aux droits de tous. Il n\u2019est plus possible de d\u00e9cider des politiques publiques sans en \u00e9valuer l\u2019impact sur les 10% les plus pauvres de nos concitoyens ou au regard des objectifs de d\u00e9veloppement durable.<\/p>\n<p>Notre pays va mal par manque de dessein collectif, de sens et parce que beaucoup se voient nier le droit de jouer un r\u00f4le dans la cit\u00e9, parce qu\u2019ils ne vivent pas au bon endroit, parce qu\u2019ils ne trouvent pas de travail, parce qu\u2019ils n\u2019ont pas fait les bonnes \u00e9tudes, parce qu\u2019ils ne portent pas le bon nom ou parce que la vie n\u2019a pas \u00e9t\u00e9 tendre avec eux. \u00a0C\u2019est cela qui forme le terreau de la division et l\u2019objet de notre mobilisation.<\/p>\n<p>La rigueur budg\u00e9taire n\u2019est pas non plus un projet \u00e9conomique, sauf \u00e0 consid\u00e9rer comme un m\u00e9decin de Moli\u00e8re que, quel que soit le mal, seule compterait la saign\u00e9e. L\u2019urgence aujourd\u2019hui est d\u2019investir dans la transition \u00e9cologique, solidaire et territoriale. Dans les transports collectifs ou individuels moins polluants, dans une r\u00e9novation massive de logements au chauffage si co\u00fbteux pour le porte-monnaie et la plan\u00e8te, dans l\u2019accompagnement des travailleurs dans leurs parcours professionnels et leur protection sociale, dans la conversion de nos industries et de notre tissu \u00e9conomique, ou dans la transformation agricole des territoires. Ici se rejoignent l\u2019exigence environnementale exprim\u00e9e magnifiquement par la jeunesse d\u2019Europe, les aspirations \u00e0 mieux vivre de nos concitoyens et l\u2019attente des milieux \u00e9conomiques pour qui l\u2019investissement public, la fiscalit\u00e9 \u00e9cologique et les normes ne sont pas des gros mots mais des moyens de concilier virage \u00e9cologique et pr\u00e9visibilit\u00e9 \u00e9conomique. Regardons autour de nous. Les principaux pays asiatiques n\u2019h\u00e9sitent pas \u00e0 investir massivement dans les technologies vertes. Notre attentisme est une aubaine pour eux, retardant ou compromettant ainsi la cr\u00e9ation de millions d\u2019emplois en Europe.<\/p>\n<p>Ecoutez cette mobilisation bienveillante et respectueuse, entendez ses attentes, inspirez -vous de ses propositions. Ne laissez pas cette lame de fond pacifique sans r\u00e9ponse. N\u2019alimentons pas les ranc\u0153urs et les d\u00e9ceptions qui font le terreau des adversaires de la R\u00e9publique. Rien n\u2019est perdu mais l\u2019essentiel reste \u00e0 faire. La seule chose que notre pays n\u2019a pas les moyens de se payer, c\u2019est du temps.<\/p>\n<p>________________________________________________<\/p>\n<\/div>\n<\/div>\n","protected":false},"excerpt":{"rendered":"<p>Le blog de Laurent Berger Publi\u00e9 le 15\/04\/2019 \u00e0 11H43 Nous n\u2019avons plus le temps d\u2019attendre\u00a0! Avec 15 autres repr\u00e9sentants d\u2019associations et de syndicats, nous appelons \u00e0 un vrai sursaut politique pour que ce quinquennat ne soit pas perdu pour la transition \u00e9cologique et la justice sociale. Vous pouvez lire<\/p>\n","protected":false},"author":19,"featured_media":0,"comment_status":"closed","ping_status":"open","sticky":false,"template":"","format":"standard","meta":{"footnotes":""},"categories":[5],"tags":[],"class_list":["post-12432","post","type-post","status-publish","format-standard","hentry","category-epst","ct-col-2"],"amp_enabled":true,"_links":{"self":[{"href":"https:\/\/cfdt-recherche-epst.org\/index.php?rest_route=\/wp\/v2\/posts\/12432","targetHints":{"allow":["GET"]}}],"collection":[{"href":"https:\/\/cfdt-recherche-epst.org\/index.php?rest_route=\/wp\/v2\/posts"}],"about":[{"href":"https:\/\/cfdt-recherche-epst.org\/index.php?rest_route=\/wp\/v2\/types\/post"}],"author":[{"embeddable":true,"href":"https:\/\/cfdt-recherche-epst.org\/index.php?rest_route=\/wp\/v2\/users\/19"}],"replies":[{"embeddable":true,"href":"https:\/\/cfdt-recherche-epst.org\/index.php?rest_route=%2Fwp%2Fv2%2Fcomments&post=12432"}],"version-history":[{"count":2,"href":"https:\/\/cfdt-recherche-epst.org\/index.php?rest_route=\/wp\/v2\/posts\/12432\/revisions"}],"predecessor-version":[{"id":37869,"href":"https:\/\/cfdt-recherche-epst.org\/index.php?rest_route=\/wp\/v2\/posts\/12432\/revisions\/37869"}],"wp:attachment":[{"href":"https:\/\/cfdt-recherche-epst.org\/index.php?rest_route=%2Fwp%2Fv2%2Fmedia&parent=12432"}],"wp:term":[{"taxonomy":"category","embeddable":true,"href":"https:\/\/cfdt-recherche-epst.org\/index.php?rest_route=%2Fwp%2Fv2%2Fcategories&post=12432"},{"taxonomy":"post_tag","embeddable":true,"href":"https:\/\/cfdt-recherche-epst.org\/index.php?rest_route=%2Fwp%2Fv2%2Ftags&post=12432"}],"curies":[{"name":"wp","href":"https:\/\/api.w.org\/{rel}","templated":true}]}}