{"id":12443,"date":"2019-04-26T15:58:44","date_gmt":"2019-04-26T13:58:44","guid":{"rendered":"https:\/\/epst-sgen-cfdt.org\/?p=12443"},"modified":"2022-04-27T09:35:18","modified_gmt":"2022-04-27T08:35:18","slug":"elections-2019-caes-inserm-votez-sgen-cfdt-avant-le-9-mai","status":"publish","type":"post","link":"https:\/\/cfdt-recherche-epst.org\/?p=12443","title":{"rendered":"\u00c9lections 2019 CAES Inserm : Votez Sgen-CFDT avant le 9 mai !"},"content":{"rendered":"<p><img loading=\"lazy\" decoding=\"async\" class=\"alignleft wp-image-2665\" src=\"https:\/\/cfdt-recherche-epst.org\/wp-content\/uploads\/2018\/05\/XXXX1\" alt=\"\" width=\"150\" height=\"150\" \/><img loading=\"lazy\" decoding=\"async\" class=\"size-thumbnail wp-image-12355 alignright\" src=\"https:\/\/cfdt-recherche-epst.org\/wp-content\/uploads\/2019\/04\/Sengager-pour-chacun-agir-pour-tous-150x150.jpg\" alt=\"\" width=\"150\" height=\"150\" \/><\/p>\n<h3 style=\"text-align: center;\"><strong><span style=\"color: #ff6600;\">\u00c9lection pour le renouvellement du Cnas<\/span><\/strong><\/h3>\n<h2 style=\"text-align: center;\"><strong><span style=\"color: #ff6600;\">Comit\u00e9 national d&rsquo;action sociale du CAES Inserm<\/span><\/strong><\/h2>\n<h3 style=\"text-align: center;\"><span style=\"color: #ff6600;\">Mandat 2019 &#8211; 2023<\/span><\/h3>\n<p>&nbsp;<\/p>\n<p><img loading=\"lazy\" decoding=\"async\" class=\"alignleft size-thumbnail wp-image-12442\" src=\"https:\/\/cfdt-recherche-epst.org\/wp-content\/uploads\/2019\/04\/Sgen-orange-clair-fp2018-instagram-01-150x150.jpg\" alt=\"\" width=\"150\" height=\"150\" srcset=\"https:\/\/cfdt-recherche-epst.org\/wp-content\/uploads\/2019\/04\/Sgen-orange-clair-fp2018-instagram-01-150x150.jpg 150w, https:\/\/cfdt-recherche-epst.org\/wp-content\/uploads\/2019\/04\/Sgen-orange-clair-fp2018-instagram-01-300x300.jpg 300w, https:\/\/cfdt-recherche-epst.org\/wp-content\/uploads\/2019\/04\/Sgen-orange-clair-fp2018-instagram-01-768x768.jpg 768w, https:\/\/cfdt-recherche-epst.org\/wp-content\/uploads\/2019\/04\/Sgen-orange-clair-fp2018-instagram-01-1024x1024.jpg 1024w, https:\/\/cfdt-recherche-epst.org\/wp-content\/uploads\/2019\/04\/Sgen-orange-clair-fp2018-instagram-01.jpg 1080w\" sizes=\"auto, (max-width: 150px) 100vw, 150px\" \/><\/p>\n<h3 style=\"text-align: center;\"><span style=\"color: #002060;\">\u00c9lection \u00e0 1 seul tour &#8211; Cl\u00f4ture du scrutin le 9 mai 2019<\/span><\/h3>\n<h2 style=\"text-align: center;\"><span style=\"color: #002060;\"><strong><span style=\"color: #ff6600;\">RAPPEL !<\/span><\/strong><\/span><\/h2>\n<p style=\"text-align: center;\"><strong><img loading=\"lazy\" decoding=\"async\" class=\"alignleft size-full wp-image-12378\" src=\"https:\/\/cfdt-recherche-epst.org\/wp-content\/uploads\/2019\/04\/Attention-small.jpg\" alt=\"\" width=\"89\" height=\"59\" \/>D\u00e9couvrez les 9 secteurs du CAES Inserm<br \/>\n<span style=\"color: #33cccc;\">ici<\/span> Lien <\/strong><span style=\"color: #ff6600;\"><a href=\"https:\/\/cfdt-recherche-epst.org\/wp-content\/uploads\/2019\/04\/CAES-Inserm-P2-P3-PF-2019-23-FIN-Message1.pdf\"><span style=\"color: #ff6600;\">P.2-3 profession de foi <\/span><\/a><span style=\"color: #002060;\"><br \/>\n<\/span><strong><span style=\"color: #002060;\">avec les engagements prioritaires pris par le Sgen-CFDT.<\/span><\/strong><\/span><\/p>\n<p style=\"text-align: justify;\"><strong><span style=\"color: #002060;\">Une fois \u00e9lus, vos candidats Sgen-CFDT<\/span><\/strong><a href=\"https:\/\/cfdt-recherche-epst.org\/wp-content\/uploads\/2019\/04\/CAES-Inserm-Projet-P4-PF-2019-Message1.pdf\"><span style=\"color: #002060;\"><span style=\"color: #ff6600;\"> Lien P.4 profession de foi<\/span><\/span><\/a> <span style=\"color: #002060;\">auront \u00e0 c\u0153ur la poursuite des actions qu&rsquo;ils ont d\u00e9velopp\u00e9es et port\u00e9es durant les mandats pr\u00e9c\u00e9dents Dans les limites d\u2019une l\u00e9gislation, de mesures fiscales ou budg\u00e9taires quelquefois contraignantes ne permettant pas toujours des choix \u00ab tous azimuts\u00bb.<\/span><\/p>\n<p style=\"text-align: justify;\"><span style=\"color: #002060;\">Les \u00e9lus SGEN-CFDT, majoritaires depuis la cr\u00e9ation du CAES, ont sans cesse eu le souci de proposer des activit\u00e9s attractives r\u00e9pondant au plus grand nombre.<\/span><\/p>\n<p style=\"text-align: justify;\"><span style=\"color: #002060;\"><strong>D\u00e9j\u00e0 pr\u00e9sents \u00e0 vos c\u00f4t\u00e9s<\/strong> dans les laboratoires ou les services, ils auront la volont\u00e9 de r\u00e9pondre \u00e0 vos attentes dans le domaine des loisirs, des vacances, de la culture, du sport, de la solidarit\u00e9\u2026<\/span><br \/>\n<strong>ici <\/strong><strong>\u00a0<\/strong><span style=\"color: #ff6600;\"><a style=\"color: #ff6600;\" href=\"https:\/\/cfdt-recherche-epst.org\/wp-content\/uploads\/2019\/04\/CAES-Inserm-P1-PF-2019-23-FIN-Message-2.pdf\">Lien\u00a0 <strong>pages 1 <\/strong>de la PF<\/a><\/span><\/p>\n<p style=\"text-align: justify;\"><span style=\"color: #002060;\"><strong>Ils seront motiv\u00e9s pour <\/strong><strong>d\u00e9fendre<\/strong> <strong>un CAES ind\u00e9pendant<\/strong>, libre de ses choix, et <strong>pour mener une politique sociale volontariste, ambitieuse, juste et solidaire, <\/strong>en bonne intelligence avec les autres \u00e9lus du CNAS.<\/span><\/p>\n<p style=\"text-align: justify;\"><span style=\"color: #002060;\">Le SGEN-CFDT<strong> revendique une v\u00e9ritable reconnaissance de l\u2019Elu, <\/strong>notamment dans le cadre du CAES et des CLAS afin de favoriser et d\u2019assurer leur bon fonctionnement sans pr\u00e9judice ni p\u00e9nalit\u00e9 pour tous ceux qui s\u2019y impliquent.\u00a0\u00a0<\/span><\/p>\n<p style=\"text-align: justify;\"><span style=\"color: #002060;\"><strong>Votre voix est importante<\/strong>.<\/span><\/p>\n<p style=\"text-align: justify;\"><span style=\"color: #002060;\"><strong>Vos \u00e9lus SGEN-CFDT<\/strong> ont besoin d\u2019un maximum de voix pour peser dans les d\u00e9cisions au sein du CNAS et r\u00e9aliser les objectifs qu\u2019ils se sont fix\u00e9s pour le mandat \u00e0 venir.<\/span><\/p>\n<p style=\"text-align: justify;\"><span style=\"color: #002060;\"><strong>En votant,<\/strong> vous marquez votre attachement aux actions du CAES, vous d\u00e9cidez de son avenir et de sa politique. Le poids de votre participation pourra influer sur les futures n\u00e9gociations avec la direction de l\u2019Inserm.<\/span><\/p>\n<h3 style=\"text-align: center;\"><span style=\"color: #002060;\"><strong>Nous comptons sur vous.\u00a0 Vous pourrez compter sur nous.<\/strong><\/span><\/h3>\n<h3 style=\"padding-left: 360px;\"><span style=\"color: #ff6600;\">N&rsquo;attendez plus !<img loading=\"lazy\" decoding=\"async\" class=\"alignright wp-image-2665 size-full\" src=\"https:\/\/cfdt-recherche-epst.org\/wp-content\/uploads\/2018\/05\/XXXX1\" alt=\"\" width=\"128\" height=\"128\" \/><\/span><\/h3>\n<h3 style=\"padding-left: 200px;\"><span style=\"color: #ff6600;\"><img loading=\"lazy\" decoding=\"async\" class=\"alignleft size-full wp-image-12373\" src=\"https:\/\/cfdt-recherche-epst.org\/wp-content\/uploads\/2019\/04\/Avec-nous-donnez-de-la-voix-1.png\" alt=\"\" width=\"143\" height=\"47\" \/>Votez !<br \/>\n<\/span><\/h3>\n<h3 style=\"padding-left: 360px;\"><span style=\"color: #ff6600;\">Faites voter pour le <\/span><\/h3>\n<p>&nbsp;<\/p>\n","protected":false},"excerpt":{"rendered":"<p>\u00c9lection pour le renouvellement du Cnas Comit\u00e9 national d&rsquo;action sociale du CAES Inserm Mandat 2019 &#8211; 2023 &nbsp; \u00c9lection \u00e0 1 seul tour &#8211; Cl\u00f4ture du scrutin le 9 mai 2019 RAPPEL ! D\u00e9couvrez les 9 secteurs du CAES Inserm ici Lien P.2-3 profession de foi avec les engagements prioritaires<\/p>\n","protected":false},"author":19,"featured_media":0,"comment_status":"closed","ping_status":"open","sticky":false,"template":"","format":"standard","meta":{"footnotes":""},"categories":[5,757],"tags":[104,25],"class_list":["post-12443","post","type-post","status-publish","format-standard","hentry","category-epst","category-inserm","tag-caes","tag-election","ct-col-2"],"amp_enabled":true,"_links":{"self":[{"href":"https:\/\/cfdt-recherche-epst.org\/index.php?rest_route=\/wp\/v2\/posts\/12443","targetHints":{"allow":["GET"]}}],"collection":[{"href":"https:\/\/cfdt-recherche-epst.org\/index.php?rest_route=\/wp\/v2\/posts"}],"about":[{"href":"https:\/\/cfdt-recherche-epst.org\/index.php?rest_route=\/wp\/v2\/types\/post"}],"author":[{"embeddable":true,"href":"https:\/\/cfdt-recherche-epst.org\/index.php?rest_route=\/wp\/v2\/users\/19"}],"replies":[{"embeddable":true,"href":"https:\/\/cfdt-recherche-epst.org\/index.php?rest_route=%2Fwp%2Fv2%2Fcomments&post=12443"}],"version-history":[{"count":3,"href":"https:\/\/cfdt-recherche-epst.org\/index.php?rest_route=\/wp\/v2\/posts\/12443\/revisions"}],"predecessor-version":[{"id":12446,"href":"https:\/\/cfdt-recherche-epst.org\/index.php?rest_route=\/wp\/v2\/posts\/12443\/revisions\/12446"}],"wp:attachment":[{"href":"https:\/\/cfdt-recherche-epst.org\/index.php?rest_route=%2Fwp%2Fv2%2Fmedia&parent=12443"}],"wp:term":[{"taxonomy":"category","embeddable":true,"href":"https:\/\/cfdt-recherche-epst.org\/index.php?rest_route=%2Fwp%2Fv2%2Fcategories&post=12443"},{"taxonomy":"post_tag","embeddable":true,"href":"https:\/\/cfdt-recherche-epst.org\/index.php?rest_route=%2Fwp%2Fv2%2Ftags&post=12443"}],"curies":[{"name":"wp","href":"https:\/\/api.w.org\/{rel}","templated":true}]}}