{"id":12451,"date":"2019-04-26T16:27:44","date_gmt":"2019-04-26T14:27:44","guid":{"rendered":"https:\/\/epst-sgen-cfdt.org\/?p=12451"},"modified":"2019-04-29T11:44:31","modified_gmt":"2019-04-29T09:44:31","slug":"esr-annonces-du-president-des-engagements-a-concretiser","status":"publish","type":"post","link":"https:\/\/cfdt-recherche-epst.org\/?p=12451","title":{"rendered":"ESR : Annonces du Pr\u00e9sident, des engagements \u00e0 concr\u00e9tiser"},"content":{"rendered":"<div class=\"date-author-tags\">\n<div class=\"clearfix\"><span class=\"date\">Publi\u00e9 le vendredi 26 avril 2019<\/span> <span class=\"author\">par <a href=\"https:\/\/www.sgen-cfdt.fr\/author\/franck-loureiro\/\">Franck Loureiro\u00a0<\/a><\/span><\/div>\n<div class=\"clearfix\"><span class=\"tags\"><a href=\"https:\/\/www.sgen-cfdt.fr\/thematiques\/enseignement-superieur\/\" rel=\"tag\">Enseignement sup\u00e9rieur et Recherche<\/a> <\/span><\/div>\n<div>\n<div class=\"date-author-tags\"><span class=\"tags\"><a href=\"https:\/\/www.sgen-cfdt.fr\/thematiques\/enseignement-superieur\/\" rel=\"tag\">ignement sup\u00e9rieur et Recherche<\/a> <\/span><\/div>\n<div><\/div>\n<div><span style=\"color: #0000ff;\"><a style=\"color: #0000ff;\" href=\"https:\/\/www.sgen-cfdt.fr\/actu\/esr-annonces-du-president-des-engagements-concretiser\/\">Voir l&rsquo;article sur le site du Sgen-CFDT ici<\/a><\/span><\/div>\n<div><\/div>\n<div>Communiqu\u00e9 de presse n\u00b0 6 du 26 avril 2019.<\/div>\n<div class=\"content\">\n<div class=\"content_wrapper\">\n<p>Le Sgen-CFDT prend note des annonces faites par le Pr\u00e9sident de la R\u00e9publique lors de sa conf\u00e9rence de presse de jeudi soir. Il retient en particulier les mesures concernant l\u2019enseignement sup\u00e9rieur et la recherche. Le Sgen-CFDT sera vigilant sur les mesures concr\u00e8tes qui seront propos\u00e9es et surtout sur les moyens tant financiers que humains qui seront allou\u00e9s aux \u00e9tablissements d\u2019enseignement sup\u00e9rieur et de recherche. Les discussions sur la loi de programmation pour la recherche seront l\u2019occasion de mesurer la hauteur des engagements et donc l\u2019ambition r\u00e9elle du gouvernement. Pour le Sgen-CFDT, cette ambition se mesurera particuli\u00e8rement \u00e0 l\u2019aune du nombre d\u2019emplois scientifiques titulaires qui seront cr\u00e9\u00e9s pour faire face aux besoins de stabilit\u00e9 et d\u2019efficacit\u00e9 des \u00e9quipes.<\/p>\n<p>Le Pr\u00e9sident a \u00e9voqu\u00e9 des sujets comme les campus connect\u00e9s, la formation et la reconnaissance des enseignants et conseillers principaux d\u2019\u00e9ducation, le d\u00e9veloppement massif des formations professionnelles courtes, l\u2019acc\u00e8s partout sur le territoire \u00e0 une large offre de formations de premier cycle\u00a0et la construction d\u2019un syst\u00e8me de formation sup\u00e9rieure tout au long de la vie\u2026 Il prend des engagements forts vis \u00e0 vis de la communaut\u00e9 universitaire. Il ne devra pas la d\u00e9cevoir. Pour cela, il devra augmenter significativement le budget de l\u2019ESR et se donner comme objectif d\u2019atteindre ceux fix\u00e9s en 2000 \u00e0 Bologne. Le Pr\u00e9sident a bien \u00e9voqu\u00e9 la n\u00e9cessit\u00e9 d\u2019investir plus dans la recherche afin de r\u00e9pondre aux grands enjeux qui se posent \u00e0 nous dans les domaines du num\u00e9rique, du changement climatique et des questions de soci\u00e9t\u00e9.\u00a0 Le Sgen-CFDT a d\u00e9j\u00e0 eu l\u2019occasion \u00e0 de maintes reprises de demander 1,5 milliards d\u2019euros suppl\u00e9mentaires par an d\u2019augmentation du budget consacr\u00e9 \u00e0 l\u2019enseignement sup\u00e9rieur et \u00e0 la recherche publique. Il s\u2019agit l\u00e0 d\u2019un minima pour stopper la diminution des moyens engag\u00e9e depuis le d\u00e9but des ann\u00e9es 2000. Sans ce minima, toutes les annonces faites par le Pr\u00e9sident de la R\u00e9publique ne seraient que de simples effets de communication.<\/p>\n<p><a href=\"https:\/\/cfdt-recherche-epst.org\/wp-content\/uploads\/2019\/04\/20190426-CP-n\u00b0-6-Sgen-CFDT-pour-site.pdf\">Le communiqu\u00e9 de presse en pdf : 20190426-CP-n\u00b0-6-Sgen-CFDT-pour-site<\/a><\/p>\n<\/div>\n<\/div>\n<\/div>\n<\/div>\n","protected":false},"excerpt":{"rendered":"<p>Publi\u00e9 le vendredi 26 avril 2019 par Franck Loureiro\u00a0 Enseignement sup\u00e9rieur et Recherche ignement sup\u00e9rieur et Recherche Voir l&rsquo;article sur le site du Sgen-CFDT ici Communiqu\u00e9 de presse n\u00b0 6 du 26 avril 2019. Le Sgen-CFDT prend note des annonces faites par le Pr\u00e9sident de la R\u00e9publique lors de sa<\/p>\n","protected":false},"author":19,"featured_media":0,"comment_status":"closed","ping_status":"open","sticky":false,"template":"","format":"standard","meta":{"footnotes":""},"categories":[5],"tags":[],"class_list":["post-12451","post","type-post","status-publish","format-standard","hentry","category-epst","ct-col-2"],"amp_enabled":true,"_links":{"self":[{"href":"https:\/\/cfdt-recherche-epst.org\/index.php?rest_route=\/wp\/v2\/posts\/12451","targetHints":{"allow":["GET"]}}],"collection":[{"href":"https:\/\/cfdt-recherche-epst.org\/index.php?rest_route=\/wp\/v2\/posts"}],"about":[{"href":"https:\/\/cfdt-recherche-epst.org\/index.php?rest_route=\/wp\/v2\/types\/post"}],"author":[{"embeddable":true,"href":"https:\/\/cfdt-recherche-epst.org\/index.php?rest_route=\/wp\/v2\/users\/19"}],"replies":[{"embeddable":true,"href":"https:\/\/cfdt-recherche-epst.org\/index.php?rest_route=%2Fwp%2Fv2%2Fcomments&post=12451"}],"version-history":[{"count":4,"href":"https:\/\/cfdt-recherche-epst.org\/index.php?rest_route=\/wp\/v2\/posts\/12451\/revisions"}],"predecessor-version":[{"id":12465,"href":"https:\/\/cfdt-recherche-epst.org\/index.php?rest_route=\/wp\/v2\/posts\/12451\/revisions\/12465"}],"wp:attachment":[{"href":"https:\/\/cfdt-recherche-epst.org\/index.php?rest_route=%2Fwp%2Fv2%2Fmedia&parent=12451"}],"wp:term":[{"taxonomy":"category","embeddable":true,"href":"https:\/\/cfdt-recherche-epst.org\/index.php?rest_route=%2Fwp%2Fv2%2Fcategories&post=12451"},{"taxonomy":"post_tag","embeddable":true,"href":"https:\/\/cfdt-recherche-epst.org\/index.php?rest_route=%2Fwp%2Fv2%2Ftags&post=12451"}],"curies":[{"name":"wp","href":"https:\/\/api.w.org\/{rel}","templated":true}]}}