{"id":12780,"date":"2019-05-21T17:27:02","date_gmt":"2019-05-21T15:27:02","guid":{"rendered":"https:\/\/epst-sgen-cfdt.org\/?p=12780"},"modified":"2019-05-27T17:31:05","modified_gmt":"2019-05-27T15:31:05","slug":"rendez-vous-salarial-2019-la-cfdt-fonctions-publiques-ecrit-au-ministre","status":"publish","type":"post","link":"https:\/\/cfdt-recherche-epst.org\/?p=12780","title":{"rendered":"Rendez-vous salarial 2019 : La CFDT Fonctions publiques \u00e9crit au ministre"},"content":{"rendered":"<p><span style=\"font-size: 12.0pt; font-family: 'Arial','sans-serif';\">Courrier envoy\u00e9 \u00e0 Olivier Dussopt par la CFDT UFFA demandant confirmation de la tenue du rendez-vous salarial 2019 avant l\u2019\u00e9t\u00e9, comme annonc\u00e9 pr\u00e9c\u00e9demment par le ministre.<\/span><\/p>\n<p>Monsieur le Ministre,<br \/>\nNous savons aujourd\u2019hui que les pr\u00e9occupations des agents publics portent beaucoup sur leur pouvoir d\u2019achat. C\u2019est la raison pour laquelle la CFDT vous demande de confirmer rapidement la tenue d\u2019un rendez-vous salarial avant l\u2019\u00e9t\u00e9.<br \/>\nDans le cadre de la pr\u00e9paration de ce rendez-vous particuli\u00e8rement attendu par les agents, la CFDT ne manquera pas de vous transmettre ses revendications et propositions.<br \/>\nL\u2019ensemble des mesures mises en oeuvre -gel de la valeur du point, r\u00e9tablissement du jour de carence, augmentation de la cotisation retraite, modalit\u00e9s de compensation de la hausse de la CSG d\u00e9gressives de fait \u00e0 compter du 1er janvier 2020, refus de mise en oeuvre de la prime exceptionnelle- sont autant de signes du manque de reconnaissance des employeurs publics \u00e0 l\u2019\u00e9gard des agents.<br \/>\nAujourd\u2019hui, la CFDT appelle le Gouvernement \u00e0 construire et mettre en oeuvre des mesures qui permettent une juste reconnaissance du travail, des comp\u00e9tences et de l\u2019investissement professionnel de l\u2019ensemble des agents publics. Donner \u00e0 chacun le pouvoir de vivre, dans un cadre commun en prot\u00e9geant notre avenir et celui des g\u00e9n\u00e9rations futures : ce sera aussi le sens des propositions que nous porterons.<br \/>\nDans l\u2019attente de votre r\u00e9ponse, je vous prie de recevoir, Monsieur le Ministre, mes respectueuses salutations.<\/p>\n<p>le courrier ici :\u00a0<a href=\"https:\/\/cfdt-recherche-epst.org\/?attachment_id=12781\" rel=\"attachment wp-att-12781\"><span style=\"color: #0000ff;\">courrier ministre FP rendez vous salarial-1<\/span><\/a><\/p>\n","protected":false},"excerpt":{"rendered":"<p>Courrier envoy\u00e9 \u00e0 Olivier Dussopt par la CFDT UFFA demandant confirmation de la tenue du rendez-vous salarial 2019 avant l\u2019\u00e9t\u00e9, comme annonc\u00e9 pr\u00e9c\u00e9demment par le ministre. Monsieur le Ministre, Nous savons aujourd\u2019hui que les pr\u00e9occupations des agents publics portent beaucoup sur leur pouvoir d\u2019achat. C\u2019est la raison pour laquelle la<\/p>\n","protected":false},"author":19,"featured_media":0,"comment_status":"closed","ping_status":"open","sticky":false,"template":"","format":"standard","meta":{"footnotes":""},"categories":[5],"tags":[],"class_list":["post-12780","post","type-post","status-publish","format-standard","hentry","category-epst","ct-col-2"],"amp_enabled":true,"_links":{"self":[{"href":"https:\/\/cfdt-recherche-epst.org\/index.php?rest_route=\/wp\/v2\/posts\/12780","targetHints":{"allow":["GET"]}}],"collection":[{"href":"https:\/\/cfdt-recherche-epst.org\/index.php?rest_route=\/wp\/v2\/posts"}],"about":[{"href":"https:\/\/cfdt-recherche-epst.org\/index.php?rest_route=\/wp\/v2\/types\/post"}],"author":[{"embeddable":true,"href":"https:\/\/cfdt-recherche-epst.org\/index.php?rest_route=\/wp\/v2\/users\/19"}],"replies":[{"embeddable":true,"href":"https:\/\/cfdt-recherche-epst.org\/index.php?rest_route=%2Fwp%2Fv2%2Fcomments&post=12780"}],"version-history":[{"count":1,"href":"https:\/\/cfdt-recherche-epst.org\/index.php?rest_route=\/wp\/v2\/posts\/12780\/revisions"}],"predecessor-version":[{"id":12782,"href":"https:\/\/cfdt-recherche-epst.org\/index.php?rest_route=\/wp\/v2\/posts\/12780\/revisions\/12782"}],"wp:attachment":[{"href":"https:\/\/cfdt-recherche-epst.org\/index.php?rest_route=%2Fwp%2Fv2%2Fmedia&parent=12780"}],"wp:term":[{"taxonomy":"category","embeddable":true,"href":"https:\/\/cfdt-recherche-epst.org\/index.php?rest_route=%2Fwp%2Fv2%2Fcategories&post=12780"},{"taxonomy":"post_tag","embeddable":true,"href":"https:\/\/cfdt-recherche-epst.org\/index.php?rest_route=%2Fwp%2Fv2%2Ftags&post=12780"}],"curies":[{"name":"wp","href":"https:\/\/api.w.org\/{rel}","templated":true}]}}