{"id":12868,"date":"2019-06-05T09:00:43","date_gmt":"2019-06-05T07:00:43","guid":{"rendered":"https:\/\/epst-sgen-cfdt.org\/?p=12868"},"modified":"2019-06-17T09:23:50","modified_gmt":"2019-06-17T07:23:50","slug":"rendez-vous-salarial-2019-les-revendications-de-la-cfdt","status":"publish","type":"post","link":"https:\/\/cfdt-recherche-epst.org\/?p=12868","title":{"rendered":"RENDEZ-VOUS SALARIAL 2019  : LES REVENDICATIONS DE LA CFDT"},"content":{"rendered":"<p>&nbsp;<\/p>\n<div style=\"width: 640px;\" class=\"wp-video\"><video class=\"wp-video-shortcode\" id=\"video-12868-1\" width=\"640\" height=\"360\" preload=\"metadata\" controls=\"controls\"><source type=\"video\/mp4\" src=\"https:\/\/cfdt-recherche-epst.org\/wp-content\/uploads\/2019\/06\/FP-CFDT-RDV-salarial-2019.mp4?_=1\" \/><a href=\"https:\/\/cfdt-recherche-epst.org\/wp-content\/uploads\/2019\/06\/FP-CFDT-RDV-salarial-2019.mp4\">https:\/\/cfdt-recherche-epst.org\/wp-content\/uploads\/2019\/06\/FP-CFDT-RDV-salarial-2019.mp4<\/a><\/video><\/div>\n<p><strong><span style=\"color: #0000ff;\"><a style=\"color: #0000ff;\" href=\"https:\/\/cfdt-recherche-epst.org\/?attachment_id=12997\" rel=\"attachment wp-att-12997\">Tract sur pouvoir_dachat_2019_5_juin_2019-06-05_10-09-9_598<\/a><\/span><\/strong><\/p>\n<p><strong>Les ann\u00e9es n\u00e9gatives pour le pouvoir d\u2019achat dans la Fonction publique se suivent : gel de la valeur du point, r\u00e9tablissement du jour de carence, augmentation de cotisation retraite, modalit\u00e9s de compensation de la hausse de la CSG d\u00e9gressive de fait \u00e0 compte du 1er janvier 2020, refus de la mise en oeuvre de la prime exceptionnelle.<\/strong><br \/>\nCe sont autant de signes du manque de reconnaissance des employeurs publics \u00e0 l\u2019\u00e9gard des agents.<br \/>\nLa CFDT Fonctions publiques a demand\u00e9 que le rendez-vous salarial 2019 (pour les mesures qui s\u2019appliqueront \u00e0 compter de 2020) se tienne au mois de juin, avant les arbitrages budg\u00e9taires, conform\u00e9ment aux annonces faites en f\u00e9vrier dernier.<br \/>\nD\u2019ores et d\u00e9j\u00e0, la CFDT appelle le Gouvernement \u00e0 construire et mettre en \u0153uvre des mesures qui permettent une juste reconnaissance du travail, des comp\u00e9tences et de l\u2019investissement professionnel de l\u2019ensemble des agents publics. Donner \u00e0 chacun le pouvoir de vivre, dans un cadre commun en prot\u00e9geant notre avenir et celui des g\u00e9n\u00e9rations futures : c\u2019est aussi le sens des propositions que nous portons.<br \/>\nPar ailleurs, la CFDT sera vigilante sur l\u2019\u00e9quit\u00e9 entre les trois versants de la Fonction publique. Il est inadmissible que certains agents soient tenus \u00e0 l\u2019\u00e9cart des r\u00e9sultats d\u2019un rendez-vous salarial.<\/p>\n<h3>Mesures g\u00e9n\u00e9rales<\/h3>\n<p>Au cours de ce rendez-vous salarial, la CFDT demandera des mesures g\u00e9n\u00e9rales b\u00e9n\u00e9ficiant \u00e0 l\u2019ensemble des agents\u00a0: <strong><span style=\"color: #993300;\">augmentation de la valeur du point, attribution uniforme de points d\u2019indice, suppression du jour de carence.<\/span><\/strong><br \/>\nLa revalorisation des grilles issue du protocole PPCR se doublait d\u2019un engagement \u00e0 mener r\u00e9guli\u00e8rement des n\u00e9gociations salariales indispensables pour maintenir, et m\u00eame am\u00e9liorer sur le long terme, la coh\u00e9rence des carri\u00e8res, entre autres par l\u2019augmentation de la valeur du point d\u2019indice.<br \/>\nAvec une valeur du point gel\u00e9e, la dynamique des grilles est totalement absente. Les indices de d\u00e9but de carri\u00e8re sont rattrap\u00e9s par les hausses du Smic.<\/p>\n<p><strong><span style=\"color: #993300;\">La CFDT revendique de faire \u00e9voluer les salaires en fonction de l\u2019\u00e9volution du Smic dans le priv\u00e9 et le public<\/span><\/strong> (voir la proposition n\u00b0 10 du #PacteDu PouvoirDeVivre).<br \/>\nLa faiblesse des \u00e9carts entre les grilles de la cat\u00e9gorie C et celles de la cat\u00e9gorie B font que les promotions de l\u2019une \u00e0 l\u2019autre ne sont pas assez valorisantes.<br \/>\nSur le mode des dispositions pour le passage de B en A issues des accords Jacob en 2006, l<strong><span style=\"color: #993300;\">a CFDT revendique que les agents de cat\u00e9gorie C soient class\u00e9s &#8211; lors de leur acc\u00e8s \u00e0 la cat\u00e9gorie B &#8211; \u00e0 l&rsquo;\u00e9chelon comportant l&rsquo;indice le plus proche de l&rsquo;indice qu&rsquo;ils d\u00e9tenaient avant leur nomination augment\u00e9 automatiquement d\u2019au moins 40 points d&rsquo;indice brut.<\/span><\/strong><\/p>\n<h3><strong>\u00c9galit\u00e9 professionnelle<\/strong><\/h3>\n<p>La n\u00e9gociation engag\u00e9e entre le Gouvernement et les organisations syndicales pour l\u2019\u00e9galit\u00e9 professionnelle entre les femmes et les hommes a permis de d\u00e9boucher sur un accord fin 2018.<br \/>\nMais la mise en oeuvre de l\u2019accord ne modifie pas l\u2019objectif de la CFDT : arriver \u00e0 l\u2019\u00e9galit\u00e9 r\u00e9elle le plus rapidement possible, ce qui passe aussi par des engagements budg\u00e9taires de la part des employeurs.<br \/>\nD\u00e8s le rendez-vous salarial, la CFDT exige que le Gouvernement s\u2019engage concr\u00e8tement :<\/p>\n<ul>\n<li>par <strong><span style=\"color: #993300;\">des mesures portant sur les d\u00e9roulements de carri\u00e8re en am\u00e9liorant notamment les ratios de <\/span><\/strong><strong><span style=\"color: #993300;\">promotion<\/span><\/strong> pour rattraper les retards de carri\u00e8re des femmes ;<\/li>\n<li>par <strong><span style=\"color: #993300;\">des mesures portant sur des rattrapages des \u00e9carts constat\u00e9s entre les femmes et les hommes sur les montants indemnitaires<\/span><\/strong>, source d\u2019iniquit\u00e9s constat\u00e9es et durables entre les femmes et les hommes ;<\/li>\n<li>par <strong><span style=\"color: #993300;\">des mesures sur l\u2019am\u00e9lioration des grilles de r\u00e9mun\u00e9rations des fili\u00e8res f\u00e9minis\u00e9es qui sont en <\/span><\/strong><strong><span style=\"color: #993300;\">d\u00e9calage d\u00e9favorable<\/span><\/strong> par rapport aux corps et cadres d\u2019emplois traditionnellement plus masculins ; en mettant en \u0153uvre des crit\u00e8res objectivables sur les comp\u00e9tences requises, certains corps et cadres d\u2019emplois devront \u00eatre requalifi\u00e9s, par exemple en cat\u00e9gorie A -type pour la fili\u00e8re sociale, en cat\u00e9gorie B pour les aides soignantes et auxiliaires de soins\u2026 (voir la proposition n\u00b019 du #Pacte DuPouvoirDeVivre).<\/li>\n<\/ul>\n<h3><strong>Protection sociale compl\u00e9mentaire<\/strong><\/h3>\n<p>La CFDT rappelle que le Gouvernement a accept\u00e9 d\u2019ouvrir le chantier de la participation financi\u00e8re des employeurs \u00e0 la protection compl\u00e9mentaire en sant\u00e9 et pr\u00e9voyance pour les agents publics. En raison d\u2019un retard imputable au bilan r\u00e9alis\u00e9 par les inspections g\u00e9n\u00e9rales sur la couverture actuelle en compl\u00e9mentaire sant\u00e9 et pr\u00e9voyance des agents publics, le d\u00e9but des discussions ne sera effectif que dans les prochaines semaines.<br \/>\n<strong><span style=\"color: #993300;\">La CFDT exigera des engagements d\u00e8s le prochain rendez-vous salarial 2020.<\/span><\/strong><\/p>\n<h3><strong>Compensation de la hausse de la CSG<\/strong><\/h3>\n<p>Le dispositif de compensation de la hausse de la CSG d\u00e9cid\u00e9 par le Gouvernement est d\u00e9gressif de fait \u00e0 compter de 2020.<br \/>\nPour la CFDT, c\u2019est inacceptable : les fonctionnaires n\u2019ont pas vu leur pouvoir d\u2019achat augmenter en d\u00e9pit des annonces et promesses faites par le candidat Emmanuel Macron.<br \/>\nSans revenir sur les dispositions qui permettent \u00e0 l\u2019ensemble des agents de b\u00e9n\u00e9ficier de la compensation, le Gouvernement doit s\u2019engager \u00e0 ce que <strong><span style=\"color: #993300;\">le montant de la compensation soit <\/span><\/strong><strong><span style=\"color: #993300;\">r\u00e9vis\u00e9 au moins tous les ans, sinon <\/span><\/strong><strong><span style=\"color: #993300;\">tous les mois, pour tenir compte des <\/span><\/strong><strong><span style=\"color: #993300;\">changements de situation individuelle<\/span><\/strong>, \u00e0 compter du 1er janvier 2020.<\/p>\n<h3>Mobilit\u00e9s durables et actives (propositions 46 et 47 #PacteDuPouvoirDeVivre)<\/h3>\n<p>En compl\u00e9ment des dispositifs existant dans la Fonction publique pour le remboursement des trajets domicile travail des agents fonctionnaires et contractuels, la CFDT souhaite rapidement :<\/p>\n<ul>\n<li><strong><span style=\"color: #993300;\">une indemnit\u00e9 de 400 \u20ac par an au <\/span><\/strong><strong><span style=\"color: #993300;\">moins au titre du remboursement <\/span><\/strong><strong><span style=\"color: #993300;\">forfaitaire<\/span><\/strong> pour les agents utilisant un v\u00e9lo y compris pour se rendre au lieu o\u00f9 ils prennent un transport collectif.<\/li>\n<li><strong><span style=\"color: #993300;\">une indemnit\u00e9 cons\u00e9quente attribu\u00e9e <\/span><\/strong><strong><span style=\"color: #993300;\">aux agents oblig\u00e9s d\u2019utiliser leur <\/span><\/strong><strong><span style=\"color: #993300;\">v\u00e9hicule<\/span> <\/strong>pour se rendre sur le lieu de leur travail y compris pour se rendre au lieu o\u00f9 ils prennent un transport collectif, indemnit\u00e9 major\u00e9e s\u2019ils pratiquent r\u00e9guli\u00e8rement le covoiturage.<\/li>\n<\/ul>\n<p>La CFDT demande, d\u00e8s que la loi d\u2019orientation des mobilit\u00e9s sera promulgu\u00e9e, que les employeurs publics dont les sites ont un effectif inf\u00e9rieur \u00e0 50 agents s\u2019inscrivent obligatoirement dans<strong><span style=\"color: #993300;\"> les plans interentreprises et inter <\/span><\/strong><strong><span style=\"color: #993300;\">administrations pour trouver les solutions <\/span><\/strong><strong><span style=\"color: #993300;\">de transport les plus adapt\u00e9es <\/span><\/strong><strong><span style=\"color: #993300;\">aux besoins<\/span><\/strong> des agents et r\u00e9pondant \u00e0 l\u2019objectif de la transition \u00e9nerg\u00e9tique et environnementale.<\/p>\n<h3>Les indemnit\u00e9s diverses<\/h3>\n<p>La CFDT mettra \u00e0 l\u2019ordre du jour de ce rendez-vous salarial les deux indemnit\u00e9s statutaires : le suppl\u00e9ment familial de traitement (SFT) et l\u2019indemnit\u00e9 de r\u00e9sidence.<br \/>\n<strong><span style=\"color: #993300;\">Le SFT doit \u00eatre forfaitis\u00e9 et calcul\u00e9 en fonction du nombre des enfants \u00e0 charge sans tenir compte de l\u2019indice avec une hausse significative du montant pour un seul enfant \u00e0 charge. Et l\u2019indemnit\u00e9 de r\u00e9sidence doit \u00eatre r\u00e9vis\u00e9e.<\/span><\/strong><br \/>\nEn 2018, nous avons obtenu l\u2019am\u00e9lioration du remboursement des frais de missions, nuit\u00e9es et frais kilom\u00e9trique.<br \/>\nLe Gouvernement a toutefois refus\u00e9 la revalorisation des frais de repas (toujours limit\u00e9s \u00e0 15,25 euros depuis 2006, qu\u2019il s\u2019agisse du repas du midi ou du soir). <strong><span style=\"color: #993300;\">La CFDT en revendique toujours la revalorisation.<\/span><\/strong><br \/>\n<strong><span style=\"color: #993300;\">Pour la CFDT, ces indemnit\u00e9s et ces remboursements de frais engag\u00e9s dans le cadre de l\u2019exercice des missions des agents doivent \u00eatre revus annuellement.<\/span><\/strong><br \/>\nNous rappelons que ces indemnit\u00e9s ne sont pas les seules dont nous exigeons la revalorisation : <strong><span style=\"color: #993300;\">astreintes diverses, travail de nuit&#8230; sans oublier le temps de travail suppl\u00e9mentaire<\/span><\/strong>.<\/p>\n<h3>Et enfin la CFDT demandera \u2026<\/h3>\n<p>\u2026 la publication des textes n\u00e9cessaires \u00e0 la mise en \u0153uvre de la GIPA pour 2019 (p\u00e9riode 2014-2018).<\/p>\n<p><strong><span style=\"color: #0000ff;\"><a style=\"color: #0000ff;\" href=\"https:\/\/cfdt-recherche-epst.org\/?attachment_id=12888\">la version en pdf ici<\/a><\/span><\/strong><\/p>\n<p><a href=\"https:\/\/cfdt-recherche-epst.org\/?attachment_id=12871\"><strong><span style=\"color: #0000ff;\">la version en pdf sous forme de livret est ici<\/span><\/strong><\/a><\/p>\n","protected":false},"excerpt":{"rendered":"<p>&nbsp; Tract sur pouvoir_dachat_2019_5_juin_2019-06-05_10-09-9_598 Les ann\u00e9es n\u00e9gatives pour le pouvoir d\u2019achat dans la Fonction publique se suivent : gel de la valeur du point, r\u00e9tablissement du jour de carence, augmentation de cotisation retraite, modalit\u00e9s de compensation de la hausse de la CSG d\u00e9gressive de fait \u00e0 compte du 1er janvier<\/p>\n","protected":false},"author":19,"featured_media":0,"comment_status":"closed","ping_status":"open","sticky":false,"template":"","format":"standard","meta":{"footnotes":""},"categories":[5],"tags":[],"class_list":["post-12868","post","type-post","status-publish","format-standard","hentry","category-epst","ct-col-2"],"amp_enabled":true,"_links":{"self":[{"href":"https:\/\/cfdt-recherche-epst.org\/index.php?rest_route=\/wp\/v2\/posts\/12868","targetHints":{"allow":["GET"]}}],"collection":[{"href":"https:\/\/cfdt-recherche-epst.org\/index.php?rest_route=\/wp\/v2\/posts"}],"about":[{"href":"https:\/\/cfdt-recherche-epst.org\/index.php?rest_route=\/wp\/v2\/types\/post"}],"author":[{"embeddable":true,"href":"https:\/\/cfdt-recherche-epst.org\/index.php?rest_route=\/wp\/v2\/users\/19"}],"replies":[{"embeddable":true,"href":"https:\/\/cfdt-recherche-epst.org\/index.php?rest_route=%2Fwp%2Fv2%2Fcomments&post=12868"}],"version-history":[{"count":9,"href":"https:\/\/cfdt-recherche-epst.org\/index.php?rest_route=\/wp\/v2\/posts\/12868\/revisions"}],"predecessor-version":[{"id":12999,"href":"https:\/\/cfdt-recherche-epst.org\/index.php?rest_route=\/wp\/v2\/posts\/12868\/revisions\/12999"}],"wp:attachment":[{"href":"https:\/\/cfdt-recherche-epst.org\/index.php?rest_route=%2Fwp%2Fv2%2Fmedia&parent=12868"}],"wp:term":[{"taxonomy":"category","embeddable":true,"href":"https:\/\/cfdt-recherche-epst.org\/index.php?rest_route=%2Fwp%2Fv2%2Fcategories&post=12868"},{"taxonomy":"post_tag","embeddable":true,"href":"https:\/\/cfdt-recherche-epst.org\/index.php?rest_route=%2Fwp%2Fv2%2Ftags&post=12868"}],"curies":[{"name":"wp","href":"https:\/\/api.w.org\/{rel}","templated":true}]}}