{"id":12946,"date":"2019-06-11T16:25:41","date_gmt":"2019-06-11T14:25:41","guid":{"rendered":"https:\/\/epst-sgen-cfdt.org\/?p=12946"},"modified":"2019-06-11T16:25:41","modified_gmt":"2019-06-11T14:25:41","slug":"election-cap-2-charges-de-recherche-de-linserm-votez-sgen-cfdt","status":"publish","type":"post","link":"https:\/\/cfdt-recherche-epst.org\/?p=12946","title":{"rendered":"\u00c9lection CAP 2 Charg\u00e9s de recherche de l&rsquo;Inserm &#8211; Votez Sgen-CFDT"},"content":{"rendered":"<table width=\"758\">\n<tbody>\n<tr>\n<td width=\"100%\">\n<table width=\"744\">\n<tbody>\n<tr>\n<td>\n<table width=\"758\">\n<tbody>\n<tr>\n<td width=\"100%\">\n<table width=\"744\">\n<tbody>\n<tr>\n<td style=\"text-align: center;\"><\/td>\n<td><strong>\u00a0<\/strong><\/td>\n<\/tr>\n<\/tbody>\n<\/table>\n<p><a href=\"https:\/\/cfdt-recherche-epst.org\/wp-content\/uploads\/2019\/05\/SGEN-Inserm-CAP-2-Prof.-FOI-2019-FINAL.pdf\">Lien vers la profession de foi Sgen-CFDT Recherche<sup>EPST<\/sup> pour la CAP des Charg\u00e9s de Recherche<\/a><\/p>\n<p><strong>C&rsquo;est votre vote qui permettra au Sgen-CFDT de d\u00e9fendre vos droits dans votre<\/strong><strong> CAP :<\/strong><\/p>\n<ul>\n<li>face \u00e0 une proc\u00e9dure disciplinaire ou en cas de proposition de non titularisation<\/li>\n<li>en commission de r\u00e9forme suite \u00e0 un accident de service, de trajet ou une maladie professionnelle<\/li>\n<li>pour l&rsquo;acc\u00e8s au t\u00e9l\u00e9travail pour les chercheurs volontaires, dans le respect des conditions pr\u00e9vues par la loi (de 1 \u00e0 3 jours)<\/li>\n<li>pour toute question d&rsquo;ordre individuel concernant par exemple la mobilit\u00e9, le licenciement, l&rsquo;autorisation d&rsquo;accomplir un service \u00e0 temps partiel, les cong\u00e9s ordinaires ou de maladie&#8230;<\/li>\n<\/ul>\n<p><strong>Le Sgen-CFDT a obtenu des d\u00e9roulements de carri\u00e8re sur au moins 2 grades (gr\u00e2ce au PPCR sign\u00e9 par le Sgen-CFDT) avec la cr\u00e9ation de la hors classe.<\/strong><\/p>\n<p><strong>Il s&rsquo;appuie sur un r\u00e9seau d&rsquo;\u00e9lus et de repr\u00e9sentants<\/strong><strong> dans toutes les instances de l&rsquo;Inserm <\/strong><a href=\"https:\/\/cfdt-recherche-epst.org\/wp-content\/uploads\/2019\/05\/Elu-e-s-et-representant-e-s-Sgen-CFDT-instances-Inserm-au-03_05_2019-1.pdf\">voir ICI<\/a><strong> , <\/strong><strong>notamment dans les 7 CAP <\/strong><strong>Chercheurs, Ing\u00e9nieurs et Techniciens. Avec eux, il revendique :<\/strong><\/p>\n<ul>\n<li>une augmentation des possibilit\u00e9s de promotions en hors classe (nombre insuffisant pour 2018 et 2019, inexistant pour 2017) et d&rsquo;acc\u00e8s au corps des directeurs de recherche<\/li>\n<li>de nouvelles am\u00e9liorations de carri\u00e8re avec la cr\u00e9ation d&rsquo;un \u00e9chelon suppl\u00e9mentaire HEB pour les CR HC sans contingentement<\/li>\n<li>la revalorisation des primes pour tous les chercheurs, align\u00e9es dans un premier temps, sur celle des ing\u00e9nieurs de recherche<\/li>\n<li>plus de moyens r\u00e9currents pour les laboratoires pour plus de temps consacr\u00e9 \u00e0 la recherche<\/li>\n<li>des cr\u00e9ations d&#8217;emploi statutaires dans la Recherche publique pour r\u00e9sorber la pr\u00e9carit\u00e9 et donner plus de perspectives aux jeunes chercheurs<\/li>\n<li>le maintien de CAP par corps et non par cat\u00e9gorie fonction publique (A, B, C)<\/li>\n<li>l&rsquo;abandon du projet d&rsquo;une nouvelle sanction disciplinaire pr\u00e9vue par le projet de loi Fonction publique, \u00e0 savoir l&rsquo;exclusion pour 1 \u00e0 3 jours sans passage devant la CAP<\/li>\n<\/ul>\n<p style=\"text-align: center;\">Le <strong>Sgen-CFDT Recherche<sup>EPST<\/sup><\/strong> pr\u00e9sente des candidats dans les 2 grades de Charg\u00e9s de recherche, comme il l&rsquo;a fait pour les autres CAP \u00e0 l&rsquo;Inserm :<\/p>\n<table width=\"595\">\n<tbody>\n<tr>\n<td>Monsieur G\u00e9rard LIZARD<\/td>\n<td>CR HC<\/td>\n<td>EA 7270<\/td>\n<td>Dijon<\/td>\n<\/tr>\n<tr>\n<td>Madame Virginie RINGA<\/td>\n<td>CR HC<\/td>\n<td>U 1018<\/td>\n<td>Villejuif<\/td>\n<\/tr>\n<tr>\n<td>Madame V\u00e9ronique MASSARI<\/td>\n<td>CR CN<\/td>\n<td>U 1136<\/td>\n<td>Paris<\/td>\n<\/tr>\n<tr>\n<td>Monsieur St\u00e9phane MARINESCO<\/td>\n<td>CR CN<\/td>\n<td>U 1028<\/td>\n<td>Lyon<\/td>\n<\/tr>\n<tr>\n<td>Madame Dominique MODROWSKI<\/td>\n<td>CR CN<\/td>\n<td>U 1132<\/td>\n<td>Paris<\/td>\n<\/tr>\n<tr>\n<td>Monsieur Fran\u00e7ois COULIER<\/td>\n<td>CR CN<\/td>\n<td>U 1068<\/td>\n<td>Marseille<\/td>\n<\/tr>\n<tr>\n<td>Madame Lydia RIOU<\/td>\n<td>CR CN<\/td>\n<td>U 1274<\/td>\n<td>Fontenay-aux Roses<\/td>\n<\/tr>\n<tr>\n<td>Madame B\u00e9atrice MARQU\u00c8ZE-POUEY<\/td>\n<td>CR CN<\/td>\n<td>U 1072<\/td>\n<td>Marseille<\/td>\n<\/tr>\n<\/tbody>\n<\/table>\n<p style=\"text-align: center;\"><strong>VOTRE VOTE <\/strong><strong>S<\/strong><strong>gen-CFDT<\/strong><strong> = NOTRE ACTION POUR<br \/>\n<\/strong><\/p>\n<p style=\"text-align: center;\"><strong>D\u00c9FENDRE TOUS VOS DROITS<br \/>\n<\/strong><\/p>\n<p style=\"text-align: center;\">Le Sgen-CFDT Recherche<sup>EPST<\/sup> &#8211; S\u2019engager pour chacun, Agir pour tous<\/p>\n<\/td>\n<\/tr>\n<\/tbody>\n<\/table>\n<\/td>\n<td><strong>\u00a0<\/strong><\/td>\n<\/tr>\n<\/tbody>\n<\/table>\n<table style=\"height: 10px;\" width=\"72\">\n<tbody>\n<tr>\n<td><\/td>\n<td><\/td>\n<td><\/td>\n<td><\/td>\n<\/tr>\n<tr>\n<td><\/td>\n<td><\/td>\n<td><\/td>\n<td><\/td>\n<\/tr>\n<tr>\n<td><\/td>\n<td><\/td>\n<td><\/td>\n<td><\/td>\n<\/tr>\n<tr>\n<td><\/td>\n<td><\/td>\n<td><\/td>\n<td><\/td>\n<\/tr>\n<tr>\n<td><\/td>\n<td><\/td>\n<td><\/td>\n<td><\/td>\n<\/tr>\n<tr>\n<td><\/td>\n<td><\/td>\n<td><\/td>\n<td><\/td>\n<\/tr>\n<tr>\n<td><\/td>\n<td><\/td>\n<td><\/td>\n<td><\/td>\n<\/tr>\n<tr>\n<td><\/td>\n<td><\/td>\n<td><\/td>\n<td><\/td>\n<\/tr>\n<\/tbody>\n<\/table>\n<p><strong>\u00a0<\/strong><\/td>\n<\/tr>\n<\/tbody>\n<\/table>\n","protected":false},"excerpt":{"rendered":"<p>\u00a0 Lien vers la profession de foi Sgen-CFDT RechercheEPST pour la CAP des Charg\u00e9s de Recherche C&rsquo;est votre vote qui permettra au Sgen-CFDT de d\u00e9fendre vos droits dans votre CAP : face \u00e0 une proc\u00e9dure disciplinaire ou en cas de proposition de non titularisation en commission de r\u00e9forme suite \u00e0<\/p>\n","protected":false},"author":19,"featured_media":0,"comment_status":"closed","ping_status":"open","sticky":false,"template":"","format":"standard","meta":{"footnotes":""},"categories":[5],"tags":[],"class_list":["post-12946","post","type-post","status-publish","format-standard","hentry","category-epst","ct-col-2"],"amp_enabled":true,"_links":{"self":[{"href":"https:\/\/cfdt-recherche-epst.org\/index.php?rest_route=\/wp\/v2\/posts\/12946","targetHints":{"allow":["GET"]}}],"collection":[{"href":"https:\/\/cfdt-recherche-epst.org\/index.php?rest_route=\/wp\/v2\/posts"}],"about":[{"href":"https:\/\/cfdt-recherche-epst.org\/index.php?rest_route=\/wp\/v2\/types\/post"}],"author":[{"embeddable":true,"href":"https:\/\/cfdt-recherche-epst.org\/index.php?rest_route=\/wp\/v2\/users\/19"}],"replies":[{"embeddable":true,"href":"https:\/\/cfdt-recherche-epst.org\/index.php?rest_route=%2Fwp%2Fv2%2Fcomments&post=12946"}],"version-history":[{"count":1,"href":"https:\/\/cfdt-recherche-epst.org\/index.php?rest_route=\/wp\/v2\/posts\/12946\/revisions"}],"predecessor-version":[{"id":12947,"href":"https:\/\/cfdt-recherche-epst.org\/index.php?rest_route=\/wp\/v2\/posts\/12946\/revisions\/12947"}],"wp:attachment":[{"href":"https:\/\/cfdt-recherche-epst.org\/index.php?rest_route=%2Fwp%2Fv2%2Fmedia&parent=12946"}],"wp:term":[{"taxonomy":"category","embeddable":true,"href":"https:\/\/cfdt-recherche-epst.org\/index.php?rest_route=%2Fwp%2Fv2%2Fcategories&post=12946"},{"taxonomy":"post_tag","embeddable":true,"href":"https:\/\/cfdt-recherche-epst.org\/index.php?rest_route=%2Fwp%2Fv2%2Ftags&post=12946"}],"curies":[{"name":"wp","href":"https:\/\/api.w.org\/{rel}","templated":true}]}}