{"id":1438,"date":"2016-07-08T08:16:49","date_gmt":"2016-07-08T07:16:49","guid":{"rendered":"http:\/\/sgencfdt.vjf.cnrs.fr\/?p=1438"},"modified":"2017-09-15T09:11:22","modified_gmt":"2017-09-15T08:11:22","slug":"informations-fonctions-publiques-augmentation-du-point-dindice-teletravail-gipa-penibilite","status":"publish","type":"post","link":"https:\/\/cfdt-recherche-epst.org\/?p=1438","title":{"rendered":"Informations Fonctions Publiques : Augmentation du point d&rsquo;indice \/ T\u00e9l\u00e9travail \/ GIPA \/ P\u00e9nibilit\u00e9"},"content":{"rendered":"<div class=\"cfdt-article\">\n<div class=\"sous-titre\">\n<div class=\"wysiwyg classic\">\n<p>Fonctions Publiques Informations n\u00b0 2 &#8211; Juillet 2016<\/p>\n<h2>Juillet marque le d\u00e9but de la pause estivale, synonyme de p\u00e9riode de cong\u00e9s pour de nombreux agents. Ce num\u00e9ro parle essentiellement de travail (t\u00e9l\u00e9travail, p\u00e9nibilit\u00e9), r\u00e9mun\u00e9ration (point d\u2019indice, SFT, GIPA) et logement.<\/h2>\n<\/div>\n<\/div>\n<div class=\"wysiwyg classic\">\n<h2>Au sommaire de ce num\u00e9ro\u00a0:<\/h2>\n<ul>\n<li style=\"padding-left: 30px;\"><strong>\u00c9dito\u00a0: <\/strong>Temps de travail : parlons d\u2019abord travail\u00a0!<\/li>\n<li style=\"padding-left: 30px;\"><strong>Revalorisation salariale\u00a0: <\/strong>Augmentation du point d\u2019indice et du SFT<\/li>\n<li style=\"padding-left: 30px;\"><strong>GIPA 2016\u00a0: <\/strong>La GIPA est reconduite pour 2016<\/li>\n<li style=\"padding-left: 30px;\"><strong>T\u00e9l\u00e9travail mode d\u2019emploi\u00a0: <\/strong>Le t\u00e9l\u00e9travail enfin possible dans la Fonction publique<\/li>\n<li style=\"padding-left: 30px;\"><strong>P\u00e9nibilit\u00e9 dans la Fonction publique\u00a0: <\/strong>Rapport sur la pr\u00e9vention et la prise en compte de la p\u00e9nibilit\u00e9 dans la Fonction publique<\/li>\n<li style=\"padding-left: 30px;\"><strong>Le logement des agents publics\u00a0: <\/strong>Se loger, pour en finir avec la gal\u00e8re\u00a0!<\/li>\n<li style=\"padding-left: 30px;\"><strong>L\u2019UFFA dans les m\u00e9dias<\/strong><\/li>\n<\/ul>\n<\/div>\n<\/div>\n<div id=\"cfdt-dossier-telechargement-bg\">\n<div id=\"cfdt-dossier-telechargement\">\n<h4><a href=\"https:\/\/www.cfdt.fr\/portail\/theme\/cfdt\/temps-de-travail-parlons-d-abord-travail-srv2_374009\" target=\"_blank\" rel=\"noopener\"><img loading=\"lazy\" decoding=\"async\" class=\"size-full wp-image-1439 aligncenter\" src=\"https:\/\/cfdt-recherche-epst.org\/wp-content\/uploads\/2016\/07\/FPT_N2.jpg\" alt=\"FPT_N2\" width=\"188\" height=\"272\" \/><\/a><\/h4>\n<p style=\"text-align: center;\"><a href=\"https:\/\/www.cfdt.fr\/portail\/theme\/cfdt\/temps-de-travail-parlons-d-abord-travail-srv2_374009\" target=\"_blank\" rel=\"noopener\">Cliquez pour ouvrir<\/a><\/p>\n<\/div>\n<\/div>\n<p>&nbsp;<\/p>\n<p>&nbsp;<\/p>\n<hr \/>\n<blockquote><p><em><span style=\"color: #ff9900;\">Retrouvez tous nos articles sur le t\u00e9l\u00e9travail :<\/span>\u00a0<a href=\"https:\/\/cfdt-recherche-epst.org\/?tag=teletravail\">https:\/\/cfdt-recherche-epst.org\/?tag=teletravail<\/a><\/em><\/p><\/blockquote>\n","protected":false},"excerpt":{"rendered":"<p>Fonctions Publiques Informations n\u00b0 2 &#8211; Juillet 2016 Juillet marque le d\u00e9but de la pause estivale, synonyme de p\u00e9riode de cong\u00e9s pour de nombreux agents. Ce num\u00e9ro parle essentiellement de travail (t\u00e9l\u00e9travail, p\u00e9nibilit\u00e9), r\u00e9mun\u00e9ration (point d\u2019indice, SFT, GIPA) et logement. Au sommaire de ce num\u00e9ro\u00a0: \u00c9dito\u00a0: Temps de travail :<\/p>\n","protected":false},"author":1,"featured_media":0,"comment_status":"closed","ping_status":"open","sticky":false,"template":"","format":"standard","meta":{"footnotes":""},"categories":[5],"tags":[93,123,100,70,81],"class_list":["post-1438","post","type-post","status-publish","format-standard","hentry","category-epst","tag-gipa","tag-penibilite","tag-point-indice","tag-sft","tag-teletravail","ct-col-2"],"amp_enabled":true,"_links":{"self":[{"href":"https:\/\/cfdt-recherche-epst.org\/index.php?rest_route=\/wp\/v2\/posts\/1438","targetHints":{"allow":["GET"]}}],"collection":[{"href":"https:\/\/cfdt-recherche-epst.org\/index.php?rest_route=\/wp\/v2\/posts"}],"about":[{"href":"https:\/\/cfdt-recherche-epst.org\/index.php?rest_route=\/wp\/v2\/types\/post"}],"author":[{"embeddable":true,"href":"https:\/\/cfdt-recherche-epst.org\/index.php?rest_route=\/wp\/v2\/users\/1"}],"replies":[{"embeddable":true,"href":"https:\/\/cfdt-recherche-epst.org\/index.php?rest_route=%2Fwp%2Fv2%2Fcomments&post=1438"}],"version-history":[{"count":3,"href":"https:\/\/cfdt-recherche-epst.org\/index.php?rest_route=\/wp\/v2\/posts\/1438\/revisions"}],"predecessor-version":[{"id":2254,"href":"https:\/\/cfdt-recherche-epst.org\/index.php?rest_route=\/wp\/v2\/posts\/1438\/revisions\/2254"}],"wp:attachment":[{"href":"https:\/\/cfdt-recherche-epst.org\/index.php?rest_route=%2Fwp%2Fv2%2Fmedia&parent=1438"}],"wp:term":[{"taxonomy":"category","embeddable":true,"href":"https:\/\/cfdt-recherche-epst.org\/index.php?rest_route=%2Fwp%2Fv2%2Fcategories&post=1438"},{"taxonomy":"post_tag","embeddable":true,"href":"https:\/\/cfdt-recherche-epst.org\/index.php?rest_route=%2Fwp%2Fv2%2Ftags&post=1438"}],"curies":[{"name":"wp","href":"https:\/\/api.w.org\/{rel}","templated":true}]}}