{"id":14380,"date":"2019-11-05T07:33:24","date_gmt":"2019-11-05T05:33:24","guid":{"rendered":"https:\/\/epst-sgen-cfdt.org\/?p=14380"},"modified":"2019-11-08T11:16:14","modified_gmt":"2019-11-08T09:16:14","slug":"budget-2020-il-est-encore-de-temps-dameliorer-la-remuneration-de-tous-les-agents-publics","status":"publish","type":"post","link":"https:\/\/cfdt-recherche-epst.org\/?p=14380","title":{"rendered":"Budget 2020 : il est encore temps d\u2019am\u00e9liorer la r\u00e9mun\u00e9ration de tous les agents publics"},"content":{"rendered":"<h2><img loading=\"lazy\" decoding=\"async\" class=\"size-medium wp-image-179 alignleft\" src=\"https:\/\/cfdt-recherche-epst.org\/wp-content\/uploads\/2015\/03\/stockvault-coins131439-300x187.jpg\" alt=\"\" width=\"300\" height=\"187\" \/>Texte de la d\u00e9claration intersyndicale prononc\u00e9e lors de la r\u00e9union de suivi du RDV salarial du 5 novembre 2019 au Minist\u00e8re des finances \u00e0 Bercy.<\/h2>\n<p>Alors que le gouvernement a d\u00e9cid\u00e9 d\u2019inscrire une r\u00e9union de suivi du RDV salarial \u00e0 l\u2019agenda social et que le budget 2020 est en cours de d\u00e9bat au Parlement, la CFDT, la CFTC, la CGC, la CGT, la FA-FP la FSU, Solidaires et l\u2019UNSA rappellent leur exigence d\u2019une revalorisation de la valeur du point d\u2019\u00edndice, base de la r\u00e9mun\u00e9ration de tous les agents publics, contractuels comme fonctionnaires et d\u2019une mesure g\u00e9n\u00e9rale indiciaire.<\/p>\n<p>Elles insistent sur la n\u00e9cessit\u00e9 de prendre rapidement des mesures positives pour le pouvoir d\u2019achat des agentes et des agents.<\/p>\n<p>Apr\u00e8s un nouveau gel de la valeur du point d\u2019indice depuis 2017, apr\u00e8s une hausse de la CSG sans gain de pouvoir d\u2019achat pour les seuls agents publics, elles constatent que le Gouvernement ne prend toujours pas en compte l\u2019\u00e9volution de l\u2019inflation ni la hausse annuelle des cotisations retraite depuis 10 ans. Les annonces de juillet dernier, m\u00eame si elles b\u00e9n\u00e9ficieront \u00e0 quelques-unes et quelques-uns, ne r\u00e9pondent pas \u00e0 la demande g\u00e9n\u00e9rale d\u2019une am\u00e9lioration r\u00e9elle des r\u00e9mun\u00e9rations de toutes et tous les agents publics.<\/p>\n<p>La CFDT, la CFTC, la CGT, la CGC, la FA-FP, la FSU, Solidaires et l\u2019UNSA insistent sur la reconnaissance indispensable par les employeurs publics de l\u2019engagement des agentes et des agents au service de la population, qui passe par une r\u00e9elle augmentation salariale dans un contexte de r\u00e9formes profondes et de baisse d\u2019attractivit\u00e9 des m\u00e9tiers de la fonction publique. L\u2019Etat, les collectivit\u00e9s territoriales et les employeurs hospitaliers se veulent des employeurs exemplaires : il ne tient qu\u2019\u00e0 eux de le prouver en construisant d\u00e8s maintenant les mesures salariales \u00e0 la hauteur des attentes l\u00e9gitimes des agentes et des agents.<\/p>\n<p>Paris le 5 novembre 2019<\/p>\n<p>______________________________<\/p>\n<h2>D\u00e9claration de la CFDT lors du rendez-vous salarial du 5 novembre 2019<\/h2>\n<p><strong><a href=\"https:\/\/cfdt-recherche-epst.org\/?attachment_id=14386\"><span style=\"color: #0000ff;\">en pdf ICI<\/span><\/a><\/strong><\/p>\n<p><em>Monsieur le ministre,<\/em><\/p>\n<p><em>Nous n\u2019avions gu\u00e8re d\u2019espoir de vous entendre annoncer aujourd\u2019hui un correctif des annonces faites le 2 juillet dernier, m\u00eame si les quelques annonces faites avancent. Nous pensons au texte Gipa publi\u00e9 r\u00e9cemment, \u00e0 la revalorisation des indemnit\u00e9s de repas, ou \u00e0 la r\u00e9vision de l\u2019indemnit\u00e9 CSG au programme du prochain conseil commun.<\/em><\/p>\n<p><em>Les agents publics devront donc encore attendre des mesures g\u00e9n\u00e9rales que nous revendiquons, y compris dans le cadre de la mise en \u0153uvre de PPCR, je le rappelle.<\/em><\/p>\n<p><em>Car PPCR ne se limitait pas \u00e0 une refonte des grilles. L\u2019id\u00e9e \u00e9tait bien de construire des grilles vivantes gr\u00e2ce \u00e0 des \u00e9chelonnements indiciaires revus et doubl\u00e9s d\u2019une augmentation r\u00e9guli\u00e8re de la valeur du point. Aujourd\u2019hui, les d\u00e9buts de carri\u00e8re sont une nouvelle fois rattrap\u00e9s par les augmentations successives du salaire minimum.<\/em><\/p>\n<p><em>Je le rappelle, d\u2019ailleurs, la mise en oeuvre de la proposition 10 du Pacte du pouvoir de vivre (port\u00e9 par une cinquantaine de partenaires syndicaux, associatifs et ONG) permettrait de faire \u00e9voluer les salaires en fonction de l\u2019\u00e9volution du SMIC dans la Fonction publique comme dans le priv\u00e9.<\/em><\/p>\n<p><em>Sur l\u2019\u00e9galit\u00e9 professionnelle, alors m\u00eame que tout \u00e0 l\u2019heure \u00e0 16h47 nous atteindrons le seuil tangible des \u00e9carts de salaires entre les femmes et les hommes, la CFDT ne renie rien de sa signature et m\u00eame, l\u2019assume totalement. Mais nous aurions souhait\u00e9, par exemple, que les diff\u00e9rents employeurs donnent de la visibilit\u00e9 sur des ratios de promotion permettant de rattraper les \u00e9carts de d\u00e9roulements de carri\u00e8re.<\/em><\/p>\n<p><em>Certes, les montants indemnitaires des agents de la fili\u00e8re sociale (assistant.es de service social et conseiller.es techniques de service social) seront enfin revaloris\u00e9s avec des plafonds align\u00e9s sur ceux de la cat\u00e9gorie A. Mais on est encore loin des mesures attendues sur l\u2019ensemble des r\u00e9mun\u00e9rations. Nous comptons que les r\u00e9sultats de l\u2019outil de comparaison qui sera ouvert en janvier prochain d\u00e9boucheront sur des mesures rapides. Et qu\u2019en sera-t-il pour les agents du versant hospitalier ?<\/em><\/p>\n<p><em>Nous avons bien not\u00e9 aussi les mesures relatives au CESU pour les agents de l\u2019\u00c9tat.<\/em><\/p>\n<p><em>Sur les mesures relatives aux questions de mobilit\u00e9s, la CFDT revendiquait la mise en oeuvre de l\u2019indemnit\u00e9 v\u00e9lo, d\u2019une indemnit\u00e9 pour les agents contraints d\u2019utiliser leur v\u00e9hicule pour se rendre \u00e0 leur travail, et l\u2019obligation de s\u2019inscrire dans des plans de d\u00e9placements concert\u00e9s. Si la mise en oeuvre d\u2019une indemnit\u00e9 forfaitaire peut en simplifier le versement, reste la question des plans de mobilit\u00e9s. La CFDT<\/em> <em>ose esp\u00e9rer que le dialogue social n\u00e9cessaire \u00e0 l\u2019\u00e9laboration de ces plans est bien per\u00e7u comme facilitateur.<\/em><\/p>\n<p><em>Je finirai par trois points :<\/em><\/p>\n<ul>\n<li><em>Le re-calcul de l\u2019indemnit\u00e9 compensatrice de la CSG le 1er janvier prochain ne solde rien de nos d\u00e9saccords. Le gouvernement fait le choix d\u2019instaurer une d\u00e9gressivit\u00e9 de fait de cette indemnit\u00e9. Une ann\u00e9e de gagn\u00e9e ne rend pas les pertes \u00e0 venir plus acceptables.<\/em><\/li>\n<li><em>Les politiques indemnitaires. Certes, certains se r\u00e9jouiront peut-\u00eatre de la fin du Rifseep tel qu\u2019il existe aujourd\u2019hui. Mais pourquoi ? Une am\u00e9lioration du pouvoir d\u2019achat ? La mise en oeuvre de l\u2019int\u00e9ressement collectif ? Non. Rien de tout cela, mais la seule g\u00e9n\u00e9ralisation de la part variable rebaptis\u00e9e \u00ab bonus \u00bb sans autre forme de proc\u00e8s. Nous sommes loin de ce que la CFDT revendique sur la forfaitisation du SFT, sur la revalorisation des astreintes diverses, sur la revalorisation du travail de nuit, sur la revalorisation du temps de travail suppl\u00e9mentaire (une revalorisation et non une d\u00e9socialisation des revenus du travail). En revanche, en temps de contrainte budg\u00e9taire forte, l\u2019individualisation avance sur le dos des collectifs.<\/em><\/li>\n<li><em>Et \u00e0 ce jour, m\u00eame si nous en prenons bonne note, toujours pas de d\u00e9but de n\u00e9gociation en vue sur la participation financi\u00e8re des employeurs \u00e0 la couverture compl\u00e9mentaire en sant\u00e9 et pr\u00e9voyance des agents. Le d\u00e9lai pr\u00e9vu pour proc\u00e9der par ordonnance tourne depuis la publication de la loi du 6 ao\u00fbt.<\/em><\/li>\n<\/ul>\n<p><em>Alors, \u00e0 l\u2019heure o\u00f9 \u00e9mergent des inqui\u00e9tudes -justifi\u00e9es ou non, l\u2019avenir nous le dira- \u00e0 propos de la r\u00e9forme des retraites, \u00e0 l\u2019heure o\u00f9 les agents subissent des restructurations qui le plus souvent refusent de dire leur nom (par souci d\u2019\u00e9conomie \u00e9pargnant ainsi la mise en oeuvre des mesures d\u2019accompagnement), \u00e0 l\u2019heure o\u00f9 les agents expriment un d\u00e9sengagement de plus en plus marqu\u00e9, le gouvernement serait bien inspir\u00e9 d\u2019ouvrir enfin des discussions permettant de construire une politique salariale \u00e0 la hauteur des enjeux. \u00c0 la hauteur de la reconnaissance attendue par les travailleuses et travailleurs de la Fonction publique.<\/em><\/p>\n<p>______________<\/p>\n<p><a href=\"https:\/\/cfdt-recherche-epst.org\/?attachment_id=14391\"><strong><span style=\"color: #0000ff;\">ICI la pr\u00e9sentation<\/span><\/strong><\/a> faite lors de ce RV salarial du 5 novembre 2019<\/p>\n<p>&nbsp;<\/p>\n<p>&nbsp;<\/p>\n<p>&nbsp;<\/p>\n<p>&nbsp;<\/p>\n","protected":false},"excerpt":{"rendered":"<p>Texte de la d\u00e9claration intersyndicale prononc\u00e9e lors de la r\u00e9union de suivi du RDV salarial du 5 novembre 2019 au Minist\u00e8re des finances \u00e0 Bercy. Alors que le gouvernement a d\u00e9cid\u00e9 d\u2019inscrire une r\u00e9union de suivi du RDV salarial \u00e0 l\u2019agenda social et que le budget 2020 est en cours<\/p>\n","protected":false},"author":19,"featured_media":0,"comment_status":"closed","ping_status":"open","sticky":false,"template":"","format":"standard","meta":{"footnotes":""},"categories":[5],"tags":[100,34],"class_list":["post-14380","post","type-post","status-publish","format-standard","hentry","category-epst","tag-point-indice","tag-remuneration","ct-col-2"],"amp_enabled":true,"_links":{"self":[{"href":"https:\/\/cfdt-recherche-epst.org\/index.php?rest_route=\/wp\/v2\/posts\/14380","targetHints":{"allow":["GET"]}}],"collection":[{"href":"https:\/\/cfdt-recherche-epst.org\/index.php?rest_route=\/wp\/v2\/posts"}],"about":[{"href":"https:\/\/cfdt-recherche-epst.org\/index.php?rest_route=\/wp\/v2\/types\/post"}],"author":[{"embeddable":true,"href":"https:\/\/cfdt-recherche-epst.org\/index.php?rest_route=\/wp\/v2\/users\/19"}],"replies":[{"embeddable":true,"href":"https:\/\/cfdt-recherche-epst.org\/index.php?rest_route=%2Fwp%2Fv2%2Fcomments&post=14380"}],"version-history":[{"count":10,"href":"https:\/\/cfdt-recherche-epst.org\/index.php?rest_route=\/wp\/v2\/posts\/14380\/revisions"}],"predecessor-version":[{"id":14438,"href":"https:\/\/cfdt-recherche-epst.org\/index.php?rest_route=\/wp\/v2\/posts\/14380\/revisions\/14438"}],"wp:attachment":[{"href":"https:\/\/cfdt-recherche-epst.org\/index.php?rest_route=%2Fwp%2Fv2%2Fmedia&parent=14380"}],"wp:term":[{"taxonomy":"category","embeddable":true,"href":"https:\/\/cfdt-recherche-epst.org\/index.php?rest_route=%2Fwp%2Fv2%2Fcategories&post=14380"},{"taxonomy":"post_tag","embeddable":true,"href":"https:\/\/cfdt-recherche-epst.org\/index.php?rest_route=%2Fwp%2Fv2%2Ftags&post=14380"}],"curies":[{"name":"wp","href":"https:\/\/api.w.org\/{rel}","templated":true}]}}