{"id":15131,"date":"2019-12-12T13:15:30","date_gmt":"2019-12-12T11:15:30","guid":{"rendered":"https:\/\/epst-sgen-cfdt.org\/?p=15131"},"modified":"2019-12-12T13:15:30","modified_gmt":"2019-12-12T11:15:30","slug":"le-sgen-cfdt-appelle-a-la-greve-et-a-la-mobilisation-le-17-decembre-2019","status":"publish","type":"post","link":"https:\/\/cfdt-recherche-epst.org\/?p=15131","title":{"rendered":"Le Sgen-CFDT appelle \u00e0 la gr\u00e8ve et \u00e0 la mobilisation le 17 d\u00e9cembre 2019."},"content":{"rendered":"<p class=\"gmail-western\" style=\"margin-bottom: 0cm; line-height: 100%; font-family: 'Times New Roman',serif; font-size: 12pt; direction: ltr; color: #00000a; text-align: center;\"><span style=\"font-family: Calibri, serif;\"><span style=\"font-size: medium;\"><b>Retraites : un projet \u00e0 revoir<\/b><\/span><\/span><\/p>\n<h1 class=\"gmail-western\" style=\"font-family: 'Times New Roman',sans-serif; margin-bottom: 0.21cm;\" align=\"center\"><span style=\"font-family: Calibri, serif;\"><span style=\"font-size: medium;\">Le Sgen-CFDT appelle \u00e0 la gr\u00e8ve et \u00e0 la mobilisation<\/span><\/span><span style=\"font-family: Calibri, serif;\"><span style=\"font-size: medium;\"> le 17 d\u00e9cembre 2019.<\/span><\/span><\/h1>\n<p class=\"gmail-western\" style=\"font-family: 'Times New Roman',serif; font-size: 12pt; margin-bottom: 0.25cm; direction: ltr; color: #00000a; line-height: 120%; text-align: left;\" align=\"justify\"><span style=\"font-family: Arial, sans-serif;\"><span style=\"font-size: medium;\">Le projet pr\u00e9sent\u00e9 par le premier ministre acte de fait un recul de l\u2019\u00e2ge de d\u00e9part en retraite d\u00e8s 2022 pour tout le monde. Cette mesure param\u00e9trique d\u00e9nature la r\u00e9forme pour un syst\u00e8me de retraite universel porteur de justice sociale tel que voulu par la CFDT. Le Sgen-CFDT appelle donc \u00e0 la gr\u00e8ve le 17 d\u00e9cembre et sera dans l\u2019action et avec l\u2019ensemble de la CFDT.<\/span><\/span><\/p>\n<p class=\"gmail-western\" style=\"font-family: 'Times New Roman',serif; font-size: 12pt; margin-bottom: 0.25cm; direction: ltr; color: #00000a; line-height: 120%; text-align: left;\"><span style=\"font-family: Arial, sans-serif;\">Cette disposition imposera aux agent n\u00e9s \u00e0 partir de 1960 et bien qu\u2019ils aient une carri\u00e8re compl\u00e8te \u00e0 travailler plus longtemps sous peine d\u2019une d\u00e9cote. Elle frappera tout particuli\u00e8rement les agents des cat\u00e9gories B et C aux r\u00e9mun\u00e9rations d\u00e9j\u00e0 faibles et aux carri\u00e8res peu valoris\u00e9es. Une partie des cat\u00e9gories A dont les enseignants sera \u00e9galement impact\u00e9e.<\/span><\/p>\n<p class=\"gmail-western\" style=\"font-family: 'Times New Roman',serif; font-size: 12pt; margin-bottom: 0.25cm; direction: ltr; color: #00000a; line-height: 120%; text-align: left;\"><span style=\"font-family: Arial, sans-serif;\">Le Sgen-CFDT d\u00e9nonce cette mesure en contradiction avec les annonces, confirm\u00e9e par le Premier ministre, de revalorisation pour compenser par les salaires le changement de mode de calcul des retraites. Le gouvernement doit ouvrir des n\u00e9gociations pour faire \u00e9voluer son projet.<\/span><\/p>\n","protected":false},"excerpt":{"rendered":"<p>Retraites : un projet \u00e0 revoir Le Sgen-CFDT appelle \u00e0 la gr\u00e8ve et \u00e0 la mobilisation le 17 d\u00e9cembre 2019. Le projet pr\u00e9sent\u00e9 par le premier ministre acte de fait un recul de l\u2019\u00e2ge de d\u00e9part en retraite d\u00e8s 2022 pour tout le monde. Cette mesure param\u00e9trique d\u00e9nature la r\u00e9forme<\/p>\n","protected":false},"author":19,"featured_media":0,"comment_status":"closed","ping_status":"open","sticky":false,"template":"","format":"standard","meta":{"footnotes":""},"categories":[5],"tags":[],"class_list":["post-15131","post","type-post","status-publish","format-standard","hentry","category-epst","ct-col-2"],"amp_enabled":true,"_links":{"self":[{"href":"https:\/\/cfdt-recherche-epst.org\/index.php?rest_route=\/wp\/v2\/posts\/15131","targetHints":{"allow":["GET"]}}],"collection":[{"href":"https:\/\/cfdt-recherche-epst.org\/index.php?rest_route=\/wp\/v2\/posts"}],"about":[{"href":"https:\/\/cfdt-recherche-epst.org\/index.php?rest_route=\/wp\/v2\/types\/post"}],"author":[{"embeddable":true,"href":"https:\/\/cfdt-recherche-epst.org\/index.php?rest_route=\/wp\/v2\/users\/19"}],"replies":[{"embeddable":true,"href":"https:\/\/cfdt-recherche-epst.org\/index.php?rest_route=%2Fwp%2Fv2%2Fcomments&post=15131"}],"version-history":[{"count":1,"href":"https:\/\/cfdt-recherche-epst.org\/index.php?rest_route=\/wp\/v2\/posts\/15131\/revisions"}],"predecessor-version":[{"id":15132,"href":"https:\/\/cfdt-recherche-epst.org\/index.php?rest_route=\/wp\/v2\/posts\/15131\/revisions\/15132"}],"wp:attachment":[{"href":"https:\/\/cfdt-recherche-epst.org\/index.php?rest_route=%2Fwp%2Fv2%2Fmedia&parent=15131"}],"wp:term":[{"taxonomy":"category","embeddable":true,"href":"https:\/\/cfdt-recherche-epst.org\/index.php?rest_route=%2Fwp%2Fv2%2Fcategories&post=15131"},{"taxonomy":"post_tag","embeddable":true,"href":"https:\/\/cfdt-recherche-epst.org\/index.php?rest_route=%2Fwp%2Fv2%2Ftags&post=15131"}],"curies":[{"name":"wp","href":"https:\/\/api.w.org\/{rel}","templated":true}]}}