{"id":15272,"date":"2019-12-19T12:27:38","date_gmt":"2019-12-19T10:27:38","guid":{"rendered":"https:\/\/epst-sgen-cfdt.org\/?p=15272"},"modified":"2020-01-03T12:02:37","modified_gmt":"2020-01-03T10:02:37","slug":"reforme-des-retraites-la-balle-est-dans-le-camp-du-gouvernement","status":"publish","type":"post","link":"https:\/\/cfdt-recherche-epst.org\/?p=15272","title":{"rendered":"R\u00e9forme des retraites : La balle est dans le camp du gouvernement"},"content":{"rendered":"<div class=\"row\">\n<div class=\"metas col-xs-48 col-sm-32\">\n<div class=\"date\">Publi\u00e9 le 19\/12\/2019 Par J\u00e9r\u00f4me Citron <a href=\"https:\/\/www.cfdt.fr\/portail\/actualites\/l-avenir-des-retraites\/reforme-des-retraites-la-balle-est-dans-le-camp-du-gouvernement-srv2_1084693\">ICI<\/a><\/div>\n<\/div>\n<div class=\"social col-xs-48 col-sm-16 push-right hidden-xs hidden-sm\"><\/div>\n<\/div>\n<div class=\"intro\">\n<div class=\"wysiwyg classic\">\n<p class=\"14Textecourant\">Plus de 650\u00a0000\u00a0manifestants dans une quarantaine de cort\u00e8ges partout en France. La journ\u00e9e de mobilisation du 17\u00a0d\u00e9cembre a \u00e9t\u00e9 un succ\u00e8s et un message clair adress\u00e9 au gouvernement. Le projet pr\u00e9sent\u00e9 par le Premier ministre le 11\u00a0d\u00e9cembre doit \u00e9voluer s\u2019il veut avoir une chance de convaincre les Fran\u00e7ais. En annon\u00e7ant une mesure d\u2019\u00e2ge d\u00e8s 2022, le gouvernement a sciemment ignor\u00e9 les positions des organisations syndicales r\u00e9formistes favorables \u00e0 la cr\u00e9ation d\u2019un syst\u00e8me de retraite universel, conduisant logiquement la CFDT, la CFTC, l\u2019Unsa et la Fage (premier syndicat \u00e9tudiant de France) \u00e0 se mobiliser \u00e0 leur tour.<\/p>\n<p class=\"15Intertitre\"><strong>Des discussions \u00e0 reprendre<\/strong><\/p>\n<p class=\"14Textecourant\">La contestation du projet s\u2019est ainsi g\u00e9n\u00e9ralis\u00e9e, m\u00eame si les organisations syndicales sont loin de partager le m\u00eame point de vue. La CGT, FO et Sud demandent le retrait de l\u2019ensemble de la r\u00e9forme et ne veulent pas entendre parler de syst\u00e8me universel ou de points tandis que la CFDT refuse de condamner l\u2019ensemble du projet. Favorable \u00e0 la mise en place d\u2019un syst\u00e8me unique, elle est pr\u00eate \u00e0 reprendre les discussions si le gouvernement retire sa mesure sur l\u2019\u00e2ge pivot<\/p>\n<p class=\"14Textecourant\">Particuli\u00e8rement p\u00e9nalisant, cet \u00e2ge d\u2019\u00e9quilibre fix\u00e9 \u00e0 64\u00a0ans contraindrait nombre de personnes ayant commenc\u00e9 \u00e0 travailler t\u00f4t et qui ont eu les m\u00e9tiers les plus difficiles \u00e0 diff\u00e9rer leur d\u00e9part \u00e0 la retraite alors m\u00eame qu\u2019ils pouvaient justifier d\u2019un nombre suffisant de trimestres pour faire valoir leur droit \u00e0 pension d\u00e8s 62\u00a0ans. \u00ab\u00a0<em>C\u2019est une mesure injuste qu\u2019il faut retirer sans d\u00e9lai. Il n\u2019y a pas de n\u00e9gociation possible sur ce sujet. Ce choix purement budg\u00e9taire, s\u2019il \u00e9tait maintenu, mettrait en p\u00e9ril toute la r\u00e9forme<\/em>\u00a0\u00bb, a r\u00e9affirm\u00e9 Laurent Berger en r\u00e9pondant au gouvernement, qui affirme que la mesure peut \u00eatre discut\u00e9e tout en refusant de la retirer.<\/p>\n<p class=\"14Textecourant\">\u00ab\u00a0<em>La CFDT a toujours su faire preuve de responsabilit\u00e9 en mati\u00e8re d\u2019\u00e9quilibre des r\u00e9gimes de retraite, <\/em>a rappel\u00e9 le secr\u00e9taire g\u00e9n\u00e9ral.<em> Dans le projet pr\u00e9sent\u00e9 par le Premier ministre, il est pr\u00e9vu que les partenaires sociaux aient la responsabilit\u00e9 de la gouvernance. C\u2019est dans ce cadre que nous devons examiner la question de l\u2019\u00e9quilibre du syst\u00e8me \u00e0 court, moyen et long termes. Et les choix qui se pr\u00e9sentent \u00e0 nous ne se limitent pas \u00e0 un report de l\u2019\u00e2ge de d\u00e9part sous la contrainte d\u2019un malus.<\/em>\u00a0\u00bb<\/p>\n<p class=\"14Textecourant\">Pour la CFDT, l\u2019\u00e9quilibre \u00e0 court et moyen termes n\u2019est pas menac\u00e9, contrairement \u00e0 ce que laisse entendre le gouvernement. Le rapport du Conseil d\u2019orientation des retraites (COR), qui sert depuis plusieurs semaines \u00e0 justifier l\u2019instauration d\u2019une mesure d\u2019\u00e2ge d\u00e8s 2022, est instrumentalis\u00e9 par l\u2019ex\u00e9cutif. Le document explique en effet que le d\u00e9ficit de 7 \u00e0 12\u00a0milliards annonc\u00e9 pour 2025 s\u2019explique par une moindre participation de l\u2019\u00c9tat au syst\u00e8me et non par une fuite en avant des d\u00e9penses qui n\u00e9cessiterait d\u2019intervenir en urgence afin d\u2019\u00e9viter une d\u00e9rive des comptes. \u00ab\u00a0<em>Il y a une construction politique pour faire croire aux Fran\u00e7ais que le probl\u00e8me n<sup>o<\/sup>\u00a01 des retraites est d\u2019ordre budg\u00e9taire. Ce n\u2019est pas vrai. La question n<sup>o<\/sup>\u00a01 est celle de la justice sociale et de l\u2019\u00e9quit\u00e9<\/em>\u00a0\u00bb, insiste Laurent Berger.<\/p>\n<p class=\"14Textecourant\">Apr\u00e8s plus d\u2019une semaine de contestation, tous les regards se tournent vers Matignon, qui n\u2019a pas encore fait de proposition de sortie de crise. Seules de nouvelles r\u00e9unions avec les partenaires sociaux ont \u00e9t\u00e9 annonc\u00e9es et la nomination d\u2019un nouveau secr\u00e9taire d\u2019\u00c9tat charg\u00e9 des retraites, le d\u00e9put\u00e9 LREM du Nord Laurent Pietraszewski. Celui qui devait \u00eatre rapporteur de la loi \u00e0 l\u2019Assembl\u00e9e nationale se voit confier la t\u00e2che de trouver une issue \u00e0 ce dossier mal engag\u00e9.<\/p>\n<p class=\"14Textecourant\">Deux discussions devraient se tenir en parall\u00e8le dans les jours \u00e0 venir. L\u2019une sur ce fameux \u00e2ge pivot et le pilotage financier du futur r\u00e9gime (aussi appel\u00e9 la gouvernance) et une autre sur les probl\u00e9matiques de certaines professions, notamment le cas tr\u00e8s sp\u00e9cifique des r\u00e9gimes sp\u00e9ciaux. La CFDT appelle le gouvernement \u00e0 faire des propositions afin que les transports puissent \u00eatre \u00e0 nouveau op\u00e9rationnels et souhaite, quoi qu\u2019il arrive dans les prochains jours, que les usagers puissent voyager pendant les f\u00eates de fin d\u2019ann\u00e9e, quitte \u00e0 faire une pause dans le mouvement <em>.<\/em><\/p>\n<p class=\"14Textecourant\">Tout l\u2019enjeu aujourd\u2019hui est d\u2019obtenir de l\u2019ex\u00e9cutif des marges de man\u0153uvre pour mettre fin \u00e0 toute id\u00e9e d\u2019\u00e2ge pivot et ainsi pouvoir se concentrer sur les v\u00e9ritables enjeux\u00a0: la construction d\u2019un syst\u00e8me universel qui apporte du progr\u00e8s social. Il reste du travail pour aboutir car de nombreux sujets sont encore flous dans la r\u00e9forme pr\u00e9sent\u00e9e (p\u00e9nibilit\u00e9, minimum contributif, retraite progressive, etc.). \u00ab\u00a0<em>Ne nous trompons pas d\u2019enjeu<\/em>\u00a0\u00bb, insiste Laurent Berger.<\/p>\n<\/div>\n<p class=\"18Encadrtitre\"><span style=\"color: #339966;\"><strong>\u00c2ge d\u2019\u00e9quilibre\u2026 de quoi parle-t-on exactement\u00a0?<\/strong><\/span><\/p>\n<p class=\"19Encadrtexte\"><span style=\"color: #339966;\">Le projet pr\u00e9sent\u00e9 le 11\u00a0d\u00e9cembre pr\u00e9voit qu\u2019\u00e0 compter du 1er\u00a0janvier 2022 un \u00e2ge d\u2019\u00e9quilibre se mette progressivement en place. \u00c0 cette date, il serait de 62\u00a0ans et 4\u00a0mois, puis augmenterait de 4\u00a0mois par an pour atteindre 64\u00a0ans en 2027. Les salari\u00e9s qui d\u00e9cideraient de partir avant ou apr\u00e8s cette date auraient un malus ou un bonus de 5\u00a0% par ann\u00e9e (de plus ou de moins). Tr\u00e8s flou, le projet ne pr\u00e9cise pas si cette mesure s\u2019appliquerait sans tenir compte du nombre de trimestres n\u00e9cessaires pour obtenir une retraite \u00e0 taux plein. Autrement dit, une personne devant partir \u00e0 65\u00a0ans pour avoir une retraite \u00e0 taux plein aura-t-elle le droit \u00e0 un bonus\u00a0? Maigre ouverture, le gouvernement laisse la possibilit\u00e9 \u00e0 la \u00ab\u00a0nouvelle gouvernance du syst\u00e8me\u00a0\u00bb, donc aux partenaires sociaux, de modifier ces r\u00e8gles s\u2019ils parviennent \u00e0 un accord qui garantit l\u2019\u00e9quilibre financier du syst\u00e8me selon des conditions drastiques, donc impossible en l\u2019\u00e9tat.<\/span><\/p>\n<\/div>\n","protected":false},"excerpt":{"rendered":"<p>Publi\u00e9 le 19\/12\/2019 Par J\u00e9r\u00f4me Citron ICI Plus de 650\u00a0000\u00a0manifestants dans une quarantaine de cort\u00e8ges partout en France. La journ\u00e9e de mobilisation du 17\u00a0d\u00e9cembre a \u00e9t\u00e9 un succ\u00e8s et un message clair adress\u00e9 au gouvernement. Le projet pr\u00e9sent\u00e9 par le Premier ministre le 11\u00a0d\u00e9cembre doit \u00e9voluer s\u2019il veut avoir une<\/p>\n","protected":false},"author":19,"featured_media":0,"comment_status":"closed","ping_status":"open","sticky":false,"template":"","format":"standard","meta":{"footnotes":""},"categories":[5],"tags":[],"class_list":["post-15272","post","type-post","status-publish","format-standard","hentry","category-epst","ct-col-2"],"amp_enabled":true,"_links":{"self":[{"href":"https:\/\/cfdt-recherche-epst.org\/index.php?rest_route=\/wp\/v2\/posts\/15272","targetHints":{"allow":["GET"]}}],"collection":[{"href":"https:\/\/cfdt-recherche-epst.org\/index.php?rest_route=\/wp\/v2\/posts"}],"about":[{"href":"https:\/\/cfdt-recherche-epst.org\/index.php?rest_route=\/wp\/v2\/types\/post"}],"author":[{"embeddable":true,"href":"https:\/\/cfdt-recherche-epst.org\/index.php?rest_route=\/wp\/v2\/users\/19"}],"replies":[{"embeddable":true,"href":"https:\/\/cfdt-recherche-epst.org\/index.php?rest_route=%2Fwp%2Fv2%2Fcomments&post=15272"}],"version-history":[{"count":2,"href":"https:\/\/cfdt-recherche-epst.org\/index.php?rest_route=\/wp\/v2\/posts\/15272\/revisions"}],"predecessor-version":[{"id":15274,"href":"https:\/\/cfdt-recherche-epst.org\/index.php?rest_route=\/wp\/v2\/posts\/15272\/revisions\/15274"}],"wp:attachment":[{"href":"https:\/\/cfdt-recherche-epst.org\/index.php?rest_route=%2Fwp%2Fv2%2Fmedia&parent=15272"}],"wp:term":[{"taxonomy":"category","embeddable":true,"href":"https:\/\/cfdt-recherche-epst.org\/index.php?rest_route=%2Fwp%2Fv2%2Fcategories&post=15272"},{"taxonomy":"post_tag","embeddable":true,"href":"https:\/\/cfdt-recherche-epst.org\/index.php?rest_route=%2Fwp%2Fv2%2Ftags&post=15272"}],"curies":[{"name":"wp","href":"https:\/\/api.w.org\/{rel}","templated":true}]}}