{"id":15329,"date":"2019-12-13T15:57:54","date_gmt":"2019-12-13T13:57:54","guid":{"rendered":"https:\/\/epst-sgen-cfdt.org\/?p=15329"},"modified":"2020-02-18T13:14:59","modified_gmt":"2020-02-18T11:14:59","slug":"decryptage-du-discours-du-premier-ministre-devant-le-cese","status":"publish","type":"post","link":"https:\/\/cfdt-recherche-epst.org\/?p=15329","title":{"rendered":"D\u00e9cryptage du discours du premier ministre devant le CESE"},"content":{"rendered":"<p>Un communiqu\u00e9 de la CFDT :<\/p>\n<p>Mercredi 11 d\u00e9cembre \u00e0 midi, le Premier ministre a pr\u00e9sent\u00e9 le projet gouvernemental de cr\u00e9ation d\u2019un syst\u00e8me universel de retraites. Ce discours fait suite aux conclusions de la concertation men\u00e9e par le Haut-commissaire aux retraites (HCR) avec les partenaires sociaux depuis pr\u00e8s de 2 ans.<br \/>\nLa CFDT est depuis longtemps favorable \u00e0 une r\u00e9forme en profondeur de notre syst\u00e8me de retraites, afin de le rendre plus lisible et plus juste. Elle a particip\u00e9 activement aux concertations. Ses revendications sont notamment formalis\u00e9es dans le Manifeste pour les retraites (octobre 2018), qui s\u2019est appuy\u00e9 sur l\u2019enqu\u00eate Parlons retraites (120 000 r\u00e9pondants).<\/p>\n<p>Nos revendications sont claires, nos lignes rouges aussi.<br \/>\nCertains \u00e9l\u00e9ments du rapport Delevoye ont \u00e9t\u00e9 retenus par le Premier ministre. Mais le discours de ce dernier au CESE n\u2019a pas permis de donner un v\u00e9ritable contenu social au projet, et il a m\u00eame confirm\u00e9 l\u2019intention du gouvernement de mener rapidement une r\u00e9forme param\u00e9trique avec une mesure d\u2019\u00e2ge.<\/p>\n<p>UNE REFORME QUI REPREND L\u2019ESSENTIEL DU RAPPORT DELEVOYE<br \/>\nDans son discours, le Premier ministre a repris les propositions du rapport Delevoye, qui comportent un certain nombre d\u2019\u00e9l\u00e9ments port\u00e9s par la CFDT.<br \/>\nAinsi, le syst\u00e8me universel devrait \u00eatre :<br \/>\n&#8211; Fond\u00e9 sur la r\u00e9partition.<br \/>\n&#8211; Calcul\u00e9 en points&#8230;<\/p>\n<p>\u2026 lire la suite ici :<\/p>\n<p>https:\/\/cfdt-recherche-epst.org\/?attachment_id=15330<\/p>\n<p>&nbsp;<\/p>\n","protected":false},"excerpt":{"rendered":"<p>Un communiqu\u00e9 de la CFDT : Mercredi 11 d\u00e9cembre \u00e0 midi, le Premier ministre a pr\u00e9sent\u00e9 le projet gouvernemental de cr\u00e9ation d\u2019un syst\u00e8me universel de retraites. Ce discours fait suite aux conclusions de la concertation men\u00e9e par le Haut-commissaire aux retraites (HCR) avec les partenaires sociaux depuis pr\u00e8s de 2<\/p>\n","protected":false},"author":19,"featured_media":0,"comment_status":"closed","ping_status":"open","sticky":false,"template":"","format":"standard","meta":{"footnotes":""},"categories":[5],"tags":[],"class_list":["post-15329","post","type-post","status-publish","format-standard","hentry","category-epst","ct-col-2"],"amp_enabled":true,"_links":{"self":[{"href":"https:\/\/cfdt-recherche-epst.org\/index.php?rest_route=\/wp\/v2\/posts\/15329","targetHints":{"allow":["GET"]}}],"collection":[{"href":"https:\/\/cfdt-recherche-epst.org\/index.php?rest_route=\/wp\/v2\/posts"}],"about":[{"href":"https:\/\/cfdt-recherche-epst.org\/index.php?rest_route=\/wp\/v2\/types\/post"}],"author":[{"embeddable":true,"href":"https:\/\/cfdt-recherche-epst.org\/index.php?rest_route=\/wp\/v2\/users\/19"}],"replies":[{"embeddable":true,"href":"https:\/\/cfdt-recherche-epst.org\/index.php?rest_route=%2Fwp%2Fv2%2Fcomments&post=15329"}],"version-history":[{"count":2,"href":"https:\/\/cfdt-recherche-epst.org\/index.php?rest_route=\/wp\/v2\/posts\/15329\/revisions"}],"predecessor-version":[{"id":15989,"href":"https:\/\/cfdt-recherche-epst.org\/index.php?rest_route=\/wp\/v2\/posts\/15329\/revisions\/15989"}],"wp:attachment":[{"href":"https:\/\/cfdt-recherche-epst.org\/index.php?rest_route=%2Fwp%2Fv2%2Fmedia&parent=15329"}],"wp:term":[{"taxonomy":"category","embeddable":true,"href":"https:\/\/cfdt-recherche-epst.org\/index.php?rest_route=%2Fwp%2Fv2%2Fcategories&post=15329"},{"taxonomy":"post_tag","embeddable":true,"href":"https:\/\/cfdt-recherche-epst.org\/index.php?rest_route=%2Fwp%2Fv2%2Ftags&post=15329"}],"curies":[{"name":"wp","href":"https:\/\/api.w.org\/{rel}","templated":true}]}}