{"id":15333,"date":"2019-12-12T16:08:44","date_gmt":"2019-12-12T14:08:44","guid":{"rendered":"https:\/\/epst-sgen-cfdt.org\/?p=15333"},"modified":"2020-01-07T16:18:06","modified_gmt":"2020-01-07T14:18:06","slug":"mobilisation-du-17-decembre-declaration-commune","status":"publish","type":"post","link":"https:\/\/cfdt-recherche-epst.org\/?p=15333","title":{"rendered":"Mobilisation du 17 d\u00e9cembre : d\u00e9claration commune"},"content":{"rendered":"<p>Tract pour le 17 d\u00e9cembre 2019 : <a href=\"https:\/\/cfdt-recherche-epst.org\/?attachment_id=15338\" rel=\"attachment wp-att-15338\">69 &#8211; R\u00e9forme des retraites &#8211; Tract CFDT<\/a><\/p>\n<p>Un syst\u00e8me de retraite plus juste et plus solidaire, nos organisations le veulent et se sont engag\u00e9es loyalement depuis de longs mois dans les discussions.<\/p>\n<p>Mais malgr\u00e9 des ouvertures et des avanc\u00e9es que nous ne nions pas, certaines annonces du Premier Ministre font aujourd\u2019hui obstacle \u00e0 sa construction.<\/p>\n<p>En imposant malgr\u00e9 nos alertes, une mesure d\u2019\u00e2ge injuste et injustifi\u00e9e, qui va forcer les salari\u00e9s \u00e0 travailler plus longtemps, et va p\u00e9naliser d\u2019abord ceux qui ont commenc\u00e9 \u00e0 travailler jeunes, il fait donc le choix des \u00e9conomies de court terme, plut\u00f4t que de la justice sociale. Cette mesure qui impacterait ceux qui partiront \u00e0 la retraite d\u00e8s 2022, doit \u00eatre retir\u00e9e.<\/p>\n<p>Par ailleurs, le gouvernement doit r\u00e9pondre \u00e0 nos demandes sur des sujets cruciaux pour les travailleurs\u00a0:<\/p>\n<ul>\n<li>La p\u00e9nibilit\u00e9, \u00e0 la hauteur de ce que vivent les travailleurs<\/li>\n<li>Les mesures attendues pour les travailleurs des fonctions publiques et les travailleurs des r\u00e9gimes sp\u00e9ciaux<\/li>\n<li>La retraite progressive<\/li>\n<li>Le minimum de pension.<\/li>\n<\/ul>\n<p><strong>Aujourd\u2019hui, sur ces bases, nous appelons \u00e0 la mobilisation de l\u2019ensemble des travailleurs et des jeunes le 17 d\u00e9cembre et nous demandons au gouvernement de r\u00e9-ouvrir les discussions pour un syst\u00e8me de retraite r\u00e9ellement juste <\/strong><strong>et solidaire.<\/strong><\/p>\n<p>https:\/\/cfdt-recherche-epst.org\/?attachment_id=15334<\/p>\n<p>Paris, le 12 d\u00e9cembre 2019<\/p>\n<p><strong><u>Contacts presse<\/u><\/strong><\/p>\n<p><strong>CFDT<\/strong> &#8211; Dominique Primault, 06 43 75 92 73<\/p>\n<p><strong>CFTC<\/strong> \u2013 Paul Mercier, 06 33 26 08 71<\/p>\n<p><strong>LA FAGE<\/strong> &#8211; Samuel Chastagner &#8211; Guerra, 06 75 33 79 30<\/p>\n<p><strong>UNSA<\/strong> \u2013 Patricia Rejneiro, 06 75 07 89 84<\/p>\n<p><strong>\u00a0\u00a0\u00a0\u00a0\u00a0\u00a0\u00a0\u00a0\u00a0\u00a0\u00a0\u00a0\u00a0 <\/strong><strong>\u00a0\u00a0\u00a0\u00a0\u00a0\u00a0\u00a0\u00a0\u00a0\u00a0 <\/strong><strong>\u00a0\u00a0\u00a0\u00a0\u00a0\u00a0 <\/strong><\/p>\n","protected":false},"excerpt":{"rendered":"<p>Tract pour le 17 d\u00e9cembre 2019 : 69 &#8211; R\u00e9forme des retraites &#8211; Tract CFDT Un syst\u00e8me de retraite plus juste et plus solidaire, nos organisations le veulent et se sont engag\u00e9es loyalement depuis de longs mois dans les discussions. Mais malgr\u00e9 des ouvertures et des avanc\u00e9es que nous ne<\/p>\n","protected":false},"author":19,"featured_media":0,"comment_status":"closed","ping_status":"open","sticky":false,"template":"","format":"standard","meta":{"footnotes":""},"categories":[5],"tags":[],"class_list":["post-15333","post","type-post","status-publish","format-standard","hentry","category-epst","ct-col-2"],"amp_enabled":true,"_links":{"self":[{"href":"https:\/\/cfdt-recherche-epst.org\/index.php?rest_route=\/wp\/v2\/posts\/15333","targetHints":{"allow":["GET"]}}],"collection":[{"href":"https:\/\/cfdt-recherche-epst.org\/index.php?rest_route=\/wp\/v2\/posts"}],"about":[{"href":"https:\/\/cfdt-recherche-epst.org\/index.php?rest_route=\/wp\/v2\/types\/post"}],"author":[{"embeddable":true,"href":"https:\/\/cfdt-recherche-epst.org\/index.php?rest_route=\/wp\/v2\/users\/19"}],"replies":[{"embeddable":true,"href":"https:\/\/cfdt-recherche-epst.org\/index.php?rest_route=%2Fwp%2Fv2%2Fcomments&post=15333"}],"version-history":[{"count":3,"href":"https:\/\/cfdt-recherche-epst.org\/index.php?rest_route=\/wp\/v2\/posts\/15333\/revisions"}],"predecessor-version":[{"id":15339,"href":"https:\/\/cfdt-recherche-epst.org\/index.php?rest_route=\/wp\/v2\/posts\/15333\/revisions\/15339"}],"wp:attachment":[{"href":"https:\/\/cfdt-recherche-epst.org\/index.php?rest_route=%2Fwp%2Fv2%2Fmedia&parent=15333"}],"wp:term":[{"taxonomy":"category","embeddable":true,"href":"https:\/\/cfdt-recherche-epst.org\/index.php?rest_route=%2Fwp%2Fv2%2Fcategories&post=15333"},{"taxonomy":"post_tag","embeddable":true,"href":"https:\/\/cfdt-recherche-epst.org\/index.php?rest_route=%2Fwp%2Fv2%2Ftags&post=15333"}],"curies":[{"name":"wp","href":"https:\/\/api.w.org\/{rel}","templated":true}]}}