{"id":15553,"date":"2020-01-16T18:24:12","date_gmt":"2020-01-16T16:24:12","guid":{"rendered":"https:\/\/epst-sgen-cfdt.org\/?p=15553"},"modified":"2021-09-08T09:54:13","modified_gmt":"2021-09-08T07:54:13","slug":"reforme-des-retraites-la-transition-entre-deux-regimes","status":"publish","type":"post","link":"https:\/\/cfdt-recherche-epst.org\/?p=15553","title":{"rendered":"R\u00e9forme des retraites : la transition entre les deux r\u00e9gimes pour les fonctionnaires"},"content":{"rendered":"<h2>Ce que veut la CFDT pour le calcul de la pension<\/h2>\n<p><strong>Qui sera concern\u00e9 par la transition entre les deux r\u00e9gimes ?<\/strong><br \/>\n<span style=\"color: #ff0000;\">Tous les agents n\u00e9s entre 1975 et avant 2004<\/span> et qui feront valoir leur droit \u00e0 pension \u00e0 partir du 1er janvier 2025. La pension sera \u00e9quivalente \u00e0 l\u2019addition des droits acquis selon les r\u00e8gles du r\u00e9gime actuel au prorata du nombre d\u2019ann\u00e9es pendant lesquelles vous y aurez \u00e9t\u00e9 affili\u00e9.e et des droits acquis selon les r\u00e8gles du r\u00e9gime universel \u00e0 partir du 1er janvier 2025.<br \/>\n<span style=\"color: #ff0000;\">Si vous \u00eates n\u00e9.e avant 1975,<\/span> vous n\u2019\u00eates pas concern\u00e9.e : votre pension sera enti\u00e8rement calcul\u00e9e en fonction des r\u00e8gles actuelles.<\/p>\n<h2 style=\"text-align: center;\">La revendication de la CFDT<\/h2>\n<p><strong>Comment \u00e7a va marcher ?<\/strong><br \/>\n\u00c0 la liquidation de la retraite, on calcule :<br \/>\n\u25a0 La retraite \u00ab nouveau r\u00e9gime \u00bb = nombre de points accumul\u00e9s depuis 2025 x valeur de service du point.<br \/>\n\u25a0 La retraite \u00ab ancien r\u00e9gime \u00bb calcul\u00e9e selon les anciennes r\u00e8gles (dur\u00e9e, d\u00e9cote ou surcote, etc.) sur la base du dernier indice d\u00e9tenu 6 mois avant la liquidation. Cette retraite ancien r\u00e9gime est ensuite proratis\u00e9e en fonction du temps de carri\u00e8re pass\u00e9 dans l\u2019ancien r\u00e9gime.<br \/>\n\u25a0 Le montant total de la retraite est la somme de ces deux pensions.<\/p>\n<p><strong>La CFDT exige que le dernier salaire pris en compte dans le calcul de la pension \u00ab ancien r\u00e9gime \u00bb soit le dernier salaire de la carri\u00e8re, et pas le salaire de d\u00e9cembre 2024<\/strong> !<\/p>\n<h3 style=\"text-align: center;\">Pourquoi cette revendication ?<\/h3>\n<p>Cette revendication permet de respecter le \u00ab contrat \u00bb sur les modalit\u00e9s de calcul de la retraite, et la fameuse r\u00e8gle dite des \u00ab six derniers mois \u00bb<\/p>\n<p>Cette revendication permet de<strong> conserver les droits r\u00e9ellement acquis dans le respect des r\u00e8gles du r\u00e9gime de retraite actuel !<\/strong><\/p>\n<p>https:\/\/cfdt-recherche-epst.org\/?attachment_id=15556<\/p>\n<p>&nbsp;<\/p>\n","protected":false},"excerpt":{"rendered":"<p>Ce que veut la CFDT pour le calcul de la pension Qui sera concern\u00e9 par la transition entre les deux r\u00e9gimes ? Tous les agents n\u00e9s entre 1975 et avant 2004 et qui feront valoir leur droit \u00e0 pension \u00e0 partir du 1er janvier 2025. La pension sera \u00e9quivalente \u00e0<\/p>\n","protected":false},"author":19,"featured_media":0,"comment_status":"closed","ping_status":"open","sticky":false,"template":"","format":"standard","meta":{"footnotes":""},"categories":[443,11],"tags":[],"class_list":["post-15553","post","type-post","status-publish","format-standard","hentry","category-carriere","category-retraite","ct-col-2"],"amp_enabled":true,"_links":{"self":[{"href":"https:\/\/cfdt-recherche-epst.org\/index.php?rest_route=\/wp\/v2\/posts\/15553","targetHints":{"allow":["GET"]}}],"collection":[{"href":"https:\/\/cfdt-recherche-epst.org\/index.php?rest_route=\/wp\/v2\/posts"}],"about":[{"href":"https:\/\/cfdt-recherche-epst.org\/index.php?rest_route=\/wp\/v2\/types\/post"}],"author":[{"embeddable":true,"href":"https:\/\/cfdt-recherche-epst.org\/index.php?rest_route=\/wp\/v2\/users\/19"}],"replies":[{"embeddable":true,"href":"https:\/\/cfdt-recherche-epst.org\/index.php?rest_route=%2Fwp%2Fv2%2Fcomments&post=15553"}],"version-history":[{"count":6,"href":"https:\/\/cfdt-recherche-epst.org\/index.php?rest_route=\/wp\/v2\/posts\/15553\/revisions"}],"predecessor-version":[{"id":15659,"href":"https:\/\/cfdt-recherche-epst.org\/index.php?rest_route=\/wp\/v2\/posts\/15553\/revisions\/15659"}],"wp:attachment":[{"href":"https:\/\/cfdt-recherche-epst.org\/index.php?rest_route=%2Fwp%2Fv2%2Fmedia&parent=15553"}],"wp:term":[{"taxonomy":"category","embeddable":true,"href":"https:\/\/cfdt-recherche-epst.org\/index.php?rest_route=%2Fwp%2Fv2%2Fcategories&post=15553"},{"taxonomy":"post_tag","embeddable":true,"href":"https:\/\/cfdt-recherche-epst.org\/index.php?rest_route=%2Fwp%2Fv2%2Ftags&post=15553"}],"curies":[{"name":"wp","href":"https:\/\/api.w.org\/{rel}","templated":true}]}}