{"id":15673,"date":"2020-01-30T13:54:38","date_gmt":"2020-01-30T11:54:38","guid":{"rendered":"https:\/\/epst-sgen-cfdt.org\/?p=15673"},"modified":"2020-01-30T13:54:38","modified_gmt":"2020-01-30T11:54:38","slug":"les-revendications-de-la-cfdt-pour-un-regime-universel-des-retraites-porteur-de-justice-sociale","status":"publish","type":"post","link":"https:\/\/cfdt-recherche-epst.org\/?p=15673","title":{"rendered":"Les revendications de la CFDT pour un r\u00e9gime universel des retraites porteur de justice sociale"},"content":{"rendered":"<p><span style=\"margin: 0px; line-height: 115%; font-family: 'Arial',sans-serif; font-size: 12pt;\"><span style=\"color: #000000;\">Alors que la conf\u00e9rence de financement doit s\u2019ouvrir ce jeudi 30 janvier, la CFDT tenait ce matin une conf\u00e9rence de presse, dont vous pourrez retrouver la vid\u00e9o sur le site de la CFDT <\/span><\/span><a href=\"https:\/\/www.cfdt.fr\/portail\/actualites\/l-avenir-des-retraites\/-video-reforme-des-retraites-ce-que-veut-la-cfdt-srv2_1088365\"><span style=\"margin: 0px; line-height: 115%; font-family: 'Arial',sans-serif; font-size: 12pt;\">\u00e0 cette adresse<\/span><\/a><span style=\"margin: 0px; line-height: 115%; font-family: 'Arial',sans-serif; font-size: 12pt;\"><span style=\"color: #000000;\">. L\u2019objectif de celle-ci\u00a0: rappeler les exigences de la CFDT au moment de l\u2019ouverture du d\u00e9bat parlementaire.<\/span><\/span><\/p>\n<p><span style=\"margin: 0px; line-height: 115%; font-family: 'Arial',sans-serif; font-size: 12pt;\"><span style=\"color: #000000;\">Plusieurs documents sont \u00e0 votre disposition\u00a0: <\/span><\/span><\/p>\n<p><span style=\"color: #000000;\"><span style=\"margin: 0px; line-height: 115%; font-family: 'Arial',sans-serif; font-size: 12pt;\">&#8211;<span style=\"font: 7pt 'Times New Roman'; margin: 0px; font-size-adjust: none; font-stretch: normal;\">\u00a0\u00a0\u00a0\u00a0\u00a0\u00a0 <\/span><\/span><span style=\"margin: 0px; line-height: 115%; font-family: 'Arial',sans-serif; font-size: 12pt;\">Le <\/span><\/span><a href=\"https:\/\/www.cfdt.fr\/upload\/docs\/application\/pdf\/2020-01\/reforme_des_retraites_-_renouer_avec_le_sens_et_le_contenu_dun_regime_universel.pdf\"><span style=\"margin: 0px; line-height: 115%; font-family: 'Arial',sans-serif; font-size: 12pt;\">cahier revendicatif CFDT<\/span><\/a><span style=\"margin: 0px; line-height: 115%; font-family: 'Arial',sans-serif; font-size: 12pt;\"><span style=\"color: #000000;\"> pour r\u00e9affirmer nos exigences dans ce moment cl\u00e9\u00a0qu\u2019est l\u2019ouverture du d\u00e9bat parlementaire.<\/span><\/span><\/p>\n<p><span style=\"color: #000000;\"><span style=\"margin: 0px; line-height: 115%; font-family: 'Arial',sans-serif; font-size: 12pt;\">&#8211;<span style=\"font: 7pt 'Times New Roman'; margin: 0px; font-size-adjust: none; font-stretch: normal;\">\u00a0\u00a0\u00a0\u00a0\u00a0\u00a0 <\/span><\/span><span style=\"margin: 0px; line-height: 115%; font-family: 'Arial',sans-serif; font-size: 12pt;\">Une <\/span><\/span><a href=\"https:\/\/www.cfdt.fr\/upload\/docs\/application\/pdf\/2020-01\/reforme_des_retraites_-_sujets_damendements_portes_par_la_cfdt.pdf\"><span style=\"margin: 0px; line-height: 115%; font-family: 'Arial',sans-serif; font-size: 12pt;\">synth\u00e8se des sujets sur lesquels la CFDT a d\u2019ores et d\u00e9j\u00e0 propos\u00e9 des amendements aux parlementaires<\/span><\/a><span style=\"margin: 0px; line-height: 115%; font-family: 'Arial',sans-serif; font-size: 12pt;\"><span style=\"color: #000000;\">.<\/span><\/span><\/p>\n<p><span style=\"color: #000000;\"><span style=\"margin: 0px; line-height: 115%; font-family: 'Arial',sans-serif; font-size: 12pt;\">&#8211;<span style=\"font: 7pt 'Times New Roman'; margin: 0px; font-size-adjust: none; font-stretch: normal;\">\u00a0\u00a0\u00a0\u00a0\u00a0\u00a0 <\/span><\/span><span style=\"margin: 0px; line-height: 115%; font-family: 'Arial',sans-serif; font-size: 12pt;\">Les amendements transmis aux parlementaires dans leur int\u00e9gralit\u00e9 (en annexe \u00e0 cette circulaire).<\/span><\/span><\/p>\n<p><span style=\"color: #000000;\"><span style=\"margin: 0px; line-height: 115%; font-family: 'Arial',sans-serif; font-size: 12pt;\">&#8211;<span style=\"font: 7pt 'Times New Roman'; margin: 0px; font-size-adjust: none; font-stretch: normal;\">\u00a0\u00a0\u00a0\u00a0\u00a0\u00a0 <\/span><\/span><span style=\"margin: 0px; line-height: 115%; font-family: 'Arial',sans-serif; font-size: 12pt;\">Un <\/span><\/span><a href=\"https:\/\/www.cfdt.fr\/upload\/docs\/application\/pdf\/2020-01\/la_cfdt_et_la_reforme_systemique_des_retraites_-_retour_aux_sources.pdf\"><span style=\"margin: 0px; line-height: 115%; font-family: 'Arial',sans-serif; font-size: 12pt;\">document retra\u00e7ant l\u2019historique des positions de la CFDT<\/span><\/a><span style=\"margin: 0px; line-height: 115%; font-family: 'Arial',sans-serif; font-size: 12pt;\"><span style=\"color: #000000;\"> en mati\u00e8re de r\u00e9forme syst\u00e9mique des retraites.<\/span><\/span><\/p>\n<p><span style=\"color: #000000;\"><span style=\"margin: 0px; line-height: 115%; font-family: 'Arial',sans-serif; font-size: 12pt;\">&#8211;<span style=\"font: 7pt 'Times New Roman'; margin: 0px; font-size-adjust: none; font-stretch: normal;\">\u00a0\u00a0\u00a0\u00a0\u00a0\u00a0 <\/span><\/span><span style=\"margin: 0px; line-height: 115%; font-family: 'Arial',sans-serif; font-size: 12pt;\">Et une <\/span><\/span><a href=\"https:\/\/www.cfdt.fr\/upload\/docs\/application\/pdf\/2020-01\/chronologie_de_la_reforme_des_retraites_de_2020_a_2037.pdf\"><span style=\"margin: 0px; line-height: 115%; font-family: 'Arial',sans-serif; font-size: 12pt;\">frise chronologique<\/span><\/a><span style=\"margin: 0px; line-height: 115%; font-family: 'Arial',sans-serif; font-size: 12pt;\"><span style=\"color: #000000;\"> de la r\u00e9forme.<\/span><\/span><\/p>\n<p><span style=\"margin: 0px; font-family: 'Arial',sans-serif; font-size: 12pt;\"><span style=\"color: #000000;\">La plupart de ces \u00e9l\u00e9ments sont disponibles sur le site internet de la CFDT. De m\u00eame <\/span><\/span><span style=\"margin: 0px; font-family: 'Calibri',sans-serif; font-size: 11pt;\"><a href=\"https:\/\/www.cfdt.fr\/portail\/actualites\/l-avenir-des-retraites\/les-reponses-a-vos-questions-sur-la-reforme-des-retraites-srv2_1086987\"><span style=\"margin: 0px; font-family: 'Arial',sans-serif; font-size: 12pt;\">la foire aux questions<\/span><\/a><\/span><span style=\"margin: 0px; font-family: 'Arial',sans-serif; font-size: 12pt;\"><span style=\"color: #000000;\"> sur la r\u00e9forme des retraites continue \u00e0 \u00eatre compl\u00e9t\u00e9e par de nouvelles questions-r\u00e9ponses.<\/span><\/span><\/p>\n","protected":false},"excerpt":{"rendered":"<p>Alors que la conf\u00e9rence de financement doit s\u2019ouvrir ce jeudi 30 janvier, la CFDT tenait ce matin une conf\u00e9rence de presse, dont vous pourrez retrouver la vid\u00e9o sur le site de la CFDT \u00e0 cette adresse. L\u2019objectif de celle-ci\u00a0: rappeler les exigences de la CFDT au moment de l\u2019ouverture du<\/p>\n","protected":false},"author":19,"featured_media":0,"comment_status":"closed","ping_status":"open","sticky":false,"template":"","format":"standard","meta":{"footnotes":""},"categories":[5],"tags":[],"class_list":["post-15673","post","type-post","status-publish","format-standard","hentry","category-epst","ct-col-2"],"amp_enabled":true,"_links":{"self":[{"href":"https:\/\/cfdt-recherche-epst.org\/index.php?rest_route=\/wp\/v2\/posts\/15673","targetHints":{"allow":["GET"]}}],"collection":[{"href":"https:\/\/cfdt-recherche-epst.org\/index.php?rest_route=\/wp\/v2\/posts"}],"about":[{"href":"https:\/\/cfdt-recherche-epst.org\/index.php?rest_route=\/wp\/v2\/types\/post"}],"author":[{"embeddable":true,"href":"https:\/\/cfdt-recherche-epst.org\/index.php?rest_route=\/wp\/v2\/users\/19"}],"replies":[{"embeddable":true,"href":"https:\/\/cfdt-recherche-epst.org\/index.php?rest_route=%2Fwp%2Fv2%2Fcomments&post=15673"}],"version-history":[{"count":1,"href":"https:\/\/cfdt-recherche-epst.org\/index.php?rest_route=\/wp\/v2\/posts\/15673\/revisions"}],"predecessor-version":[{"id":15674,"href":"https:\/\/cfdt-recherche-epst.org\/index.php?rest_route=\/wp\/v2\/posts\/15673\/revisions\/15674"}],"wp:attachment":[{"href":"https:\/\/cfdt-recherche-epst.org\/index.php?rest_route=%2Fwp%2Fv2%2Fmedia&parent=15673"}],"wp:term":[{"taxonomy":"category","embeddable":true,"href":"https:\/\/cfdt-recherche-epst.org\/index.php?rest_route=%2Fwp%2Fv2%2Fcategories&post=15673"},{"taxonomy":"post_tag","embeddable":true,"href":"https:\/\/cfdt-recherche-epst.org\/index.php?rest_route=%2Fwp%2Fv2%2Ftags&post=15673"}],"curies":[{"name":"wp","href":"https:\/\/api.w.org\/{rel}","templated":true}]}}