{"id":15749,"date":"2020-01-28T10:49:43","date_gmt":"2020-01-28T08:49:43","guid":{"rendered":"https:\/\/epst-sgen-cfdt.org\/?p=15749"},"modified":"2021-09-08T09:54:13","modified_gmt":"2021-09-08T07:54:13","slug":"video-reforme-des-retraites-ce-que-veut-la-cfdt","status":"publish","type":"post","link":"https:\/\/cfdt-recherche-epst.org\/?p=15749","title":{"rendered":"[Vid\u00e9o] R\u00e9forme des retraites : ce que veut la CFDT"},"content":{"rendered":"<div class=\"intro\">\n<div class=\"wysiwyg classic\">\n<div class=\"row\">\n<div>\n<div style=\"padding-left: 40px;\"><a href=\"https:\/\/www.cfdt.fr\/portail\/actualites\/l-avenir-des-retraites\/-video-reforme-des-retraites-ce-que-veut-la-cfdt-srv2_1088365\">Publi\u00e9 (site de la CFDT) le 28\/01\/2020 Par J\u00e9r\u00f4me Citron<\/a><\/div>\n<div><\/div>\n<p style=\"padding-left: 40px;\"><strong>Alors que le projet de loi sur les retraites commence \u00e0 \u00eatre \u00e9tudi\u00e9 par les d\u00e9put\u00e9s et que va se tenir la premi\u00e8re r\u00e9union de la conf\u00e9rence de financement, le 30 janvier, la CFDT a tenu une conf\u00e9rence, mercredi 29 janvier, pour r\u00e9affirmer ses positions.<\/strong><\/p>\n<\/div>\n<div class=\"social col-xs-48 col-sm-16 push-right hidden-xs hidden-sm\">\n<div><\/div>\n<\/div>\n<\/div>\n<\/div>\n<\/div>\n<div class=\"img\">\u00ab\u00a0<em>Il est urgent de renouer avec le sens et le contenu d\u2019un r\u00e9gime universel<\/em>\u00a0\u00bb. Alors que le projet de loi sur les retraites entre dans une deuxi\u00e8me phase avec son examen par les d\u00e9put\u00e9s, Laurent Berger a r\u00e9affirm\u00e9 les positions de la CFDT. \u00ab<em>\u00a0En l\u2019\u00e9tat actuel, le projet ne nous convient pas\u00a0!<\/em>\u00a0a-t-il pr\u00e9venu. <em>Nous attendons des r\u00e9ponses rapides, notamment sur la p\u00e9nibilit\u00e9 qui est pour nous un sujet essentiel<\/em>\u00a0\u00bb. La CFDT se tourne donc vers les d\u00e9put\u00e9s afin qu\u2019ils prennent leur responsabilit\u00e9 au cours de l\u2019examen du texte. Elle a r\u00e9dig\u00e9 \u00e0 leur intention une trentaine d\u2019amendements dont ils peuvent s\u2019emparer pour les d\u00e9fendre dans l\u2019h\u00e9micycle. Ces amendements qui reprennent les revendications de la CFDT peuvent \u00eatre class\u00e9s en trois grandes exigences.<\/div>\n<div class=\"wysiwyg classic\">\n<p><strong>Les trois exigences de la CFDT<\/strong><\/p>\n<table border=\"0\" align=\"right\">\n<tbody>\n<tr>\n<td><\/td>\n<td><\/td>\n<td><\/td>\n<td><iframe loading=\"lazy\" src=\"https:\/\/www.dailymotion.com\/embed\/video\/x7r8i7x\" width=\"300\" height=\"180\" frameborder=\"0\" allowfullscreen=\"allowfullscreen\" data-mce-fragment=\"1\"><\/iframe><\/td>\n<td><\/td>\n<td><\/td>\n<td><\/td>\n<\/tr>\n<\/tbody>\n<\/table>\n<p>La premi\u00e8re exigence concerne tout ce qui a trait \u00e0 la solidarit\u00e9. La CFDT souhaite des avanc\u00e9es sur le minimum de pension et sur la prise en compte des p\u00e9riodes de ch\u00f4mage. La deuxi\u00e8me exigence rassemble les sujets li\u00e9s \u00e0 la justice du syst\u00e8me. La CFDT propose ainsi une meilleure prise en compte de la p\u00e9nibilit\u00e9, un dispositif sp\u00e9cifique pour les jeunes qui peinent \u00e0 s\u2019ins\u00e9rer sur le march\u00e9 du travail et des droits familiaux forfaitaire et non calcul\u00e9s en pourcentage. Enfin, la CFDT exige des avanc\u00e9es en mati\u00e8re de libert\u00e9 accord\u00e9e aux salari\u00e9s \u00e0 travers un v\u00e9ritable droit \u00e0 la retraite progressive et la cr\u00e9ation d\u2019une banque des temps qui permette d\u2019avoir davantage de prise sur son d\u00e9part \u00e0 la retraite et ainsi mieux concilier les diff\u00e9rents temps de la vie.<\/p>\n<p>\u00ab\u00a0<em>Ces avanc\u00e9es sont n\u00e9cessaires pour faire de cette r\u00e9forme une v\u00e9ritable r\u00e9forme de justice sociale<\/em> \u00bb, a martel\u00e9 Laurent Berger. Alors que la conf\u00e9rence de financement se r\u00e9unira pour la premi\u00e8re fois jeudi 30 janvier, il n\u2019est pas question pour la CFDT d\u2019attendre la fin de ses travaux pour \u00e9tudier les amendements qu\u2019elle propose. \u00ab\u00a0<em>Nos revendications doivent \u00eatre prises en compte d\u00e8s la premi\u00e8re lecture du texte \u00e0 l\u2019Assembl\u00e9e nationale. C\u2019est la condition pour que la conf\u00e9rence de financement puisse se d\u00e9rouler sereinement.\u00a0<\/em>\u00bb, a expliqu\u00e9 le secr\u00e9taire g\u00e9n\u00e9ral. Et sur cette conf\u00e9rence de financement, la CFDT a \u00e9galement des revendications et une exigence de transparence, notamment sur les chiffrages qui ont tant manqu\u00e9s au cours de la concertation men\u00e9e ces derniers mois. \u00ab <em>Les efforts ne devront pas reposer que sur les salari\u00e9s et les agents<\/em>, pr\u00e9vient Laurent Berger<em>. Nous n\u2019accepterons pas que revienne par la fen\u00eatre un \u00e2ge pivot que nous avons r\u00e9ussi \u00e0 faire dispara\u00eetre du projet de loi.<\/em>\u00a0\u00bb Le message ne peut \u00eatre plus clair.<\/p>\n<p><strong><a>jcitron@cfdt.fr<\/a><\/strong><\/p>\n<\/div>\n","protected":false},"excerpt":{"rendered":"<p>Publi\u00e9 (site de la CFDT) le 28\/01\/2020 Par J\u00e9r\u00f4me Citron Alors que le projet de loi sur les retraites commence \u00e0 \u00eatre \u00e9tudi\u00e9 par les d\u00e9put\u00e9s et que va se tenir la premi\u00e8re r\u00e9union de la conf\u00e9rence de financement, le 30 janvier, la CFDT a tenu une conf\u00e9rence, mercredi 29<\/p>\n","protected":false},"author":19,"featured_media":0,"comment_status":"closed","ping_status":"open","sticky":false,"template":"","format":"standard","meta":{"footnotes":""},"categories":[443,11],"tags":[],"class_list":["post-15749","post","type-post","status-publish","format-standard","hentry","category-carriere","category-retraite","ct-col-2"],"amp_enabled":true,"_links":{"self":[{"href":"https:\/\/cfdt-recherche-epst.org\/index.php?rest_route=\/wp\/v2\/posts\/15749","targetHints":{"allow":["GET"]}}],"collection":[{"href":"https:\/\/cfdt-recherche-epst.org\/index.php?rest_route=\/wp\/v2\/posts"}],"about":[{"href":"https:\/\/cfdt-recherche-epst.org\/index.php?rest_route=\/wp\/v2\/types\/post"}],"author":[{"embeddable":true,"href":"https:\/\/cfdt-recherche-epst.org\/index.php?rest_route=\/wp\/v2\/users\/19"}],"replies":[{"embeddable":true,"href":"https:\/\/cfdt-recherche-epst.org\/index.php?rest_route=%2Fwp%2Fv2%2Fcomments&post=15749"}],"version-history":[{"count":8,"href":"https:\/\/cfdt-recherche-epst.org\/index.php?rest_route=\/wp\/v2\/posts\/15749\/revisions"}],"predecessor-version":[{"id":15837,"href":"https:\/\/cfdt-recherche-epst.org\/index.php?rest_route=\/wp\/v2\/posts\/15749\/revisions\/15837"}],"wp:attachment":[{"href":"https:\/\/cfdt-recherche-epst.org\/index.php?rest_route=%2Fwp%2Fv2%2Fmedia&parent=15749"}],"wp:term":[{"taxonomy":"category","embeddable":true,"href":"https:\/\/cfdt-recherche-epst.org\/index.php?rest_route=%2Fwp%2Fv2%2Fcategories&post=15749"},{"taxonomy":"post_tag","embeddable":true,"href":"https:\/\/cfdt-recherche-epst.org\/index.php?rest_route=%2Fwp%2Fv2%2Ftags&post=15749"}],"curies":[{"name":"wp","href":"https:\/\/api.w.org\/{rel}","templated":true}]}}