{"id":15754,"date":"2020-01-30T10:57:17","date_gmt":"2020-01-30T08:57:17","guid":{"rendered":"https:\/\/epst-sgen-cfdt.org\/?p=15754"},"modified":"2020-02-03T11:05:18","modified_gmt":"2020-02-03T09:05:18","slug":"tous-les-outils-cfdt-sur-la-reforme-des-retraites","status":"publish","type":"post","link":"https:\/\/cfdt-recherche-epst.org\/?p=15754","title":{"rendered":"Tous les outils CFDT sur la r\u00e9forme des retraites"},"content":{"rendered":"<header>\n<div><a href=\"https:\/\/www.cfdt.fr\/portail\/outils\/campagnes\/tous-les-outils-cfdt-sur-la-reforme-des-retraites-srv2_1009734\">\u00a0 \u00a0 Publi\u00e9 le 30\/01\/2020 sur le site de la CFDT<\/a><\/div>\n<div>\n<div id=\"social-share\"><img decoding=\"async\" src=\"https:\/\/www.cfdt.fr\/upload\/docs\/image\/jpeg\/2018-10\/bandeau_reformeretraites.jpg.associated\/th-330x550-bandeau_reformeretraites.jpg.jpg\" alt=\"\" \/><\/div>\n<\/div>\n<\/header>\n<div>\n<div><\/div>\n<div>\n<div>\u00a0 \u00a0 \u00a0\u00a0 Dans le cadre de la r\u00e9forme des retraites \u00e0 venir, la CFDT a d&rsquo;ores et d\u00e9j\u00e0 publi\u00e9 plusieurs documents pr\u00e9sentant ses analyses, propositions et revendications.<\/div>\n<div><\/div>\n<div>\u00a0 \u00a0 Retrouvez-les tous ci-dessous :<\/div>\n<div>\n<h5>\u00a0 \u00a0 \u00a0 \u00a0\u00a0 T\u00c9L\u00c9CHARGER<\/h5>\n<ul>\n<li><a href=\"https:\/\/www.cfdt.fr\/upload\/docs\/application\/pdf\/2020-01\/reforme_des_retraites_-_renouer_avec_le_sens_et_le_contenu_dun_regime_universel.pdf\" target=\"_blank\" rel=\"nofollow noopener noreferrer\">\u00a0<img decoding=\"async\" title=\"Document Adobe Acrobat PDF\" src=\"https:\/\/www.cfdt.fr\/images\/jalios\/icons\/files\/pdf.gif\" alt=\"\" \/> R\u00e9forme des retraites &#8211; Renouer avec le sens et le contenu d&rsquo;un r\u00e9gime universel<\/a><\/li>\n<\/ul>\n<\/div>\n<ul>\n<li><a href=\"https:\/\/www.cfdt.fr\/upload\/docs\/application\/pdf\/2020-01\/la_cfdt_et_la_reforme_systemique_des_retraites_-_retour_aux_sources.pdf\" target=\"_blank\" rel=\"nofollow noopener noreferrer\">\u00a0<img decoding=\"async\" title=\"Document Adobe Acrobat PDF\" src=\"https:\/\/www.cfdt.fr\/images\/jalios\/icons\/files\/pdf.gif\" alt=\"\" \/> La CFDT et la r\u00e9forme syst\u00e9mique des retraites &#8211; Retour aux sources<\/a><\/li>\n<li><a href=\"https:\/\/www.cfdt.fr\/upload\/docs\/application\/pdf\/2020-01\/reforme_des_retraites_-_sujets_damendements_portes_par_la_cfdt.pdf\" target=\"_blank\" rel=\"nofollow noopener noreferrer\">\u00a0<img decoding=\"async\" title=\"Document Adobe Acrobat PDF\" src=\"https:\/\/www.cfdt.fr\/images\/jalios\/icons\/files\/pdf.gif\" alt=\"\" \/> R\u00e9forme des retraites &#8211; Sujets d&rsquo;amendements port\u00e9s par la CFDT<\/a><\/li>\n<li><a href=\"https:\/\/www.cfdt.fr\/upload\/docs\/application\/pdf\/2020-01\/chronologie_de_la_reforme_des_retraites_de_2020_a_2037.pdf\" target=\"_blank\" rel=\"nofollow noopener noreferrer\">\u00a0<img decoding=\"async\" title=\"Document Adobe Acrobat PDF\" src=\"https:\/\/www.cfdt.fr\/images\/jalios\/icons\/files\/pdf.gif\" alt=\"\" \/> Chronologie de la r\u00e9forme des retraites de 2020 \u00e0 2037<\/a><\/li>\n<li><a href=\"https:\/\/www.cfdt.fr\/upload\/docs\/application\/pdf\/2020-01\/tract_cfdt_-_retrait_de_lage_pivot_une_victoire_pour_toutes_et_tous__2020-01-13_12-21-21_613.pdf\" target=\"_blank\" rel=\"nofollow noopener noreferrer\">\u00a0<img decoding=\"async\" title=\"Document Adobe Acrobat PDF\" src=\"https:\/\/www.cfdt.fr\/images\/jalios\/icons\/files\/pdf.gif\" alt=\"\" \/> Tract CFDT &#8211; Retrait de l\u2019\u00e2ge pivot une victoire pour toutes et tous !<\/a><\/li>\n<li><a href=\"https:\/\/www.cfdt.fr\/upload\/docs\/application\/pdf\/2020-01\/tract_cfdt_-_64_ans_cest_non__retrait_de_lage_pivot_2020-01-08_10-39-17_131.pdf\" target=\"_blank\" rel=\"nofollow noopener noreferrer\">\u00a0<img decoding=\"async\" title=\"Document Adobe Acrobat PDF\" src=\"https:\/\/www.cfdt.fr\/images\/jalios\/icons\/files\/pdf.gif\" alt=\"\" \/> Tract CFDT &#8211; 64 ans c\u2019est non ! Retrait de l\u2019\u00e2ge pivot<\/a><\/li>\n<li><a href=\"https:\/\/www.cfdt.fr\/upload\/docs\/application\/pdf\/2019-12\/tract_cfdt_-_reforme_des_retraites_-_le_gouvernement_doit_revoir_sa_copie_mobilisons-nous__2019-12-11_20-08-16_159.pdf\" target=\"_blank\" rel=\"nofollow noopener noreferrer\">\u00a0<img decoding=\"async\" title=\"Document Adobe Acrobat PDF\" src=\"https:\/\/www.cfdt.fr\/images\/jalios\/icons\/files\/pdf.gif\" alt=\"\" \/> Tract CFDT &#8211; R\u00e9forme des retraites &#8211; Le gouvernement doit revoir sa copie, mobilisons-nous !<\/a><\/li>\n<li><a href=\"https:\/\/www.cfdt.fr\/upload\/docs\/application\/pdf\/2019-12\/tract_cfdt_-_reforme_des_retraites_-_a_qui_profite_les_fausses_infos.pdf\" target=\"_blank\" rel=\"nofollow noopener noreferrer\">\u00a0<img decoding=\"async\" title=\"Document Adobe Acrobat PDF\" src=\"https:\/\/www.cfdt.fr\/images\/jalios\/icons\/files\/pdf.gif\" alt=\"\" \/> Tract CFDT &#8211; R\u00e9forme des retraites &#8211; \u00c0 qui profite les fausses infos<\/a><\/li>\n<li><a href=\"https:\/\/www.cfdt.fr\/upload\/docs\/application\/pdf\/2019-11\/tract_-_reforme_des_retraites_-_les_7_revendications_de_la_cfdt.pdf\" target=\"_blank\" rel=\"nofollow noopener noreferrer\">\u00a0<img decoding=\"async\" title=\"Document Adobe Acrobat PDF\" src=\"https:\/\/www.cfdt.fr\/images\/jalios\/icons\/files\/pdf.gif\" alt=\"\" \/> Tract &#8211; R\u00e9forme des retraites &#8211; Les 7 revendications de la CFDT<\/a><\/li>\n<li><a href=\"https:\/\/www.cfdt.fr\/upload\/docs\/application\/pdf\/2019-11\/declaration_du_bureau_national_de_la_cfdt_du_21_nov_2019.pdf\" target=\"_blank\" rel=\"nofollow noopener noreferrer\">\u00a0<img decoding=\"async\" title=\"Document Adobe Acrobat PDF\" src=\"https:\/\/www.cfdt.fr\/images\/jalios\/icons\/files\/pdf.gif\" alt=\"\" \/> D\u00e9claration du Bureau national de la CFDT du 21 nov 2019<\/a><\/li>\n<li><a href=\"https:\/\/www.cfdt.fr\/upload\/docs\/application\/pdf\/2019-11\/analyse_par_la_cfdt_du_rapport_du_cor.pdf\" target=\"_blank\" rel=\"nofollow noopener noreferrer\">\u00a0<img decoding=\"async\" title=\"Document Adobe Acrobat PDF\" src=\"https:\/\/www.cfdt.fr\/images\/jalios\/icons\/files\/pdf.gif\" alt=\"\" \/> Analyse par la CFDT du rapport du COR<\/a><\/li>\n<li><a href=\"https:\/\/www.cfdt.fr\/upload\/docs\/application\/pdf\/2018-10\/le_manifeste_de_la_cfdt_pour_les_retraites.pdf\" target=\"_blank\" rel=\"nofollow noopener noreferrer\">\u00a0<img decoding=\"async\" title=\"Document Adobe Acrobat PDF\" src=\"https:\/\/www.cfdt.fr\/images\/jalios\/icons\/files\/pdf.gif\" alt=\"\" \/> Le manifeste de la CFDT pour les retraites<\/a><\/li>\n<li><a href=\"https:\/\/www.cfdt.fr\/upload\/docs\/application\/pdf\/2018-10\/kit_retraites_-_le_glossaire.pdf\" target=\"_blank\" rel=\"nofollow noopener noreferrer\">\u00a0<img decoding=\"async\" title=\"Document Adobe Acrobat PDF\" src=\"https:\/\/www.cfdt.fr\/images\/jalios\/icons\/files\/pdf.gif\" alt=\"\" \/> Kit Retraites &#8211; Le glossaire<\/a> <a href=\"https:\/\/www.cfdt.fr\/upload\/docs\/application\/pdf\/2019-02\/kit_retraites_-_22_fiches.pdf\" target=\"_blank\" rel=\"nofollow noopener noreferrer\"><img decoding=\"async\" title=\"Document Adobe Acrobat PDF\" src=\"https:\/\/www.cfdt.fr\/images\/jalios\/icons\/files\/pdf.gif\" alt=\"\" \/> Kit retraites &#8211; 22 fiches<\/a><\/li>\n<li><a href=\"https:\/\/www.cfdt.fr\/upload\/docs\/application\/pdf\/2019-09\/vrai_faux_-_reforme_des_retraites.pdf\" target=\"_blank\" rel=\"nofollow noopener noreferrer\">\u00a0<img decoding=\"async\" title=\"Document Adobe Acrobat PDF\" src=\"https:\/\/www.cfdt.fr\/images\/jalios\/icons\/files\/pdf.gif\" alt=\"\" \/> Vrai Faux &#8211; R\u00e9forme des retraites (septembre 2019)<\/a><\/li>\n<li><a href=\"https:\/\/www.cfdt.fr\/upload\/docs\/application\/pdf\/2018-10\/vrai_faux_retraites_-_pour_imprimante.pdf\" target=\"_blank\" rel=\"nofollow noopener noreferrer\">\u00a0<img decoding=\"async\" title=\"Document Adobe Acrobat PDF\" src=\"https:\/\/www.cfdt.fr\/images\/jalios\/icons\/files\/pdf.gif\" alt=\"\" \/> Vrai Faux &#8211; Retraites (octobre 2018)<\/a><\/li>\n<li><a href=\"https:\/\/www.cfdt.fr\/upload\/docs\/application\/pdf\/2019-09\/argu-retraites-ce_que_veut_la_cfdt_pour_imprimeur.pdf\" target=\"_blank\" rel=\"nofollow noopener noreferrer\">\u00a0<img decoding=\"async\" title=\"Document Adobe Acrobat PDF\" src=\"https:\/\/www.cfdt.fr\/images\/jalios\/icons\/files\/pdf.gif\" alt=\"\" \/> Argu-Retraites-Ce que veut la CFDT (pour imprimeur)<\/a><\/li>\n<li><a href=\"https:\/\/www.cfdt.fr\/upload\/docs\/application\/pdf\/2019-09\/argu-retraites-ce_que_veut_le_cfdt.pdf\" target=\"_blank\" rel=\"nofollow noopener noreferrer\"><img decoding=\"async\" title=\"Document Adobe Acrobat PDF\" src=\"https:\/\/www.cfdt.fr\/images\/jalios\/icons\/files\/pdf.gif\" alt=\"\" \/> Argu-Retraites-Ce que veut le CFDT<\/a><\/li>\n<li><a href=\"https:\/\/www.cfdt.fr\/upload\/docs\/application\/pdf\/2019-11\/diaporama_reforme_des_retraites.pdf\" target=\"_blank\" rel=\"nofollow noopener noreferrer\"><img decoding=\"async\" title=\"Document Adobe Acrobat PDF\" src=\"https:\/\/www.cfdt.fr\/images\/jalios\/icons\/files\/pdf.gif\" alt=\"\" \/> Diaporama R\u00e9forme des retraites<\/a><\/li>\n<\/ul>\n<\/div>\n<\/div>\n","protected":false},"excerpt":{"rendered":"<p>\u00a0 \u00a0 Publi\u00e9 le 30\/01\/2020 sur le site de la CFDT \u00a0 \u00a0 \u00a0\u00a0 Dans le cadre de la r\u00e9forme des retraites \u00e0 venir, la CFDT a d&rsquo;ores et d\u00e9j\u00e0 publi\u00e9 plusieurs documents pr\u00e9sentant ses analyses, propositions et revendications. \u00a0 \u00a0 Retrouvez-les tous ci-dessous : \u00a0 \u00a0 \u00a0 \u00a0\u00a0 T\u00c9L\u00c9CHARGER<\/p>\n","protected":false},"author":19,"featured_media":0,"comment_status":"closed","ping_status":"open","sticky":false,"template":"","format":"standard","meta":{"footnotes":""},"categories":[5],"tags":[],"class_list":["post-15754","post","type-post","status-publish","format-standard","hentry","category-epst","ct-col-2"],"amp_enabled":true,"_links":{"self":[{"href":"https:\/\/cfdt-recherche-epst.org\/index.php?rest_route=\/wp\/v2\/posts\/15754","targetHints":{"allow":["GET"]}}],"collection":[{"href":"https:\/\/cfdt-recherche-epst.org\/index.php?rest_route=\/wp\/v2\/posts"}],"about":[{"href":"https:\/\/cfdt-recherche-epst.org\/index.php?rest_route=\/wp\/v2\/types\/post"}],"author":[{"embeddable":true,"href":"https:\/\/cfdt-recherche-epst.org\/index.php?rest_route=\/wp\/v2\/users\/19"}],"replies":[{"embeddable":true,"href":"https:\/\/cfdt-recherche-epst.org\/index.php?rest_route=%2Fwp%2Fv2%2Fcomments&post=15754"}],"version-history":[{"count":7,"href":"https:\/\/cfdt-recherche-epst.org\/index.php?rest_route=\/wp\/v2\/posts\/15754\/revisions"}],"predecessor-version":[{"id":15761,"href":"https:\/\/cfdt-recherche-epst.org\/index.php?rest_route=\/wp\/v2\/posts\/15754\/revisions\/15761"}],"wp:attachment":[{"href":"https:\/\/cfdt-recherche-epst.org\/index.php?rest_route=%2Fwp%2Fv2%2Fmedia&parent=15754"}],"wp:term":[{"taxonomy":"category","embeddable":true,"href":"https:\/\/cfdt-recherche-epst.org\/index.php?rest_route=%2Fwp%2Fv2%2Fcategories&post=15754"},{"taxonomy":"post_tag","embeddable":true,"href":"https:\/\/cfdt-recherche-epst.org\/index.php?rest_route=%2Fwp%2Fv2%2Ftags&post=15754"}],"curies":[{"name":"wp","href":"https:\/\/api.w.org\/{rel}","templated":true}]}}