{"id":16159,"date":"2020-03-02T11:38:06","date_gmt":"2020-03-02T09:38:06","guid":{"rendered":"https:\/\/epst-sgen-cfdt.org\/?p=16159"},"modified":"2020-03-02T16:40:38","modified_gmt":"2020-03-02T14:40:38","slug":"lppr-pour-une-veritable-loi-de-relance-de-la-recherche","status":"publish","type":"post","link":"https:\/\/cfdt-recherche-epst.org\/?p=16159","title":{"rendered":"LPPR : pour une v\u00e9ritable loi de relance de la recherche"},"content":{"rendered":"<h3><span style=\"color: #993300;\"><strong>La f\u00e9d\u00e9ration du Sgen-CFDT appelle \u00e0 soutenir la communaut\u00e9 scientifique dans les diff\u00e9rentes actions qu&rsquo;elle jugera utile de mener le 5 mars pour rappeler ses exigences d&rsquo;une LPPR qu&rsquo;elle revendiquait depuis plusieurs ann\u00e9es mais une LPPR qui r\u00e9ponde aux attentes des agents. <\/strong><\/span><\/h3>\n<h3><span style=\"color: #993300;\"><strong>La f\u00e9d\u00e9ration d\u00e9pose un pr\u00e9avis de gr\u00e8ve pour la journ\u00e9e du 5 mars couvrant l&rsquo;ensemble des agent.e.s. de l&rsquo;ESR pour leur permettre de participer aux mobilisations organis\u00e9es dans les diff\u00e9rents \u00e9tablissements et territoires.<\/strong><\/span><\/h3>\n<p><strong>Nos mots d&rsquo;ordre sont les suivants :<\/strong><\/p>\n<ul>\n<li><strong>&#8211; Oui \u00e0 une v\u00e9ritable LPPR<\/strong><\/li>\n<li><strong>&#8211; Pour une augmentation nette des dotations de base<\/strong><\/li>\n<li><strong>&#8211; Pour des cr\u00e9ations d&#8217;emplois p\u00e9rennes<\/strong><\/li>\n<li><strong>&#8211; Pour une revalorisation des r\u00e9mun\u00e9rations et des carri\u00e8res pour TOUS les agents<\/strong><\/li>\n<\/ul>\n<p><strong>Par ailleurs, le Sgen-CFDT rappelle que la recherche est une affaire d&rsquo;\u00e9quipe, regroupant des agent.e.s de cat\u00e9gories, corps et m\u00e9tiers diff\u00e9rents en nombre suffisant pour accomplir l&rsquo;ensemble des t\u00e2ches n\u00e9cessaires. La recherche que veut le Sgen-CFDT s&rsquo;appuie sur la coop\u00e9ration et la mutualisation, tant au niveau local que national et international, entre les diff\u00e9rents op\u00e9rateurs et \u00e9quipes de recherche. Le travail men\u00e9 aujourd&rsquo;hui par les \u00e9quipes scientifiques du monde entier autour du COVID 19 en est la meilleure des d\u00e9monstrations. Les d\u00e9fis en particulier \u00e9cologiques et climatiques, mais aussi celui de la lutte contre les in\u00e9galit\u00e9s, doivent amener les \u00e9tats \u00e0 d\u00e9velopper ces coop\u00e9rations et mutualisations. Le Sgen-CFDT rejette donc cat\u00e9goriquement l&rsquo;id\u00e9e de mise en concurrence et en comp\u00e9tition des \u00e9quipes de recherche entre elles.\u00a0 Le Sgen-CFDT rappelle aussi que la question de l&rsquo;enseignement sup\u00e9rieur, et donc des moyens donn\u00e9s aux universit\u00e9s pour accueillir toujours plus d&rsquo;\u00e9tudiant.e.s, et dans des conditions d&rsquo;\u00e9tudes favorables, ne saurait \u00eatre \u00e9vacu\u00e9e des discussions sur la LPPR car \u00ab\u00a0faire plus et mieux de recherche\u00a0\u00bb passe n\u00e9cessairement par redonner du temps aux chercheur.e.s et enseignant.e.s chercheur.e.s.<\/strong><\/p>\n<p>https:\/\/cfdt-recherche-epst.org\/?attachment_id=16161<\/p>\n<p><a href=\"https:\/\/cfdt-recherche-epst.org\/?attachment_id=16161\" rel=\"attachment wp-att-16161\">Appel IS 5 mars 2020 LPPR<\/a><\/p>\n","protected":false},"excerpt":{"rendered":"<p>La f\u00e9d\u00e9ration du Sgen-CFDT appelle \u00e0 soutenir la communaut\u00e9 scientifique dans les diff\u00e9rentes actions qu&rsquo;elle jugera utile de mener le 5 mars pour rappeler ses exigences d&rsquo;une LPPR qu&rsquo;elle revendiquait depuis plusieurs ann\u00e9es mais une LPPR qui r\u00e9ponde aux attentes des agents. La f\u00e9d\u00e9ration d\u00e9pose un pr\u00e9avis de gr\u00e8ve pour<\/p>\n","protected":false},"author":19,"featured_media":0,"comment_status":"closed","ping_status":"open","sticky":false,"template":"","format":"standard","meta":{"footnotes":""},"categories":[5],"tags":[207],"class_list":["post-16159","post","type-post","status-publish","format-standard","hentry","category-epst","tag-lppr","ct-col-2"],"amp_enabled":true,"_links":{"self":[{"href":"https:\/\/cfdt-recherche-epst.org\/index.php?rest_route=\/wp\/v2\/posts\/16159","targetHints":{"allow":["GET"]}}],"collection":[{"href":"https:\/\/cfdt-recherche-epst.org\/index.php?rest_route=\/wp\/v2\/posts"}],"about":[{"href":"https:\/\/cfdt-recherche-epst.org\/index.php?rest_route=\/wp\/v2\/types\/post"}],"author":[{"embeddable":true,"href":"https:\/\/cfdt-recherche-epst.org\/index.php?rest_route=\/wp\/v2\/users\/19"}],"replies":[{"embeddable":true,"href":"https:\/\/cfdt-recherche-epst.org\/index.php?rest_route=%2Fwp%2Fv2%2Fcomments&post=16159"}],"version-history":[{"count":6,"href":"https:\/\/cfdt-recherche-epst.org\/index.php?rest_route=\/wp\/v2\/posts\/16159\/revisions"}],"predecessor-version":[{"id":16174,"href":"https:\/\/cfdt-recherche-epst.org\/index.php?rest_route=\/wp\/v2\/posts\/16159\/revisions\/16174"}],"wp:attachment":[{"href":"https:\/\/cfdt-recherche-epst.org\/index.php?rest_route=%2Fwp%2Fv2%2Fmedia&parent=16159"}],"wp:term":[{"taxonomy":"category","embeddable":true,"href":"https:\/\/cfdt-recherche-epst.org\/index.php?rest_route=%2Fwp%2Fv2%2Fcategories&post=16159"},{"taxonomy":"post_tag","embeddable":true,"href":"https:\/\/cfdt-recherche-epst.org\/index.php?rest_route=%2Fwp%2Fv2%2Ftags&post=16159"}],"curies":[{"name":"wp","href":"https:\/\/api.w.org\/{rel}","templated":true}]}}