{"id":16175,"date":"2020-03-02T10:55:51","date_gmt":"2020-03-02T08:55:51","guid":{"rendered":"https:\/\/epst-sgen-cfdt.org\/?p=16175"},"modified":"2020-03-03T11:06:50","modified_gmt":"2020-03-03T09:06:50","slug":"lppr-demande-daudience-aupres-de-frededique-vidal-2-mars-2020","status":"publish","type":"post","link":"https:\/\/cfdt-recherche-epst.org\/?p=16175","title":{"rendered":"LPPR : demande d&rsquo;audience aupr\u00e8s de Fr\u00e9d\u00e9rique Vidal (2 mars 2020)"},"content":{"rendered":"<p>Madame la ministre,<\/p>\n<p>Les organisations signataires de l&rsquo;appel ci-joint sont majoritaires au comit\u00e9 technique minist\u00e9riel de l&rsquo;enseignement sup\u00e9rieur et de la recherche (CTMESR) et La FAGE est la premi\u00e8re organisation \u00e9tudiante. \u00c0 ce titre, nous vous demandons de nous recevoir afin de pouvoir vous porter les revendications des agents et des \u00e9tudiants que nous repr\u00e9sentons.<\/p>\n<p>Nos organisations ont demand\u00e9 cette loi de programmation qui doit permettre \u00e0 la recherche fran\u00e7aise de retrouver le rang qui \u00e9tait le sien avant les nombreuses ann\u00e9es de sous investissement qu&rsquo;elle a eu \u00e0 subir de la part des gouvernements qui se sont succ\u00e9d\u00e9s. Nous avons eu l&rsquo;occasion par le pass\u00e9 de nous mobiliser \u00e0 de nombreuses reprises pour d\u00e9noncer le manque de moyens allou\u00e9s \u00e0 l&rsquo;enseignement sup\u00e9rieur et la recherche et alerter sur les cons\u00e9quences de ce sous investissement pour la recherche elle m\u00eame, pour les agents et leurs conditions de travail, pour les \u00e9tudiants et les conditions d&rsquo;accueil et d&rsquo;\u00e9tudes et plus g\u00e9n\u00e9ralement pour notre pays. Le constat de l&rsquo;urgence \u00e0 r\u00e9agir est aujourd&rsquo;hui partag\u00e9 par tous. Le Pr\u00e9sident de la R\u00e9publique s&rsquo;est engag\u00e9 \u00e0 r\u00e9pondre \u00e0 cette urgence par une loi de programmation qu&rsquo;il a dit vouloir ambitieuse.<\/p>\n<p>La communaut\u00e9 scientifique et les \u00e9tudiants ont exprim\u00e9 de fa\u00e7on tr\u00e8s claire leurs attentes : augmentation des dotations de base, cr\u00e9ations d&#8217;emplois p\u00e9rennes et revalorisation des r\u00e9mun\u00e9rations et des carri\u00e8res pour tous les agents. Elle attend aujourd&rsquo;hui des r\u00e9ponses \u00e0 ces questions. [\u2026]<\/p>\n<p>https:\/\/cfdt-recherche-epst.org\/?attachment_id=16176<\/p>\n<p><a href=\"https:\/\/cfdt-recherche-epst.org\/?attachment_id=16176\" rel=\"attachment wp-att-16176\">02-03-2020 demande d&rsquo;audience_intersyndicale_F.Vidal<\/a><\/p>\n","protected":false},"excerpt":{"rendered":"<p>Madame la ministre, Les organisations signataires de l&rsquo;appel ci-joint sont majoritaires au comit\u00e9 technique minist\u00e9riel de l&rsquo;enseignement sup\u00e9rieur et de la recherche (CTMESR) et La FAGE est la premi\u00e8re organisation \u00e9tudiante. \u00c0 ce titre, nous vous demandons de nous recevoir afin de pouvoir vous porter les revendications des agents et<\/p>\n","protected":false},"author":19,"featured_media":0,"comment_status":"closed","ping_status":"open","sticky":false,"template":"","format":"standard","meta":{"footnotes":""},"categories":[5],"tags":[207],"class_list":["post-16175","post","type-post","status-publish","format-standard","hentry","category-epst","tag-lppr","ct-col-2"],"amp_enabled":true,"_links":{"self":[{"href":"https:\/\/cfdt-recherche-epst.org\/index.php?rest_route=\/wp\/v2\/posts\/16175","targetHints":{"allow":["GET"]}}],"collection":[{"href":"https:\/\/cfdt-recherche-epst.org\/index.php?rest_route=\/wp\/v2\/posts"}],"about":[{"href":"https:\/\/cfdt-recherche-epst.org\/index.php?rest_route=\/wp\/v2\/types\/post"}],"author":[{"embeddable":true,"href":"https:\/\/cfdt-recherche-epst.org\/index.php?rest_route=\/wp\/v2\/users\/19"}],"replies":[{"embeddable":true,"href":"https:\/\/cfdt-recherche-epst.org\/index.php?rest_route=%2Fwp%2Fv2%2Fcomments&post=16175"}],"version-history":[{"count":4,"href":"https:\/\/cfdt-recherche-epst.org\/index.php?rest_route=\/wp\/v2\/posts\/16175\/revisions"}],"predecessor-version":[{"id":16182,"href":"https:\/\/cfdt-recherche-epst.org\/index.php?rest_route=\/wp\/v2\/posts\/16175\/revisions\/16182"}],"wp:attachment":[{"href":"https:\/\/cfdt-recherche-epst.org\/index.php?rest_route=%2Fwp%2Fv2%2Fmedia&parent=16175"}],"wp:term":[{"taxonomy":"category","embeddable":true,"href":"https:\/\/cfdt-recherche-epst.org\/index.php?rest_route=%2Fwp%2Fv2%2Fcategories&post=16175"},{"taxonomy":"post_tag","embeddable":true,"href":"https:\/\/cfdt-recherche-epst.org\/index.php?rest_route=%2Fwp%2Fv2%2Ftags&post=16175"}],"curies":[{"name":"wp","href":"https:\/\/api.w.org\/{rel}","templated":true}]}}