{"id":16475,"date":"2020-03-27T12:30:55","date_gmt":"2020-03-27T10:30:55","guid":{"rendered":"https:\/\/epst-sgen-cfdt.org\/?p=16475"},"modified":"2020-04-07T11:30:34","modified_gmt":"2020-04-07T09:30:34","slug":"lppr-revalorisation-indemnitaire-entre-2021-et-2030","status":"publish","type":"post","link":"https:\/\/cfdt-recherche-epst.org\/?p=16475","title":{"rendered":"LPPR : Revalorisation indemnitaire entre 2021 et 2030"},"content":{"rendered":"<p><span style=\"color: #000000; font-family: Calibri;\">Le Sgen-CFDT a particip\u00e9, hier, le 25 mars 2020 a une r\u00e9union en <\/span><span style=\"color: #000000; font-family: Calibri;\">visioconf\u00e9rence avec\u00a0 Madame Fr\u00e9d\u00e9rique Vidal, Ministre de <\/span><span style=\"color: #000000; font-family: Calibri;\">l\u2019Enseignement sup\u00e9rieur, de la Recherche et de l&rsquo;Innovation au sujet <\/span><span style=\"color: #000000; font-family: Calibri;\">de la Loi de programmation pluriannuelle de la recherche. Suite \u00e0 cette <\/span><span style=\"color: #000000; font-family: Calibri;\">r\u00e9union, le Sgen-CFDT a obtenu des clarifications :<\/span><\/p>\n<p><span style=\"color: #000000; font-family: Calibri;\">L&rsquo;effort fait pour la recherche reste \u00e0 l&rsquo;ordre du jour, malgr\u00e9 <\/span><span style=\"color: #000000; font-family: Calibri;\">l&rsquo;annonce faite par le Pr\u00e9sident du report de l&rsquo;ensemble des autres <\/span><span style=\"color: #000000; font-family: Calibri;\">r\u00e9formes engag\u00e9es) et les montants annonc\u00e9s il y a quelques jours <\/span><span style=\"color: #000000; font-family: Calibri;\">correspondent bien \u00e0 du cumulatif.<\/span><\/p>\n<p><span style=\"color: #000000; font-family: Calibri;\">Pour le Sgen-CFDT, il est bien s\u00fbr extr\u00eamement important qu&rsquo;il y ait <\/span><span style=\"color: #000000; font-family: Calibri;\">une telle augmentation des sommes consacr\u00e9es \u00e0 la recherche : 25 Md <\/span><span style=\"color: #000000; font-family: Calibri;\">sur 10 ans, 5 Md par an \u00e0 partir de 2030, soit un budget recherche <\/span><span style=\"color: #000000; font-family: Calibri;\">augment\u00e9 de 33%. L&rsquo;objectif de 1% du PIB pour l&rsquo;investissement public <\/span><span style=\"color: #000000; font-family: Calibri;\">serait alors atteint (0,7% actuellement). Pour m\u00e9moire, l&rsquo;augmentation <\/span><span style=\"color: #000000; font-family: Calibri;\">du budget recherche sur la p\u00e9riode 2012-2017 s&rsquo;\u00e9tait \u00e9lev\u00e9e <\/span><span style=\"color: #000000; font-family: Calibri;\">simplement \u00e0 50 M d&rsquo;euros.<\/span><\/p>\n<p><span style=\"color: #000000; font-family: Calibri;\">Nous regrettons par contre qu&rsquo;il faille attendre 3 ans pour avoir 1,2 Md <\/span><span style=\"color: #000000; font-family: Calibri;\">de plus par an (le Sgen-CFDT r\u00e9clamait 1,5Md de plus par an). Si les <\/span><span style=\"color: #000000; font-family: Calibri;\">5Md de plus par an dans 10 ans constitue un engagement fort, r\u00e9aliser <\/span><span style=\"color: #000000; font-family: Calibri;\">une premier \u00e9tape plus cons\u00e9quente aurait permis de rassurer la <\/span><span style=\"color: #000000; font-family: Calibri;\">communaut\u00e9 scientifique.<\/span><\/p>\n<p><span style=\"color: #000000; font-family: Calibri;\">Nous esp\u00e9rons aussi que la position actuelle \u2013s\u00e9paration de la <\/span><span style=\"color: #000000; font-family: Calibri;\">revalorisation des salaires (644M sur 7 ans) et compensation retraites <\/span><span style=\"color: #000000; font-family: Calibri;\">(1,2MD sur les 3 derni\u00e8res ann\u00e9es) sera maintenue, pour permettre \u00e0 <\/span><span style=\"color: #000000; font-family: Calibri;\">la fois le rattrapage salarial n\u00e9cessaire apr\u00e8s des ann\u00e9es de <\/span><span style=\"color: #000000; font-family: Calibri;\">d\u00e9gradation pour la profession et la possibilit\u00e9 de maintenir les <\/span><span style=\"color: #000000; font-family: Calibri;\">niveaux de retraite.<\/span><\/p>\n<p><span style=\"color: #000000; font-family: Calibri;\">La revalorisation indemnitaire totale s&rsquo;\u00e9l\u00e8vera \u00e0 644 M d&rsquo;euros (soit <\/span><span style=\"color: #000000; font-family: Calibri;\">92 M d&rsquo;euros sur 7 ans) et 1,2 Md seront attribu\u00e9s sur les 3 derni\u00e8res <\/span><span style=\"color: #000000; font-family: Calibri;\">ann\u00e9es au titre de la compensation dans le cadre de la loi retraite. En <\/span><span style=\"color: #000000; font-family: Calibri;\">ce qui concerne cette revalorisation indemnitaire, son affectation sera <\/span><span style=\"color: #000000; font-family: Calibri;\">discut\u00e9e avec les organisations syndicales. Dans les options <\/span><span style=\"color: #000000; font-family: Calibri;\">discut\u00e9es, il est envisag\u00e9 que cette revalorisation soit plus <\/span><span style=\"color: #000000; font-family: Calibri;\">importante pour les cat\u00e9gories C, par exemple<\/span><\/p>\n<p><span style=\"color: #000000; font-family: Calibri;\">Outre le fait qu&rsquo;aucun jeune chercheur ne sera recrut\u00e9 en dessous de 2 <\/span><span style=\"color: #000000; font-family: Calibri;\">SMIC, les charg\u00e9s de recherche des organismes et les ma\u00eetres de <\/span><span style=\"color: #000000; font-family: Calibri;\">conf\u00e9rences des universit\u00e9s b\u00e9n\u00e9ficieront d&rsquo;une revalorisation d&rsquo;au <\/span><span style=\"color: #000000; font-family: Calibri;\">moins 1 100 \u20ac annuelle. L&rsquo;augmentation des r\u00e9mun\u00e9rations devraient <\/span><span style=\"color: #000000; font-family: Calibri;\">\u00e0 terme \u00eatre de 6 000 euros annuel en moyenne pour les MCF, et de 6 <\/span><span style=\"color: #000000; font-family: Calibri;\">000 \u00e0 7 500 euros par an pour les charg\u00e9s de recherche par exemple.<\/span><\/p>\n<p><span style=\"color: #000000; font-family: Calibri;\">Il est \u00e9galement pr\u00e9vu une augmentation forte du nombre de contrats <\/span><span style=\"color: #000000; font-family: Calibri;\">doctoraux (2000 par an en plus \u00e0 l&rsquo;horizon 2027, dans l&rsquo;ensemble des <\/span><span style=\"color: #000000; font-family: Calibri;\">champs disciplinaires).<\/span><\/p>\n<p><span style=\"color: #000000; font-family: Calibri;\">Enfin, nous rappelons notre attachement \u00e0 des emplois p\u00e9rennes, <\/span><span style=\"color: #000000; font-family: Calibri;\">auxquels ne r\u00e9pondent ni les CDI de mission ni les chaires de <\/span><span style=\"color: #000000; font-family: Calibri;\">professeur junior, et nous continuerons \u00e0 lutter contre ces deux <\/span><span style=\"color: #000000; font-family: Calibri;\">projets.<\/span><\/p>\n<p><span style=\"color: #000000; font-family: Calibri;\">\u00a0<\/span><span style=\"color: #000000; font-family: Calibri;\">Contact sur ce dossier : Franck Loureiro et Fran\u00e7oise <\/span><span style=\"color: #000000; font-family: Calibri;\">Lambert\u00a0<\/span><\/p>\n<p><a href=\"https:\/\/cfdt-recherche-epst.org\/?p=16661\"><strong><span style=\"color: #0000ff;\">voir le dossier de presse du MESRi ICI<\/span><\/strong><\/a><\/p>\n<p><span style=\"color: #0000ff;\"><a style=\"background: #bfe6ff; margin: 0px -2px; padding: 0px 2px; border-radius: 2px; text-align: left; color: #0000ff; text-transform: none; text-indent: 0px; letter-spacing: normal; font-size: 16px; font-style: normal; font-variant: normal; font-weight: 400; text-decoration: underline; word-spacing: 0px; white-space: normal; orphans: 2; box-shadow: 0px 0px 0px 1px #bfe6ff; -webkit-text-stroke-width: 0px;\" href=\"https:\/\/www.sgen-cfdt.fr\/actu\/lppr-le-sgen-cfdt-obtient-des-clarifications\/\">voir l&rsquo;article original ICI<\/a><b><\/b><i><\/i><u><\/u><\/span><\/p>\n<p>&nbsp;<\/p>\n<p>&nbsp;<\/p>\n","protected":false},"excerpt":{"rendered":"<p>Le Sgen-CFDT a particip\u00e9, hier, le 25 mars 2020 a une r\u00e9union en visioconf\u00e9rence avec\u00a0 Madame Fr\u00e9d\u00e9rique Vidal, Ministre de l\u2019Enseignement sup\u00e9rieur, de la Recherche et de l&rsquo;Innovation au sujet de la Loi de programmation pluriannuelle de la recherche. Suite \u00e0 cette r\u00e9union, le Sgen-CFDT a obtenu des clarifications :<\/p>\n","protected":false},"author":19,"featured_media":0,"comment_status":"closed","ping_status":"open","sticky":false,"template":"","format":"standard","meta":{"footnotes":""},"categories":[17,10],"tags":[207],"class_list":["post-16475","post","type-post","status-publish","format-standard","hentry","category-primes","category-remuneration","tag-lppr","ct-col-2"],"amp_enabled":true,"_links":{"self":[{"href":"https:\/\/cfdt-recherche-epst.org\/index.php?rest_route=\/wp\/v2\/posts\/16475","targetHints":{"allow":["GET"]}}],"collection":[{"href":"https:\/\/cfdt-recherche-epst.org\/index.php?rest_route=\/wp\/v2\/posts"}],"about":[{"href":"https:\/\/cfdt-recherche-epst.org\/index.php?rest_route=\/wp\/v2\/types\/post"}],"author":[{"embeddable":true,"href":"https:\/\/cfdt-recherche-epst.org\/index.php?rest_route=\/wp\/v2\/users\/19"}],"replies":[{"embeddable":true,"href":"https:\/\/cfdt-recherche-epst.org\/index.php?rest_route=%2Fwp%2Fv2%2Fcomments&post=16475"}],"version-history":[{"count":10,"href":"https:\/\/cfdt-recherche-epst.org\/index.php?rest_route=\/wp\/v2\/posts\/16475\/revisions"}],"predecessor-version":[{"id":16671,"href":"https:\/\/cfdt-recherche-epst.org\/index.php?rest_route=\/wp\/v2\/posts\/16475\/revisions\/16671"}],"wp:attachment":[{"href":"https:\/\/cfdt-recherche-epst.org\/index.php?rest_route=%2Fwp%2Fv2%2Fmedia&parent=16475"}],"wp:term":[{"taxonomy":"category","embeddable":true,"href":"https:\/\/cfdt-recherche-epst.org\/index.php?rest_route=%2Fwp%2Fv2%2Fcategories&post=16475"},{"taxonomy":"post_tag","embeddable":true,"href":"https:\/\/cfdt-recherche-epst.org\/index.php?rest_route=%2Fwp%2Fv2%2Ftags&post=16475"}],"curies":[{"name":"wp","href":"https:\/\/api.w.org\/{rel}","templated":true}]}}