{"id":16481,"date":"2021-02-01T00:00:00","date_gmt":"2021-01-31T22:00:00","guid":{"rendered":"https:\/\/epst-sgen-cfdt.org\/?p=16481"},"modified":"2021-02-05T17:25:02","modified_gmt":"2021-02-05T15:25:02","slug":"coronavirus-les-reponses-de-la-cfdt-a-vos-questions","status":"publish","type":"post","link":"https:\/\/cfdt-recherche-epst.org\/?p=16481","title":{"rendered":"COVID-19 : Questions\/R\u00e9ponses (CFDT)"},"content":{"rendered":"<p><b><img loading=\"lazy\" decoding=\"async\" class=\"alignleft wp-image-17838 size-thumbnail\" src=\"https:\/\/cfdt-recherche-epst.org\/wp-content\/uploads\/2020\/06\/th-670x670-covid_web.jpg-150x150.jpg\" alt=\"\" width=\"150\" height=\"150\" \/><\/b><\/p>\n<p><b><a href=\"https:\/\/www.cfdt.fr\/portail\/covid-19-questions\/reponses\/faq-srv1_1128604?portal=jca_366686\">Face \u00e0 cette situation in\u00e9dite, en tant que travailleurs et travailleuses, militantes et militants, vous vous interrogez sur vos droits, sur l\u2019organisation de votre travail ou sur les droits et obligations de votre employeur. <\/a><\/b><a href=\"https:\/\/www.cfdt.fr\/portail\/covid-19-questions\/reponses\/faq-srv1_1128604?portal=jca_366686\"><strong style=\"color: #0000ff;\"><span style=\"color: #333333;\">Dans cette<\/span><span style=\"color: #333333;\">\u00a0<\/span><strong style=\"color: #333333;\">foire aux questions Covid-19<\/strong><span style=\"color: #333333;\">, vous trouverez les r\u00e9ponses aux questions les plus courantes dans la p\u00e9riode (t\u00e9l\u00e9travail, personnes vuln\u00e9rables, mesures de protection, activit\u00e9 partielle, \u2026).<\/span><\/strong><\/a><a href=\"https:\/\/www.cfdt.fr\/portail\/covid-19-questions\/reponses\/faq-srv1_1128604?portal=jca_366686\"><b> Elle est r\u00e9guli\u00e8rement enrichie gr\u00e2ce aux questions que vous nous posez. Certaines r\u00e9ponses pourront \u00e9galement \u00eatre modifi\u00e9es en fonction des \u00e9volutions de la situation et des mesures prises par le gouvernement.<\/b><\/a><\/p>\n<p><strong style=\"color: #0000ff;\"><span style=\"color: #333333;\">Vous pouvez \u00e9galement nous poser toutes vos questions concernant votre situation professionnelle sur la bo\u00eete mail\u00a0<\/span><a href=\"mailto:covid-19@cfdt.fr?subject=Vos%20questions%20sur%20votre%20situation%20professionnelle&amp;body=Bonjour%2C%20%0A%20%0AAfin%20de%20nous%20permettre%20de%20vous%20accompagner%20au%20mieux%2C%20pouvez-vous%2C%20svp%2C%20nous%20pr%C3%A9ciser%20%3A%0A%0A-%20Le%20d%C3%A9partement%20dans%20lequel%20vous%20travaillez%20%3F%0A%0A-%20L'entreprise%2Fadministration%20et%2Fou%20secteur%20professionnel%20dans%20lequel%20vous%20travaillez%20%3F%0A%0A-%20%C3%8Ates-vous%20salari%C3%A9.e%20d'une%20entreprise%20de%20moins%20de%2011%20salari%C3%A9.e.s%20%3F%0A%0A-%20Si%20vous%20%C3%AAtes%20adh%C3%A9rent.e%2C%20votre%20num%C3%A9ro%20personnel%20d'adh%C3%A9rent.e%20(compos%C3%A9%20de%2010%20chiffres%2C%20inscrit%20sur%20votre%20carte%20CFDT)%20%3F%0A%0AVotre%20message%20%3A%0A\"><strong>covid-19@cfdt.fr<\/strong><\/a><span style=\"color: #333333;\">. Les r\u00e9ponses sont apport\u00e9es par des militants et militantes et adapt\u00e9es \u00e0 votre situation particuli\u00e8re.<\/span><\/strong><\/p>\n<p><strong style=\"color: #0000ff;\"><a href=\"https:\/\/uffa.cfdt.fr\/portail\/uffa\/covid-19-srv1_1109738\">Le lien avec la page du site de la CFDT FONCTIONS PUBLIQUES\u00a0<\/a><\/strong><\/p>\n<p><strong><span style=\"color: #0000ff;\"><a style=\"color: #0000ff;\" href=\"https:\/\/www.cfdt.fr\/portail\/actualites\/crise-du-covid-19\/coronavirus-les-reponses-a-vos-questions-srv1_1100672\">Le lien avec l&rsquo;article sur le site de la CFDT<\/a><\/span><\/strong><\/p>\n<p><strong><span style=\"color: #0000ff;\"><a style=\"color: #0000ff;\" href=\"https:\/\/www.cfdt.fr\/portail\/covid-19-questions\/reponses\/faq-srv1_1128604\">COVID-19 Questions R\u00e9ponses CFDT\u00a0<\/a><\/span><\/strong><\/p>\n","protected":false},"excerpt":{"rendered":"<p>Face \u00e0 cette situation in\u00e9dite, en tant que travailleurs et travailleuses, militantes et militants, vous vous interrogez sur vos droits, sur l\u2019organisation de votre travail ou sur les droits et obligations de votre employeur. Dans cette\u00a0foire aux questions Covid-19, vous trouverez les r\u00e9ponses aux questions les plus courantes dans la<\/p>\n","protected":false},"author":19,"featured_media":17838,"comment_status":"closed","ping_status":"open","sticky":false,"template":"","format":"standard","meta":{"footnotes":""},"categories":[5],"tags":[98,233],"class_list":["post-16481","post","type-post","status-publish","format-standard","has-post-thumbnail","hentry","category-epst","tag-conditions-travail","tag-covid","ct-col-2"],"amp_enabled":true,"_links":{"self":[{"href":"https:\/\/cfdt-recherche-epst.org\/index.php?rest_route=\/wp\/v2\/posts\/16481","targetHints":{"allow":["GET"]}}],"collection":[{"href":"https:\/\/cfdt-recherche-epst.org\/index.php?rest_route=\/wp\/v2\/posts"}],"about":[{"href":"https:\/\/cfdt-recherche-epst.org\/index.php?rest_route=\/wp\/v2\/types\/post"}],"author":[{"embeddable":true,"href":"https:\/\/cfdt-recherche-epst.org\/index.php?rest_route=\/wp\/v2\/users\/19"}],"replies":[{"embeddable":true,"href":"https:\/\/cfdt-recherche-epst.org\/index.php?rest_route=%2Fwp%2Fv2%2Fcomments&post=16481"}],"version-history":[{"count":18,"href":"https:\/\/cfdt-recherche-epst.org\/index.php?rest_route=\/wp\/v2\/posts\/16481\/revisions"}],"predecessor-version":[{"id":21894,"href":"https:\/\/cfdt-recherche-epst.org\/index.php?rest_route=\/wp\/v2\/posts\/16481\/revisions\/21894"}],"wp:featuredmedia":[{"embeddable":true,"href":"https:\/\/cfdt-recherche-epst.org\/index.php?rest_route=\/wp\/v2\/media\/17838"}],"wp:attachment":[{"href":"https:\/\/cfdt-recherche-epst.org\/index.php?rest_route=%2Fwp%2Fv2%2Fmedia&parent=16481"}],"wp:term":[{"taxonomy":"category","embeddable":true,"href":"https:\/\/cfdt-recherche-epst.org\/index.php?rest_route=%2Fwp%2Fv2%2Fcategories&post=16481"},{"taxonomy":"post_tag","embeddable":true,"href":"https:\/\/cfdt-recherche-epst.org\/index.php?rest_route=%2Fwp%2Fv2%2Ftags&post=16481"}],"curies":[{"name":"wp","href":"https:\/\/api.w.org\/{rel}","templated":true}]}}