{"id":16722,"date":"2020-04-14T10:16:32","date_gmt":"2020-04-14T08:16:32","guid":{"rendered":"https:\/\/epst-sgen-cfdt.org\/?p=16722"},"modified":"2020-04-14T10:20:42","modified_gmt":"2020-04-14T08:20:42","slug":"agents-publics-contractuels-la-fin-de-contrat-maj-le-10-avril-2020","status":"publish","type":"post","link":"https:\/\/cfdt-recherche-epst.org\/?p=16722","title":{"rendered":"Agents publics contractuels : la fin de contrat (MAJ le 10 avril 2020)"},"content":{"rendered":"<p>Fiche de CFDT UFFA<\/p>\n<p>Dans son courrier du 8 avril 2020 \u00e0 la CFDT,\u00a0 le secr\u00e9taire d\u2019\u00c9tat Olivier Dussopt a pris des engagements tr\u00e8s clairs vis-\u00e0-vis de la situation des agents en CDD pendant cette p\u00e9riode de Covid19, afin que les employeurs publics ne profitent pas de la situation, pour mettre fin de mani\u00e8re pr\u00e9matur\u00e9e \u00e0 ces contrats ou de ne pas les renouveler.<\/p>\n<p><strong>Sous l\u2019angle de la fin des relations entre l\u2019agent et son employeur, l\u2019une des diff\u00e9rences fondamentales r\u00e9side en ce que le fonctionnaire n\u2019est pas titulaire de son emploi mais de son grade. Cette confusion am\u00e8ne \u00e0 d\u00e9velopper la th\u00e9orie selon laquelle le fonctionnaire b\u00e9n\u00e9ficie de la garantie de l\u2019emploi. A l\u2019inverse, l\u2019agent contractuel est titulaire de son emploi ; il en r\u00e9sulte qu\u2019en cas de suppression d\u2019emploi, l\u2019agent licenci\u00e9 a droit \u00e0 une indemnit\u00e9. De sorte, l\u2019agent contractuel n\u2019est pas soumis aux m\u00eames r\u00e8gles que le fonctionnaire.<\/strong><\/p>\n<p>Nonobstant, aux termes de l\u2019article 24 de la loi 83-634 du 13 juillet 1983, applicable aux contractuels en application de l\u2019article 32 du m\u00eame texte, il existe 4 cas dans lesquels il est mis fin aux attributions du contractuel : l\u2019admission \u00e0 la retraite, la d\u00e9mission accept\u00e9e, le licenciement et la r\u00e9vocation. Evidemment, il convient d\u2019ajouter le cas o\u00f9 le contrat, s\u2019il est \u00e0 dur\u00e9e d\u00e9termin\u00e9e, arrive \u00e0 terme \u00e9chu.<\/p>\n<p>https:\/\/cfdt-recherche-epst.org\/?attachment_id=16725<\/p>\n<p><a href=\"https:\/\/cfdt-recherche-epst.org\/?attachment_id=16725\" rel=\"attachment wp-att-16725\">FICHE CONTRACTUELS 10 AVRIL 2020<\/a><\/p>\n<p>&nbsp;<\/p>\n<p>&nbsp;<\/p>\n","protected":false},"excerpt":{"rendered":"<p>Fiche de CFDT UFFA Dans son courrier du 8 avril 2020 \u00e0 la CFDT,\u00a0 le secr\u00e9taire d\u2019\u00c9tat Olivier Dussopt a pris des engagements tr\u00e8s clairs vis-\u00e0-vis de la situation des agents en CDD pendant cette p\u00e9riode de Covid19, afin que les employeurs publics ne profitent pas de la situation, pour<\/p>\n","protected":false},"author":19,"featured_media":0,"comment_status":"closed","ping_status":"open","sticky":false,"template":"","format":"standard","meta":{"footnotes":""},"categories":[5],"tags":[67,98,179],"class_list":["post-16722","post","type-post","status-publish","format-standard","hentry","category-epst","tag-cdd","tag-conditions-travail","tag-fonction-publique","ct-col-2"],"amp_enabled":true,"_links":{"self":[{"href":"https:\/\/cfdt-recherche-epst.org\/index.php?rest_route=\/wp\/v2\/posts\/16722","targetHints":{"allow":["GET"]}}],"collection":[{"href":"https:\/\/cfdt-recherche-epst.org\/index.php?rest_route=\/wp\/v2\/posts"}],"about":[{"href":"https:\/\/cfdt-recherche-epst.org\/index.php?rest_route=\/wp\/v2\/types\/post"}],"author":[{"embeddable":true,"href":"https:\/\/cfdt-recherche-epst.org\/index.php?rest_route=\/wp\/v2\/users\/19"}],"replies":[{"embeddable":true,"href":"https:\/\/cfdt-recherche-epst.org\/index.php?rest_route=%2Fwp%2Fv2%2Fcomments&post=16722"}],"version-history":[{"count":3,"href":"https:\/\/cfdt-recherche-epst.org\/index.php?rest_route=\/wp\/v2\/posts\/16722\/revisions"}],"predecessor-version":[{"id":16727,"href":"https:\/\/cfdt-recherche-epst.org\/index.php?rest_route=\/wp\/v2\/posts\/16722\/revisions\/16727"}],"wp:attachment":[{"href":"https:\/\/cfdt-recherche-epst.org\/index.php?rest_route=%2Fwp%2Fv2%2Fmedia&parent=16722"}],"wp:term":[{"taxonomy":"category","embeddable":true,"href":"https:\/\/cfdt-recherche-epst.org\/index.php?rest_route=%2Fwp%2Fv2%2Fcategories&post=16722"},{"taxonomy":"post_tag","embeddable":true,"href":"https:\/\/cfdt-recherche-epst.org\/index.php?rest_route=%2Fwp%2Fv2%2Ftags&post=16722"}],"curies":[{"name":"wp","href":"https:\/\/api.w.org\/{rel}","templated":true}]}}