{"id":16956,"date":"2020-04-24T10:56:10","date_gmt":"2020-04-24T08:56:10","guid":{"rendered":"https:\/\/epst-sgen-cfdt.org\/?p=16956"},"modified":"2020-04-24T10:58:02","modified_gmt":"2020-04-24T08:58:02","slug":"1er-mai-2020-declaration-commune-cfdt-cftc-unsa-fage","status":"publish","type":"post","link":"https:\/\/cfdt-recherche-epst.org\/?p=16956","title":{"rendered":"1er mai 2020 : D\u00e9claration commune CFDT \/ CFTC \/ UNSA \/ FAGE"},"content":{"rendered":"<p>Avec la crise sanitaire, certains semblent aujourd\u2019hui red\u00e9couvrir l\u2019importance de secteurs d\u2019activit\u00e9s sans lesquels il n\u2019est pas possible de vivre ensemble voire de vivre \u00ab tout court \u00bb. On pense bien \u00e9videmment aux m\u00e9tiers de la sant\u00e9 dont les professionnels sont tr\u00e8s justement et tr\u00e8s chaleureusement applaudis tous les soirs, \u00e0 20 heures.<\/p>\n<p>D\u2019autres secteurs, d\u2019autres m\u00e9tiers apparaissent tout aussi essentiels. L\u2019agro-alimentaire bien s\u00fbr, avec le monde agricole et l\u2019ensemble de la cha\u00eene logistique et de distribution, du producteur au commerce, qui l\u2019accompagne. Il faut produire puis contr\u00f4ler puis emballer puis transporter puis vendre les produits qui finissent dans nos frigos.<\/p>\n<p>Essentiels aussi les m\u00e9tiers du transport et de la logistique. Qu\u2019il s\u2019agisse des ambulanciers, des routiers, des conducteurs de bus ou des convoyeurs de fonds, nous mesurons aujourd\u2019hui \u00e0 quel point ces travailleurs sont indispensables \u00e0 notre \u00ab bien vivre ensemble \u00bb. Pensons aussi aux livreurs \u00ab ub\u00e9ris\u00e9s \u00bb dont la sant\u00e9 au travail pr\u00e9occupe g\u00e9n\u00e9ralement peu les plateformes. Aujourd\u2019hui mobilis\u00e9s pour satisfaire nos besoins, ils s\u2019exposent d\u2019autant plus au risque de contamination qu\u2019ils b\u00e9n\u00e9ficient rarement d\u2019\u00e9quipements <strong>adapt\u00e9s<\/strong>.<\/p>\n<p>Essentiels aussi les m\u00e9tiers du m\u00e9nage et du gardiennage. Au service des entreprises ou des particuliers, ils assurent quotidiennement le nettoyage de nos lieux de vie et\/ou de travail. Ils prennent en charge la petite maintenance tout en veillant sur la s\u00e9curit\u00e9 des biens et des personnes. Ce faisant, ils rendent \u00ab vivables \u00bb ces lieux qui nous sont si familiers, rien de moins !<\/p>\n<p>Essentiels aussi, les m\u00e9tiers du secteur social. L\u2019ensemble des travailleurs sociaux qui quotidiennement, et encore plus pendant cette crise, sont aux services et accompagnent dans l\u2019ombre les plus fragiles d\u2019entre nous.<\/p>\n<p>Pompiers, policiers, \u00e9boueurs, \u00e9ducateurs, personnels de nettoyage, salari\u00e9s des secteurs de l\u2019eau, de l\u2019\u00e9nergie, des t\u00e9l\u00e9coms, des services de payes et prestations sociales, et tant d\u2019autres, la liste est <strong>tr\u00e8s longue ! Travailleurs et travailleuses<\/strong> des secteurs publics <strong>ou<\/strong> priv\u00e9 ils et elles sont expos\u00e9es <strong>quotidiennement<\/strong> au virus.<\/p>\n<p>Parmi ces travailleurs, nombre d\u2019entre eux sont \u00e9tudiants, et ces derniers sont \u00e9galement souvent engag\u00e9s dans les activit\u00e9s b\u00e9n\u00e9voles de soutien aux populations les plus fragiles.<\/p>\n<p>Ces m\u00e9tiers essentiels, trop souvent ne sont pas reconnus ! Le temps est venu de questionner ce mod\u00e8le. Plus que des primes accord\u00e9es quand tout va mal nous revendiquons une juste reconnaissance et r\u00e9mun\u00e9ration pour ces travailleuses et travailleurs !<\/p>\n<p><strong>A l\u2019occasion du 1er Mai, confinement et respect des \u00ab gestes barri\u00e8res \u00bb obligent, la CFDT, la CFTC, l\u2019UNSA et la FAGE ne r\u00e9uniront pas leurs adh\u00e9rents comme elles en ont l\u2019habitude. Mais parce que les travailleurs doivent \u00eatre f\u00eat\u00e9s, cette ann\u00e9e plus que jamais, nos 4 organisations r\u00e9affirment solennellement leur engagement \u00e0 cette occasion :<\/strong><\/p>\n<p><strong>Ensemble, nous porterons demain avec encore plus de d\u00e9terminations nos revendications pour l\u2019emploi, la justice sociale et pour un mod\u00e8le de d\u00e9veloppement respectueux de l\u2019environnement et des femmes et des hommes au travail.<\/strong><\/p>\n<p><strong>C\u2019est ensemble que nous leurs disons MERCI et que nous nous engageons \u00e0 poursuivre notre action syndicale pour faire en sorte que leur travail soit, \u00e0 l\u2019avenir, mieux et durablement reconnu !<\/strong><\/p>\n<p>&nbsp;<\/p>\n<p><strong><span style=\"color: #0000ff;\"><a style=\"color: #0000ff;\" href=\"https:\/\/cfdt-recherche-epst.org\/?attachment_id=16958\">ICI le texte en pdf<\/a><\/span><\/strong><\/p>\n<p>https:\/\/cfdt-recherche-epst.org\/?attachment_id=16958<\/p>\n<p>&nbsp;<\/p>\n","protected":false},"excerpt":{"rendered":"<p>Avec la crise sanitaire, certains semblent aujourd\u2019hui red\u00e9couvrir l\u2019importance de secteurs d\u2019activit\u00e9s sans lesquels il n\u2019est pas possible de vivre ensemble voire de vivre \u00ab tout court \u00bb. On pense bien \u00e9videmment aux m\u00e9tiers de la sant\u00e9 dont les professionnels sont tr\u00e8s justement et tr\u00e8s chaleureusement applaudis tous les soirs,<\/p>\n","protected":false},"author":19,"featured_media":0,"comment_status":"closed","ping_status":"open","sticky":false,"template":"","format":"standard","meta":{"footnotes":""},"categories":[5],"tags":[],"class_list":["post-16956","post","type-post","status-publish","format-standard","hentry","category-epst","ct-col-2"],"amp_enabled":true,"_links":{"self":[{"href":"https:\/\/cfdt-recherche-epst.org\/index.php?rest_route=\/wp\/v2\/posts\/16956","targetHints":{"allow":["GET"]}}],"collection":[{"href":"https:\/\/cfdt-recherche-epst.org\/index.php?rest_route=\/wp\/v2\/posts"}],"about":[{"href":"https:\/\/cfdt-recherche-epst.org\/index.php?rest_route=\/wp\/v2\/types\/post"}],"author":[{"embeddable":true,"href":"https:\/\/cfdt-recherche-epst.org\/index.php?rest_route=\/wp\/v2\/users\/19"}],"replies":[{"embeddable":true,"href":"https:\/\/cfdt-recherche-epst.org\/index.php?rest_route=%2Fwp%2Fv2%2Fcomments&post=16956"}],"version-history":[{"count":3,"href":"https:\/\/cfdt-recherche-epst.org\/index.php?rest_route=\/wp\/v2\/posts\/16956\/revisions"}],"predecessor-version":[{"id":16961,"href":"https:\/\/cfdt-recherche-epst.org\/index.php?rest_route=\/wp\/v2\/posts\/16956\/revisions\/16961"}],"wp:attachment":[{"href":"https:\/\/cfdt-recherche-epst.org\/index.php?rest_route=%2Fwp%2Fv2%2Fmedia&parent=16956"}],"wp:term":[{"taxonomy":"category","embeddable":true,"href":"https:\/\/cfdt-recherche-epst.org\/index.php?rest_route=%2Fwp%2Fv2%2Fcategories&post=16956"},{"taxonomy":"post_tag","embeddable":true,"href":"https:\/\/cfdt-recherche-epst.org\/index.php?rest_route=%2Fwp%2Fv2%2Ftags&post=16956"}],"curies":[{"name":"wp","href":"https:\/\/api.w.org\/{rel}","templated":true}]}}