{"id":17096,"date":"2020-04-30T11:40:20","date_gmt":"2020-04-30T09:40:20","guid":{"rendered":"https:\/\/epst-sgen-cfdt.org\/?p=17096"},"modified":"2020-04-30T12:13:23","modified_gmt":"2020-04-30T10:13:23","slug":"audition-de-la-ministre-de-lesr-devant-lassemblee-nationale","status":"publish","type":"post","link":"https:\/\/cfdt-recherche-epst.org\/?p=17096","title":{"rendered":"Audition de la ministre de l&rsquo;ESR devant l&rsquo;Assembl\u00e9e Nationale (29 avril 2020)"},"content":{"rendered":"<p>https:\/\/videos.assemblee-nationale.fr\/video.8990924_5ea9792926629.impact-gestion-et-consequences-de-l-epidemie-de-coronavirus-covid-19&#8211;mme-frederique-vidal-minis-29-avril-2020?timecode=735208<\/p>\n<p>[nos commentaires entre crochets\u2026]<\/p>\n<p>22&rsquo;06\u00a0\u00bb : renforcer des liens entre science et soci\u00e9t\u00e9 : +25Md\u20ac dans les 10 prochaines ann\u00e9es : Consolider la MIRES (la faire passer de 15 \u00e0 20Md\u20ac ce qui correspond \u00e0 un flux d&rsquo;investissements de 25Md\u20ac sur 10 ans) qui s&rsquo;ajoutent bien \u00e9videmment aux financements d\u00e9j\u00e0 consacr\u00e9s \u00e0 nos politiques de recherche.<\/p>\n<p>22&rsquo;49\u00a0\u00bb : Sur le plf 2021 : +400 M\u20ac suppl\u00e9mentaires [??] + 400 M\u20ac suppl\u00e9mentaires c&rsquo;est donc 800M\u20ac en deux ans [??] \u00ab\u00a0\u00e0 titre de comparaison, le BOP 172 avait \u00e9t\u00e9 abond\u00e9 de 50M\u20ac sur 5 ans dans une p\u00e9riode r\u00e9cente [elle parle de la MIRES ou du BOP 172 seulement ???]<\/p>\n<p>23&rsquo;40\u00a0\u00bb \u00ab\u00a0il ne faut pas que notre recherche s&rsquo;arr\u00eate dans les autres domaines\u00a0\u00bb ; \u00ab\u00a0Personne ne peut pr\u00e9dire de quelles connaissances nous auront besoin dans les ann\u00e9es \u00e0 venir\u00a0\u00bb ; il ne faut pas \u00ab\u00a0rompre ce continuum de la recherche\u00a0\u00bb [c&rsquo;est joliment dit mais dans les faits ?]<\/p>\n<p>40\u201901\u2019\u2019 : Sur les PRA :\u00a0 Il ne faut pas que des plans diff\u00e9rents soient propos\u00e9s par les diff\u00e9rentes tutelles \u2026 les PRA sont \u00e9labor\u00e9s avec les RP du personnel [ah bon?] afin que ces dispositifs soient les m\u00eames quel que soit l\u2019employeur dans des labos qui m\u00e9langent des personnels de diff\u00e9rents organismes, des universit\u00e9s voire des personnels de statut priv\u00e9&#8230; le PRA se d\u00e9ploiera de fa\u00e7on progressive.<\/p>\n<p>41\u201929\u2019\u2019 : Le financement de la prolongation des contrats (docteurs, recrutements sur contrats ANR) sera assur\u00e9 par les \u00e9tablissements (non pr\u00e9vu dans le cadre du projet de loi rectificatif mais pris dans l\u2019enveloppe de 2,5Md\u20ac qui va permettre aux diff\u00e9rents minist\u00e8res de s\u2019\u00e9quilibrer)<\/p>\n<p>1h44\u201930\u2019\u2019 : sur les 5Md\u20ac suppl\u00e9mentaires annuels [d\u2019ici 10 ans\u2026], 1Md\u20ac doit \u00eatre consacr\u00e9 \u00e0 la \u00ab sant\u00e9 globale (E Macron)\u00bb ;\u00a0\u00ab On ne sait jamais de quelles disciplines vont venir les connaissances qui vont permettre d\u2019am\u00e9liorer la recherche m\u00e9dicale\u00a0; la recherche m\u00e9dicale c\u2019est une application de connaissances qui sont g\u00e9n\u00e9r\u00e9es par des disciplines fondamentales\u00a0\u00bb<\/p>\n<p>La \u00ab\u00a0recherche action\u00a0\u00bb n\u2019est pas le mode de fonctionnement normal de la recherche qui est de produire de la connaissance et la faire circuler afin de la mobiliser le jour o\u00f9 on en a besoin &#8230;<\/p>\n<p>1h46\u201905\u2019\u2019 : +25Md\u20ac pour faire passer l\u2019investissement public de 15 \u00e0 20Md\u20ac par an pour la recherche [RDA =1\/3 de la recherche ; mais on ne parle plus de 1% du PIB, compte tenu de ce qui arrive au PIB ! ]<\/p>\n<p>Et donc faire passer\u00a0 de 30 \u00e0 40Md\u20ac\u00a0 [RDE : 2\/3 de la recherche ; attention, dans ces 2\/3, il y a le CIR et donc des financements (le CIR est une recette d&rsquo;imp\u00f4t n\u00e9gative) publics!]<\/p>\n<p>1h48\u201923\u2019\u2019\u00a0: \u00ab\u00a0il est important que nous <strong>RE<\/strong>-investissions dans la recherche\u00a0\u00bb<\/p>\n<p><strong>Evolution du BOP 172 : elle \u00e9tait de 50M\u20ac sur 5 ans \u00e0 comparer \u00e0 800M\u20ac sur 2 ans et \u00e0 25Md\u20ac sur 10 ans [bon, c&rsquo;est clair maintenant : c&rsquo;est le BOP 172 et par l&rsquo;ensemble de la MIRES &#8230; ] &#8230;\u00a0<\/strong><b>\u00ab\u00a0cela permettra de valoriser les salaires, d\u2019avoir plus de contrats doctoraux\u2026 \u00bb<\/b><\/p>\n<p>2h11\u201901\u2019\u2019 : \u00ab &#8230; la place du CNRS, elle est juste .. heu \u00a0\u2026 centrale ! \u00bb<\/p>\n<p>&nbsp;<\/p>\n","protected":false},"excerpt":{"rendered":"<p>https:\/\/videos.assemblee-nationale.fr\/video.8990924_5ea9792926629.impact-gestion-et-consequences-de-l-epidemie-de-coronavirus-covid-19&#8211;mme-frederique-vidal-minis-29-avril-2020?timecode=735208 [nos commentaires entre crochets\u2026] 22&rsquo;06\u00a0\u00bb : renforcer des liens entre science et soci\u00e9t\u00e9 : +25Md\u20ac dans les 10 prochaines ann\u00e9es : Consolider la MIRES (la faire passer de 15 \u00e0 20Md\u20ac ce qui correspond \u00e0 un flux d&rsquo;investissements de 25Md\u20ac sur 10 ans) qui s&rsquo;ajoutent bien \u00e9videmment aux financements<\/p>\n","protected":false},"author":19,"featured_media":0,"comment_status":"closed","ping_status":"open","sticky":false,"template":"","format":"standard","meta":{"footnotes":""},"categories":[5],"tags":[207],"class_list":["post-17096","post","type-post","status-publish","format-standard","hentry","category-epst","tag-lppr","ct-col-2"],"amp_enabled":true,"_links":{"self":[{"href":"https:\/\/cfdt-recherche-epst.org\/index.php?rest_route=\/wp\/v2\/posts\/17096","targetHints":{"allow":["GET"]}}],"collection":[{"href":"https:\/\/cfdt-recherche-epst.org\/index.php?rest_route=\/wp\/v2\/posts"}],"about":[{"href":"https:\/\/cfdt-recherche-epst.org\/index.php?rest_route=\/wp\/v2\/types\/post"}],"author":[{"embeddable":true,"href":"https:\/\/cfdt-recherche-epst.org\/index.php?rest_route=\/wp\/v2\/users\/19"}],"replies":[{"embeddable":true,"href":"https:\/\/cfdt-recherche-epst.org\/index.php?rest_route=%2Fwp%2Fv2%2Fcomments&post=17096"}],"version-history":[{"count":11,"href":"https:\/\/cfdt-recherche-epst.org\/index.php?rest_route=\/wp\/v2\/posts\/17096\/revisions"}],"predecessor-version":[{"id":17110,"href":"https:\/\/cfdt-recherche-epst.org\/index.php?rest_route=\/wp\/v2\/posts\/17096\/revisions\/17110"}],"wp:attachment":[{"href":"https:\/\/cfdt-recherche-epst.org\/index.php?rest_route=%2Fwp%2Fv2%2Fmedia&parent=17096"}],"wp:term":[{"taxonomy":"category","embeddable":true,"href":"https:\/\/cfdt-recherche-epst.org\/index.php?rest_route=%2Fwp%2Fv2%2Fcategories&post=17096"},{"taxonomy":"post_tag","embeddable":true,"href":"https:\/\/cfdt-recherche-epst.org\/index.php?rest_route=%2Fwp%2Fv2%2Ftags&post=17096"}],"curies":[{"name":"wp","href":"https:\/\/api.w.org\/{rel}","templated":true}]}}