{"id":17254,"date":"2020-05-05T16:32:03","date_gmt":"2020-05-05T14:32:03","guid":{"rendered":"https:\/\/epst-sgen-cfdt.org\/?p=17254"},"modified":"2020-05-05T16:34:24","modified_gmt":"2020-05-05T14:34:24","slug":"le-teletravail-est-source-de-risques-professionnels","status":"publish","type":"post","link":"https:\/\/cfdt-recherche-epst.org\/?p=17254","title":{"rendered":"Le t\u00e9l\u00e9travail est source de risques professionnels &#8230;"},"content":{"rendered":"<p>Avis du CHSCT du MESRi :<\/p>\n<p><strong>T\u00e9l\u00e9travail\/travail \u00e0 distance &#8211; \u00ab\u00a0r\u00e9gularisation\u00a0\u00bb<\/strong><\/p>\n<p>Le t\u00e9l\u00e9travail est source de risques professionnels, notamment lorsque les travailleurs concern\u00e9s n&rsquo;y ont pas \u00e9t\u00e9 pr\u00e9par\u00e9s. Ce fut le cas pour beaucoup d&rsquo;agents dans de nombreux \u00e9tablissements qui ont ferm\u00e9 dans la pr\u00e9cipitation du confinement. Les risques professionnels sont en lien avec l&rsquo;isolement, l&rsquo;organisation du travail \u00e0 distance, la difficult\u00e9 d&rsquo;assurer la s\u00e9paration entre activit\u00e9 professionnelle et vie familiale, etc. Ce dernier point est particuli\u00e8rement sensible puisque nombre de t\u00e9l\u00e9travailleurs doivent \u00e9galement assurer la garde de leurs enfants.<\/p>\n<p>Depuis le 16 mars, le travail \u00e0 distance a \u00e9t\u00e9 pratiqu\u00e9 par de nombreux agents, sans \u00e9quipement, sans formation, ni pr\u00e9vention des risques professionnels. Il convient d\u00e9sormais de r\u00e9gulariser cette situation puisque le t\u00e9l\u00e9travail s&rsquo;inscrit dans la dur\u00e9e, afin de garantir la sant\u00e9 et la s\u00e9curit\u00e9 des t\u00e9l\u00e9travailleurs :<\/p>\n<ul>\n<li>fourniture par l&#8217;employeur \u00e0 tous les t\u00e9l\u00e9travailleurs des \u00e9quipements n\u00e9cessaires :<br \/>\nordinateur \u00e9quip\u00e9 pour la visio-conf\u00e9rence et dot\u00e9 des logiciels ad hoc, t\u00e9l\u00e9phone ou<br \/>\nmodem 4G, chaise de bureau&#8230;<\/li>\n<li>formation formalis\u00e9e aux techniques n\u00e9cessaires, aux logiciels utilis\u00e9s, aux proc\u00e9dures<br \/>\nli\u00e9es \u00e0 la s\u00e9curit\u00e9 informatique&#8230;<\/li>\n<li>information sur l&rsquo;organisation du travail \u00e0 distance, sur les modalit\u00e9s de r\u00e9union, de<br \/>\ncoordination, de contr\u00f4le du travail&#8230;<\/li>\n<li>information sur les droits \u00e0 la d\u00e9connexion : horaires de travail identifi\u00e9s, encadrement<br \/>\ndes sollicitations, s\u00e9paration claire de l&rsquo;espace et du temps de travail et des activit\u00e9s<br \/>\npriv\u00e9es&#8230;<\/li>\n<li>information sur les risques li\u00e9s au travail sur \u00e9cran (fatigue oculaire, insomnie,<br \/>\nTMS, &#8230;), \u00e0 l&rsquo;utilisation prolong\u00e9 d&rsquo;\u00e9couteurs&#8230;<\/li>\n<li>d\u00e9finition claire du \u00ab\u00a0t\u00e9l\u00e9travail partiel\u00a0\u00bb quand celui-ci s&rsquo;exerce en pr\u00e9sence d&rsquo;autres<br \/>\npersonnes, en particulier des enfants<\/li>\n<\/ul>\n<p><a href=\"https:\/\/cfdt-recherche-epst.org\/?p=17198\">Voir tous les avis du CHSCT MESRi :<\/a><\/p>\n<blockquote class=\"wp-embedded-content\" data-secret=\"tHwcB99bXZ\"><p><a href=\"https:\/\/cfdt-recherche-epst.org\/?p=17198\">CHSCT du MESRi du 30 avril 2020 : les 11 avis vot\u00e9s par le Sgen CFDT<\/a><\/p><\/blockquote>\n<p><iframe loading=\"lazy\" class=\"wp-embedded-content\" sandbox=\"allow-scripts\" security=\"restricted\" style=\"position: absolute; visibility: hidden;\" title=\"\u00ab\u00a0CHSCT du MESRi du 30 avril 2020 : les 11 avis vot\u00e9s par le Sgen CFDT\u00a0\u00bb &#8212; CFDT Recherche EPST\" src=\"https:\/\/cfdt-recherche-epst.org\/?p=17198&#038;embed=true#?secret=ZWsRpyza9e#?secret=tHwcB99bXZ\" data-secret=\"tHwcB99bXZ\" width=\"600\" height=\"338\" frameborder=\"0\" marginwidth=\"0\" marginheight=\"0\" scrolling=\"no\"><\/iframe><\/p>\n<p>&nbsp;<\/p>\n","protected":false},"excerpt":{"rendered":"<p>Avis du CHSCT du MESRi : T\u00e9l\u00e9travail\/travail \u00e0 distance &#8211; \u00ab\u00a0r\u00e9gularisation\u00a0\u00bb Le t\u00e9l\u00e9travail est source de risques professionnels, notamment lorsque les travailleurs concern\u00e9s n&rsquo;y ont pas \u00e9t\u00e9 pr\u00e9par\u00e9s. Ce fut le cas pour beaucoup d&rsquo;agents dans de nombreux \u00e9tablissements qui ont ferm\u00e9 dans la pr\u00e9cipitation du confinement. Les risques professionnels<\/p>\n","protected":false},"author":19,"featured_media":0,"comment_status":"closed","ping_status":"open","sticky":false,"template":"","format":"standard","meta":{"footnotes":""},"categories":[5],"tags":[72,98,233,81],"class_list":["post-17254","post","type-post","status-publish","format-standard","hentry","category-epst","tag-cchsct","tag-conditions-travail","tag-covid","tag-teletravail","ct-col-2"],"amp_enabled":true,"_links":{"self":[{"href":"https:\/\/cfdt-recherche-epst.org\/index.php?rest_route=\/wp\/v2\/posts\/17254","targetHints":{"allow":["GET"]}}],"collection":[{"href":"https:\/\/cfdt-recherche-epst.org\/index.php?rest_route=\/wp\/v2\/posts"}],"about":[{"href":"https:\/\/cfdt-recherche-epst.org\/index.php?rest_route=\/wp\/v2\/types\/post"}],"author":[{"embeddable":true,"href":"https:\/\/cfdt-recherche-epst.org\/index.php?rest_route=\/wp\/v2\/users\/19"}],"replies":[{"embeddable":true,"href":"https:\/\/cfdt-recherche-epst.org\/index.php?rest_route=%2Fwp%2Fv2%2Fcomments&post=17254"}],"version-history":[{"count":3,"href":"https:\/\/cfdt-recherche-epst.org\/index.php?rest_route=\/wp\/v2\/posts\/17254\/revisions"}],"predecessor-version":[{"id":17258,"href":"https:\/\/cfdt-recherche-epst.org\/index.php?rest_route=\/wp\/v2\/posts\/17254\/revisions\/17258"}],"wp:attachment":[{"href":"https:\/\/cfdt-recherche-epst.org\/index.php?rest_route=%2Fwp%2Fv2%2Fmedia&parent=17254"}],"wp:term":[{"taxonomy":"category","embeddable":true,"href":"https:\/\/cfdt-recherche-epst.org\/index.php?rest_route=%2Fwp%2Fv2%2Fcategories&post=17254"},{"taxonomy":"post_tag","embeddable":true,"href":"https:\/\/cfdt-recherche-epst.org\/index.php?rest_route=%2Fwp%2Fv2%2Ftags&post=17254"}],"curies":[{"name":"wp","href":"https:\/\/api.w.org\/{rel}","templated":true}]}}