{"id":17274,"date":"2020-05-04T17:14:10","date_gmt":"2020-05-04T15:14:10","guid":{"rendered":"https:\/\/epst-sgen-cfdt.org\/?p=17274"},"modified":"2020-05-05T17:16:19","modified_gmt":"2020-05-05T15:16:19","slug":"protocoles-de-reprise-dactivites-informer-nest-pas-concerter","status":"publish","type":"post","link":"https:\/\/cfdt-recherche-epst.org\/?p=17274","title":{"rendered":"Protocoles de reprise d\u2019activit\u00e9s : informer n\u2019est pas concerter !"},"content":{"rendered":"<div class=\"clearfix\"><a href=\"https:\/\/www.sgen-cfdt.fr\/actu\/protocoles-de-reprise-dactivites-informer-nest-pas-concerter\/\"><span class=\"date\">Publi\u00e9 le lundi 4 mai 2020<\/span> sur le site du Sgen-CFDT<\/a><\/div>\n<div>\n<div class=\"content\">\n<div class=\"content_wrapper\">\n<p>Le Sgen-CFDT prend acte de la d\u00e9cision du gouvernement de lever le confinement \u00e0 partir du 11 mai 2020 de fa\u00e7on progressive et en apportant toutes les conditions de s\u00e9curit\u00e9 pour les personnels et, le cas \u00e9ch\u00e9ant, les usagers. Nous nous devons \u00e0 ce propos d\u2019alerter la ministre de l\u2019enseignement sup\u00e9rieur, de la recherche et de l\u2019innovation sur le manque de concertation dont font \u00e9tat un nombre important de nos militants dans les \u00e9tablissements d\u2019enseignement sup\u00e9rieur et de recherche et dans les \u00e9tablissements relevant du minist\u00e8re des sports. Le Sgen-CFDT en tirera toutes les cons\u00e9quences en soutenant les personnels qui souhaiteraient faire usage de leur droit de retrait et en contestant y compris au tribunal administratif les plans de reprises l\u00e0 o\u00f9 nos militants constateraient le d\u00e9faut de consultation des instances et des manques av\u00e9r\u00e9s dans les conditions d\u2019une reprise s\u00fbre pour les agents.<\/p>\n<p align=\"justify\">L\u2019ordonnance du 27 mars 2020 stipule bien que les instances de dialogue social doivent \u00eatre consult\u00e9es \u00e0 distance, durant l\u2019\u00e9tat d\u2019urgence sanitaire, en respectant les m\u00eames d\u00e9lais de convocation, les m\u00eames modalit\u00e9s de consultation pour avis qu\u2019en temps normal. Ces conditions de consultation sont d\u2019autant plus \u00e0 exiger que la situation est grave et toute d\u00e9cision de reprise lourde de cons\u00e9quences pour les personnels comme pour les usagers, dans un contexte sanitaire tr\u00e8s incertain.<\/p>\n<p align=\"justify\">La circulaire dat\u00e9e du 3 mai 2020 sign\u00e9e par la ministre et envoy\u00e9e aux \u00e9tablissements pr\u00e9voit express\u00e9ment un chapitre consacr\u00e9 au dialogue social et \u00e0 la n\u00e9cessaire association des repr\u00e9sentants des personnels \u00e0 l\u2019\u00e9laboration des protocoles de reprise d\u2019activit\u00e9s. Il ne s\u2019agit donc pas simplement d\u2019informer les repr\u00e9sentants des personnels une fois les d\u00e9cisions prises mais de co-construire ces protocoles avec eux pour qu\u2019ils soient les plus pertinents et exhaustifs possibles.<\/p>\n<p align=\"justify\">La p\u00e9riode difficile que nous traversons n\u00e9cessite plus que jamais un travail commun, constructif et respectueux entre les \u00e9quipes de gouvernance et les repr\u00e9sentants des personnels. C\u2019est la condition pour que les personnels se sentent en confiance pour une reprise qui s\u2019annonce difficile.<\/p>\n<p>https:\/\/cfdt-recherche-epst.org\/?attachment_id=17275<\/p>\n<p align=\"justify\">\n<\/div>\n<\/div>\n<\/div>\n","protected":false},"excerpt":{"rendered":"<p>Publi\u00e9 le lundi 4 mai 2020 sur le site du Sgen-CFDT Le Sgen-CFDT prend acte de la d\u00e9cision du gouvernement de lever le confinement \u00e0 partir du 11 mai 2020 de fa\u00e7on progressive et en apportant toutes les conditions de s\u00e9curit\u00e9 pour les personnels et, le cas \u00e9ch\u00e9ant, les usagers.<\/p>\n","protected":false},"author":19,"featured_media":0,"comment_status":"closed","ping_status":"open","sticky":false,"template":"","format":"standard","meta":{"footnotes":""},"categories":[5],"tags":[98,233],"class_list":["post-17274","post","type-post","status-publish","format-standard","hentry","category-epst","tag-conditions-travail","tag-covid","ct-col-2"],"amp_enabled":true,"_links":{"self":[{"href":"https:\/\/cfdt-recherche-epst.org\/index.php?rest_route=\/wp\/v2\/posts\/17274","targetHints":{"allow":["GET"]}}],"collection":[{"href":"https:\/\/cfdt-recherche-epst.org\/index.php?rest_route=\/wp\/v2\/posts"}],"about":[{"href":"https:\/\/cfdt-recherche-epst.org\/index.php?rest_route=\/wp\/v2\/types\/post"}],"author":[{"embeddable":true,"href":"https:\/\/cfdt-recherche-epst.org\/index.php?rest_route=\/wp\/v2\/users\/19"}],"replies":[{"embeddable":true,"href":"https:\/\/cfdt-recherche-epst.org\/index.php?rest_route=%2Fwp%2Fv2%2Fcomments&post=17274"}],"version-history":[{"count":1,"href":"https:\/\/cfdt-recherche-epst.org\/index.php?rest_route=\/wp\/v2\/posts\/17274\/revisions"}],"predecessor-version":[{"id":17277,"href":"https:\/\/cfdt-recherche-epst.org\/index.php?rest_route=\/wp\/v2\/posts\/17274\/revisions\/17277"}],"wp:attachment":[{"href":"https:\/\/cfdt-recherche-epst.org\/index.php?rest_route=%2Fwp%2Fv2%2Fmedia&parent=17274"}],"wp:term":[{"taxonomy":"category","embeddable":true,"href":"https:\/\/cfdt-recherche-epst.org\/index.php?rest_route=%2Fwp%2Fv2%2Fcategories&post=17274"},{"taxonomy":"post_tag","embeddable":true,"href":"https:\/\/cfdt-recherche-epst.org\/index.php?rest_route=%2Fwp%2Fv2%2Ftags&post=17274"}],"curies":[{"name":"wp","href":"https:\/\/api.w.org\/{rel}","templated":true}]}}