{"id":17302,"date":"2020-05-06T09:52:03","date_gmt":"2020-05-06T07:52:03","guid":{"rendered":"https:\/\/epst-sgen-cfdt.org\/?p=17302"},"modified":"2020-05-15T10:34:56","modified_gmt":"2020-05-15T08:34:56","slug":"la-secession-des-riches-doit-cesser-laurent-berger-reclame-plus-de-solidarite-des-tres-hauts-revenus","status":"publish","type":"post","link":"https:\/\/cfdt-recherche-epst.org\/?p=17302","title":{"rendered":"\u00ab\u00a0La s\u00e9cession des riches doit cesser\u00a0\u00bb : Laurent Berger r\u00e9clame plus de solidarit\u00e9 des \u00ab\u00a0tr\u00e8s hauts revenus\u00a0\u00bb"},"content":{"rendered":"<p>Laurent Berger, secr\u00e9taire g\u00e9n\u00e9ral de la CFDT, est l&rsquo;invit\u00e9 des \u00ab\u00a04 V\u00e9rit\u00e9s\u00a0\u00bbde France 2, mercredi 6 mai.<\/p>\n<p><strong><span style=\"color: #0000ff;\"><a style=\"color: #0000ff;\" href=\"https:\/\/www.francetvinfo.fr\/sante\/maladie\/coronavirus\/laurent-berger-il-y-a-besoin-d-une-reprise-d-activite-dans-beaucoup-de-secteurs_3950985.html\">A \u00e9couter ici<\/a><\/span><\/strong><\/p>\n<p>Le d\u00e9confinement pr\u00e9vu \u00e0 partir du 11 mai sera une \u00e9tape cruciale pour de nombreuses entreprises qui vont reprendre une activit\u00e9. \u00ab\u00a0<em>Il y a besoin d&rsquo;une reprise d&rsquo;activit\u00e9 dans beaucoup de secteurs parce qu&rsquo;il en va des emplois qui sont derri\u00e8re<\/em>\u00ab\u00a0, estime Laurent Berger dans les \u00ab\u00a04 V\u00e9rit\u00e9s\u00a0\u00bb de France 2, mercredi 6 mai. \u00ab\u00a0<em>Mais pour la CFDT, la reprise d&rsquo;activit\u00e9 ne peut se faire que si elle est n\u00e9goci\u00e9e avec les salari\u00e9s et les repr\u00e9sentants du personnel et qu&rsquo;elle assure un maximum de sant\u00e9 et de s\u00e9curit\u00e9 pour les travailleurs<\/em>\u00ab\u00a0, ajoute-t-il.<\/p>\n<p>Le minist\u00e8re du Travail a publi\u00e9 un protocole pour la reprise d&rsquo;activit\u00e9. \u00ab\u00a0<em>Ce guide sur l&rsquo;aspect technique est utile parce qu&rsquo;il montre qu&rsquo;il y a beaucoup de conditions \u00e0 r\u00e9unir pour que tout se passe dans la s\u00e9curit\u00e9 et la sant\u00e9<\/em>\u00ab\u00a0, souligne le secr\u00e9taire g\u00e9n\u00e9ral de la CFDT. \u00ab\u00a0<em>La reprise d&rsquo;activit\u00e9 pour bon nombre de travailleurs est angoissante. Si on veut redonner confiance, il faut d\u00e9velopper du dialogue social. Dans ce guide, il n&rsquo;y a jamais le mot dialogue social<\/em>\u00ab\u00a0, d\u00e9plore n\u00e9anmoins Laurent Berger. Sur le retour \u00e0 l&rsquo;\u00e9cole, le syndicaliste \u00ab\u00a0<em>aurait pr\u00e9f\u00e9r\u00e9 qu&rsquo;il y a un vrai sujet sur l&rsquo;in\u00e9galit\u00e9 plut\u00f4t que de renvoyer au volontariat. Cela cr\u00e9e beaucoup de flou pour les travailleurs<\/em>\u00ab\u00a0.<\/p>\n<p>Le secr\u00e9taire g\u00e9n\u00e9ral de la CFDT, Laurent Berger, estime que les \u00ab <em>tr\u00e8s hauts revenus<\/em> \u00bb doivent faire preuve de \u00ab <em>davantage de solidarit\u00e9<\/em> \u00bb pour aider la France \u00e0 sortir de la crise. \u00ab <em>La s\u00e9cession des riches doit cesser ! Il y a beaucoup de dette g\u00e9n\u00e9r\u00e9e avec cette crise Covid-19, notamment parce qu&rsquo;il y a une r\u00e9action de l&rsquo;Etat en termes de ch\u00f4mage partiel<\/em> \u00bb, a-t-il d\u00e9velopp\u00e9, proposant d&rsquo;\u00ab <em>isoler cette dette Covid en Europe \u00bb, de \u00ab la mutualiser au sein des pays europ\u00e9ens<\/em> \u00bb et de \u00ab <em>la rendre perp\u00e9tuelle<\/em> \u00bb. \u00ab<em>Ensuite, \u00e9videmment, il y aura la question de la r\u00e9partition de la richesse<\/em> \u00bb, a-t-il poursuivi. \u00ab <em>On a une double crise de l&rsquo;offre et de la demande, donc on ne peut taxer ni la consommation ni le travail. Donc il va bien falloir, si on veut construire ce monde d&rsquo;apr\u00e8s pour qu&rsquo;il soit plus juste et solidaire, qu&rsquo;il y ait une r\u00e9partition de la richesse<\/em> \u00bb. Laurent Berger propose qu&rsquo;\u00ab on puisse taxer le capital \u00e0 m\u00eame hauteur que le travail et qu&rsquo;il y ait des tranches suppl\u00e9mentaires pour les tr\u00e8s hauts revenus \u00bb. \u00ab <em>C&rsquo;est une question de solidarit\u00e9<\/em> \u00bb, a-t-il insist\u00e9. \u00ab <em>Je crois qu&rsquo;il va falloir retrouver le sens commun et le sens collectif. Ce sens collectif, c&rsquo;est davantage de solidarit\u00e9, c&rsquo;est aussi inscrire notre d\u00e9veloppement dans d&rsquo;autres indicateurs \u00e9conomiques que simplement la croissance \u00e9conomique, m\u00eame si elle est importante aussi<\/em> \u00bb.<\/p>\n<p>Dans une interview au Monde dat\u00e9 de mercredi [<a href=\"https:\/\/cfdt-recherche-epst.org\/?p=17247\">voir ICI<\/a>], le secr\u00e9taire g\u00e9n\u00e9ral de la CFDT propose d&rsquo;appliquer \u00ab <em>aux revenus du capital le m\u00eame bar\u00e8me que celui des revenus du travail, d&rsquo;instaurer un imp\u00f4t unique progressif sur le capital, d&rsquo;ajouter une tranche de 50 % dans le bar\u00e8me de l&rsquo;imp\u00f4t sur le revenu au-del\u00e0 de 300 000 euros de ressources annuelles ou encore de refondre les droits de succession et de donation sur les gros patrimoines<\/em> \u00bb.<\/p>\n<p>https:\/\/cfdt-recherche-epst.org\/?attachment_id=17305<\/p>\n<p>&nbsp;<\/p>\n","protected":false},"excerpt":{"rendered":"<p>Laurent Berger, secr\u00e9taire g\u00e9n\u00e9ral de la CFDT, est l&rsquo;invit\u00e9 des \u00ab\u00a04 V\u00e9rit\u00e9s\u00a0\u00bbde France 2, mercredi 6 mai. A \u00e9couter ici Le d\u00e9confinement pr\u00e9vu \u00e0 partir du 11 mai sera une \u00e9tape cruciale pour de nombreuses entreprises qui vont reprendre une activit\u00e9. \u00ab\u00a0Il y a besoin d&rsquo;une reprise d&rsquo;activit\u00e9 dans beaucoup<\/p>\n","protected":false},"author":19,"featured_media":0,"comment_status":"closed","ping_status":"open","sticky":false,"template":"","format":"standard","meta":{"footnotes":""},"categories":[5],"tags":[],"class_list":["post-17302","post","type-post","status-publish","format-standard","hentry","category-epst","ct-col-2"],"amp_enabled":true,"_links":{"self":[{"href":"https:\/\/cfdt-recherche-epst.org\/index.php?rest_route=\/wp\/v2\/posts\/17302","targetHints":{"allow":["GET"]}}],"collection":[{"href":"https:\/\/cfdt-recherche-epst.org\/index.php?rest_route=\/wp\/v2\/posts"}],"about":[{"href":"https:\/\/cfdt-recherche-epst.org\/index.php?rest_route=\/wp\/v2\/types\/post"}],"author":[{"embeddable":true,"href":"https:\/\/cfdt-recherche-epst.org\/index.php?rest_route=\/wp\/v2\/users\/19"}],"replies":[{"embeddable":true,"href":"https:\/\/cfdt-recherche-epst.org\/index.php?rest_route=%2Fwp%2Fv2%2Fcomments&post=17302"}],"version-history":[{"count":8,"href":"https:\/\/cfdt-recherche-epst.org\/index.php?rest_route=\/wp\/v2\/posts\/17302\/revisions"}],"predecessor-version":[{"id":17470,"href":"https:\/\/cfdt-recherche-epst.org\/index.php?rest_route=\/wp\/v2\/posts\/17302\/revisions\/17470"}],"wp:attachment":[{"href":"https:\/\/cfdt-recherche-epst.org\/index.php?rest_route=%2Fwp%2Fv2%2Fmedia&parent=17302"}],"wp:term":[{"taxonomy":"category","embeddable":true,"href":"https:\/\/cfdt-recherche-epst.org\/index.php?rest_route=%2Fwp%2Fv2%2Fcategories&post=17302"},{"taxonomy":"post_tag","embeddable":true,"href":"https:\/\/cfdt-recherche-epst.org\/index.php?rest_route=%2Fwp%2Fv2%2Ftags&post=17302"}],"curies":[{"name":"wp","href":"https:\/\/api.w.org\/{rel}","templated":true}]}}