{"id":17438,"date":"2020-05-05T10:47:07","date_gmt":"2020-05-05T08:47:07","guid":{"rendered":"https:\/\/epst-sgen-cfdt.org\/?p=17438"},"modified":"2020-05-15T14:27:54","modified_gmt":"2020-05-15T12:27:54","slug":"ordonnance-conges-garde-denfants-rappel-et-precisions","status":"publish","type":"post","link":"https:\/\/cfdt-recherche-epst.org\/?p=17438","title":{"rendered":"Ordonnance Cong\u00e9s, garde d\u2019enfants : Rappel et Pr\u00e9cisions"},"content":{"rendered":"<p><strong>Un communiqu\u00e9 de CFDT FP*<\/strong><\/p>\n<p><strong>[&#8230;]<\/strong><br \/>\n<strong>La garde des enfants<\/strong><br \/>\n<strong><span style=\"color: #008080;\">Le secr\u00e9taire d\u2019\u00c9tat charg\u00e9 de la Fonction publique, Monsieur Dussopt, a express\u00e9ment pr\u00e9cis\u00e9 aux organisations syndicales, que du 11 mai 2020, d\u00e9but du d\u00e9confinement pr\u00e9vu par le Gouvernement (qui pr\u00e9voit la r\u00e9ouverture de certains \u00e9tablissements scolaires) jusqu\u2019au 1er juin 2020, les agents pourront continuer de b\u00e9n\u00e9ficier d\u2019une autorisation sp\u00e9ciale d\u2019absence pour en assurer la garde si besoin.<\/span><\/strong><br \/>\n<strong><span style=\"color: #008080;\">En revanche, \u00e0 compter du 2 juin 2020, et dans le cas o\u00f9 l&rsquo;enfant de l&rsquo;agent pourra \u00eatre accueilli au sein de l&rsquo;\u00e9cole, l\u2019autorisation sp\u00e9ciale d\u2019absence ne sera plus accord\u00e9e pour en assurer la garde. L\u2019agent pourra n\u00e9anmoins poser des cong\u00e9s (qui seront accept\u00e9s de droit), pour garder son enfant au domicile.<\/span><\/strong><br \/>\n<strong><span style=\"color: #008080;\">Si en revanche, l\u2019\u00e9tablissement scolaire ne peut pas accueillir l&rsquo;enfant \u00e0 compter du 2 juin 2020, l\u2019agent pourra pr\u00e9senter \u00e0 son employeur une attestation d\u00e9livr\u00e9e par l&rsquo;\u00e9tablissement scolaire attestant cette impossibilit\u00e9 d&rsquo;accueil, et continuer \u00e0 b\u00e9n\u00e9ficier d&rsquo;ASA ou de t\u00e9l\u00e9travail. Les personnes vuln\u00e9rables, elles, seront maintenues en t\u00e9l\u00e9travail ou en ASA, aussi longtemps que les conditions sanitaires l\u2019exigeront.<\/span><\/strong><br \/>\n<strong><span style=\"color: #008080;\">Paris, le 5 mai 2020<\/span><\/strong><\/p>\n<p><strong><span style=\"color: #0000ff;\"><a style=\"color: #0000ff;\" href=\"https:\/\/cfdt-recherche-epst.org\/?attachment_id=17441\">*En pdf ici<\/a><\/span><\/strong><\/p>\n<p>https:\/\/cfdt-recherche-epst.org\/?attachment_id=17441<\/p>\n<p><a href=\"https:\/\/cfdt-recherche-epst.org\/?attachment_id=17441\" rel=\"attachment wp-att-17441\">Questions sur garde d&rsquo;enfants 5 mai 2020-1<\/a><\/p>\n<p>&nbsp;<\/p>\n<p>&nbsp;<\/p>\n","protected":false},"excerpt":{"rendered":"<p>Un communiqu\u00e9 de CFDT FP* [&#8230;] La garde des enfants Le secr\u00e9taire d\u2019\u00c9tat charg\u00e9 de la Fonction publique, Monsieur Dussopt, a express\u00e9ment pr\u00e9cis\u00e9 aux organisations syndicales, que du 11 mai 2020, d\u00e9but du d\u00e9confinement pr\u00e9vu par le Gouvernement (qui pr\u00e9voit la r\u00e9ouverture de certains \u00e9tablissements scolaires) jusqu\u2019au 1er juin 2020,<\/p>\n","protected":false},"author":19,"featured_media":0,"comment_status":"closed","ping_status":"open","sticky":false,"template":"","format":"standard","meta":{"footnotes":""},"categories":[5],"tags":[],"class_list":["post-17438","post","type-post","status-publish","format-standard","hentry","category-epst","ct-col-2"],"amp_enabled":true,"_links":{"self":[{"href":"https:\/\/cfdt-recherche-epst.org\/index.php?rest_route=\/wp\/v2\/posts\/17438","targetHints":{"allow":["GET"]}}],"collection":[{"href":"https:\/\/cfdt-recherche-epst.org\/index.php?rest_route=\/wp\/v2\/posts"}],"about":[{"href":"https:\/\/cfdt-recherche-epst.org\/index.php?rest_route=\/wp\/v2\/types\/post"}],"author":[{"embeddable":true,"href":"https:\/\/cfdt-recherche-epst.org\/index.php?rest_route=\/wp\/v2\/users\/19"}],"replies":[{"embeddable":true,"href":"https:\/\/cfdt-recherche-epst.org\/index.php?rest_route=%2Fwp%2Fv2%2Fcomments&post=17438"}],"version-history":[{"count":6,"href":"https:\/\/cfdt-recherche-epst.org\/index.php?rest_route=\/wp\/v2\/posts\/17438\/revisions"}],"predecessor-version":[{"id":17528,"href":"https:\/\/cfdt-recherche-epst.org\/index.php?rest_route=\/wp\/v2\/posts\/17438\/revisions\/17528"}],"wp:attachment":[{"href":"https:\/\/cfdt-recherche-epst.org\/index.php?rest_route=%2Fwp%2Fv2%2Fmedia&parent=17438"}],"wp:term":[{"taxonomy":"category","embeddable":true,"href":"https:\/\/cfdt-recherche-epst.org\/index.php?rest_route=%2Fwp%2Fv2%2Fcategories&post=17438"},{"taxonomy":"post_tag","embeddable":true,"href":"https:\/\/cfdt-recherche-epst.org\/index.php?rest_route=%2Fwp%2Fv2%2Ftags&post=17438"}],"curies":[{"name":"wp","href":"https:\/\/api.w.org\/{rel}","templated":true}]}}