{"id":17619,"date":"2020-05-19T11:32:28","date_gmt":"2020-05-19T09:32:28","guid":{"rendered":"https:\/\/epst-sgen-cfdt.org\/?p=17619"},"modified":"2020-05-25T12:02:07","modified_gmt":"2020-05-25T10:02:07","slug":"la-ministre-de-lesri-devant-les-deputes-19-mai-2020","status":"publish","type":"post","link":"https:\/\/cfdt-recherche-epst.org\/?p=17619","title":{"rendered":"La ministre de l&rsquo;ESRi devant les d\u00e9put\u00e9s (19 mai 2020)"},"content":{"rendered":"<p><a href=\"http:\/\/videos.assemblee-nationale.fr\/video.9068051_5ec39e576935b.commission-des-affaires-culturelles--mme-frederique-vidal-ministre-de-l-enseignement-superieur-de-19-mai-2020\"><strong><span style=\"color: #0000ff;\">La ministre de l&rsquo;ESRi devant la commission des affaires culturelles Mardi 19 mai 2020<\/span><\/strong><\/a><\/p>\n<p>1h34\u20195\u2019\u2019 Sur le pilotage budget de la recherche\u00a0: <em>S\u2019assurer du pilotage du budget de la recherche c\u2019est s\u2019assurer de la qualit\u00e9 des projets \u00a0de recherche qui est \u00e9valu\u00e9e par les pairs<\/em><\/p>\n<p>1h36\u201939\u2019\u2019 <em>on ne peut pas penser la recherche en mode utilitariste, \u00e7a n\u2019a juste pas de sens ! par contre on doit organiser la capacit\u00e9 \u00e0 passer de cette connaissance produite par la recherche de base \u00e0 des outils, \u00e0 des solutions, au march\u00e9 etc ; <\/em><em>Et c\u2019est cette organisation qu\u2019il nous faut mieux r\u00e9\u00e9crire ; Le budget d\u2019investissement d\u2019un pays en recherche se compose de deux parties : l\u2019investissement public qui soutient la recherche de base et la recherche acad\u00e9mique et l\u2019investissement priv\u00e9 q<\/em><em>ui soutient la recherche et le d\u00e9veloppement \u2026 <\/em><\/p>\n<p>1h38\u201940\u2019\u2019\u00a0: <em>Nous devons r\u00e9investir massivement dans la recherche de base\u00a0\u00a0\u2026 <\/em><em>on va investir 25Md\u20ac dans les 10 prochaines ann\u00e9es d\u2019argent public pour la recherche publique &#8230; <\/em>[\u00e0 comparer] <em>entre 2012 et 2017 c\u2019est 50M\u20ac qui ont \u00e9t\u00e9 investis dans la recherche &#8230;<\/em><\/p>\n<p>1h 39\u2019 38\u2019\u2019 <em>l\u2019objectif n\u2019est pas du tout d\u2019augmenter la pr\u00e9carit\u00e9 de la recherche <\/em>[elle l&rsquo;a dit !] <em>&#8230;<\/em><strong><span style=\"color: #008000;\">\u00a0<\/span><\/strong><em><strong><span style=\"color: #008000;\">je vais annoncer un certain nombre des objectifs de ce \u00a0texte de loi (LPPR) et c\u2019est notamment \u00ab\u00a0revaloriser MASSIVEMENT les salaires dans le monde de l\u2019ESR<\/span><\/strong> \u2026\u00a0<\/em><\/p>\n<p><em>1h40\u201912\u2019\u2019<\/em>Sur le CIR\u00a0: <em>la fa\u00e7on dont se construit l\u2019investissement en recherche d\u2019un pays c\u2019est 1\/3 public et 2\/3 priv\u00e9 .. et les outils qui incitent le priv\u00e9 \u00e0 investir dans la recherche doivent \u00eatre contr\u00f4l\u00e9s, v\u00e9rifi\u00e9s, \u2026 ces outils sont extr\u00eamement utiles<\/em><\/p>\n<p>1h46\u2019\u201943\u2019 Sur la question de la prolongation des contrats doctoraux : Suivant les financeurs des contrats doctoraux :\u00a0<em>En ce qui concerne l\u2019\u00e9tat, le financement sera pris en charge par l\u2019\u00e9tat ; <\/em><em>En ce qui concerne les contrats doctoraux qui ne sont pas pris en charge par l\u2019\u00e9tat, nous travaillons de fa\u00e7on \u00e0 ce que les \u00e9tablissements sachent \u00e0 qui s\u2019adresser et qu\u2019il puissent porter la voix de leurs \u00a0doctorants envers ces diff\u00e9rents organismes financeurs ; <\/em><em>On ne peut pas demander \u00e0 chaque doctorant d\u2019aller au guichet de son financeur, on va essayer de faire qque chose qui soit port\u00e9 par l\u2019\u00e9cole doctorale et par les \u00e9tablissements<\/em><\/p>\n<p><b><a href=\"https:\/\/www.aefinfo.fr\/depeche\/628087\">AEF Info<\/a> : LPPR.<\/b> Fr\u00e9d\u00e9rique Vidal est revenue [sur] les d\u00e9clarations du pr\u00e9sident de la R\u00e9publique du 19 mars dernier, au sujet de la LPPR et des 25 Md\u20ac suppl\u00e9mentaires qui devraient irriguer la recherche au cours de dix prochaines ann\u00e9es, avec pour objectif de faire passer la Mires de 15 \u00e0 20 Md\u20ac. \u00ab\u00a0Sur le quinquennat en cours, cela sera visible d\u00e8s 2021 avec inscription de 400 M\u20ac suppl\u00e9mentaires auxquels viendront s\u2019ajouter 800 M\u20ac en 2022. Soit 1,2 Md\u20ac sur deux ans. C\u2019est un geste sans pr\u00e9c\u00e9dent depuis des dizaines d\u2019ann\u00e9es. Et qui \u00e9videmment s\u2019accompagnera d\u2019un plan de revalorisation de l\u2019ensemble des personnels qui font vivre la recherche et l\u2019enseignement sup\u00e9rieur\u00a0\u00bb, ajoute-t-elle.<\/p>\n<p><strong><span style=\"color: #0000ff;\"><a style=\"color: #0000ff;\" href=\"https:\/\/cfdt-recherche-epst.org\/?p=14471\">Voir le dossier LPPR ICI<\/a><\/span><\/strong><\/p>\n<p>&nbsp;<\/p>\n","protected":false},"excerpt":{"rendered":"<p>La ministre de l&rsquo;ESRi devant la commission des affaires culturelles Mardi 19 mai 2020 1h34\u20195\u2019\u2019 Sur le pilotage budget de la recherche\u00a0: S\u2019assurer du pilotage du budget de la recherche c\u2019est s\u2019assurer de la qualit\u00e9 des projets \u00a0de recherche qui est \u00e9valu\u00e9e par les pairs 1h36\u201939\u2019\u2019 on ne peut pas<\/p>\n","protected":false},"author":19,"featured_media":0,"comment_status":"closed","ping_status":"open","sticky":false,"template":"","format":"standard","meta":{"footnotes":""},"categories":[5],"tags":[],"class_list":["post-17619","post","type-post","status-publish","format-standard","hentry","category-epst","ct-col-2"],"amp_enabled":true,"_links":{"self":[{"href":"https:\/\/cfdt-recherche-epst.org\/index.php?rest_route=\/wp\/v2\/posts\/17619","targetHints":{"allow":["GET"]}}],"collection":[{"href":"https:\/\/cfdt-recherche-epst.org\/index.php?rest_route=\/wp\/v2\/posts"}],"about":[{"href":"https:\/\/cfdt-recherche-epst.org\/index.php?rest_route=\/wp\/v2\/types\/post"}],"author":[{"embeddable":true,"href":"https:\/\/cfdt-recherche-epst.org\/index.php?rest_route=\/wp\/v2\/users\/19"}],"replies":[{"embeddable":true,"href":"https:\/\/cfdt-recherche-epst.org\/index.php?rest_route=%2Fwp%2Fv2%2Fcomments&post=17619"}],"version-history":[{"count":7,"href":"https:\/\/cfdt-recherche-epst.org\/index.php?rest_route=\/wp\/v2\/posts\/17619\/revisions"}],"predecessor-version":[{"id":17705,"href":"https:\/\/cfdt-recherche-epst.org\/index.php?rest_route=\/wp\/v2\/posts\/17619\/revisions\/17705"}],"wp:attachment":[{"href":"https:\/\/cfdt-recherche-epst.org\/index.php?rest_route=%2Fwp%2Fv2%2Fmedia&parent=17619"}],"wp:term":[{"taxonomy":"category","embeddable":true,"href":"https:\/\/cfdt-recherche-epst.org\/index.php?rest_route=%2Fwp%2Fv2%2Fcategories&post=17619"},{"taxonomy":"post_tag","embeddable":true,"href":"https:\/\/cfdt-recherche-epst.org\/index.php?rest_route=%2Fwp%2Fv2%2Ftags&post=17619"}],"curies":[{"name":"wp","href":"https:\/\/api.w.org\/{rel}","templated":true}]}}