{"id":17639,"date":"2020-05-20T16:36:26","date_gmt":"2020-05-20T14:36:26","guid":{"rendered":"https:\/\/epst-sgen-cfdt.org\/?p=17639"},"modified":"2020-05-22T17:20:46","modified_gmt":"2020-05-22T15:20:46","slug":"f-vidal-sur-france-inter-cette-loi-a-ete-travaillee-avec-le-monde-de-la-recherche","status":"publish","type":"post","link":"https:\/\/cfdt-recherche-epst.org\/?p=17639","title":{"rendered":"F. Vidal sur France Inter : \u00ab\u00a0Cette loi a \u00e9t\u00e9 travaill\u00e9e avec le monde de la recherche&#8230;\u00a0\u00bb"},"content":{"rendered":"<p><a href=\"https:\/\/www.franceinter.fr\/emissions\/l-invite-de-7h50\/l-invite-de-7h50-20-mai-2020\">Fr\u00e9d\u00e9ric Vidal sur France Inter le 20 mai \u00e0 7h50<\/a><\/p>\n<p>L&rsquo;essentiel de l&rsquo;entretien porte sur la rentr\u00e9e universitaire..<\/p>\n<p>A la fin de l&rsquo;entretien :<\/p>\n<p><em>\u00ab\u00a0Tout l\u2019objet de la loi de programmation pluriannuelle de la recherche, qui est une loi budg\u00e9taire qui pr\u00e9voit un investissement de 25 milliards d\u2019euros dans la recherche sur les 10 prochaines ann\u00e9es, ce qui nous permettra de passer notre financement de la recherche, qui est actuellement de 15 milliards d\u2019euros par an, \u00e0 20 milliards d\u2019euros par an \u00e0 un horizon de 10 ans. <\/em><\/p>\n<p><em>\u00ab\u00a0Cette loi a \u00e9t\u00e9 travaill\u00e9e avec le monde de la recherche, une remont\u00e9e directe du terrain.\u00a0<\/em><\/p>\n<p><em>\u00ab\u00a0C&rsquo;est un investissement massif\u00a0<\/em><\/p>\n<p><em>\u00ab\u00a025Md\u20ac en 10 ans, on n&rsquo;a pas vu cela depuis la seconde guerre mondiale<\/em><\/p>\n<p><em>\u00ab\u00a0J&rsquo;esp\u00e8re qu&rsquo;elle [la LPPR] pourra passer en conseil des sinistres avant l&rsquo;\u00e9t\u00e9<\/em><\/p>\n<p><strong><span style=\"color: #0000ff;\"><a style=\"color: #0000ff;\" href=\"https:\/\/cfdt-recherche-epst.org\/?p=14471\">Voir le dossier LPPR ICI<\/a><\/span><\/strong><\/p>\n<p>&nbsp;<\/p>\n<p>&nbsp;<\/p>\n","protected":false},"excerpt":{"rendered":"<p>Fr\u00e9d\u00e9ric Vidal sur France Inter le 20 mai \u00e0 7h50 L&rsquo;essentiel de l&rsquo;entretien porte sur la rentr\u00e9e universitaire.. A la fin de l&rsquo;entretien : \u00ab\u00a0Tout l\u2019objet de la loi de programmation pluriannuelle de la recherche, qui est une loi budg\u00e9taire qui pr\u00e9voit un investissement de 25 milliards d\u2019euros dans la<\/p>\n","protected":false},"author":19,"featured_media":0,"comment_status":"closed","ping_status":"open","sticky":false,"template":"","format":"standard","meta":{"footnotes":""},"categories":[5],"tags":[207],"class_list":["post-17639","post","type-post","status-publish","format-standard","hentry","category-epst","tag-lppr","ct-col-2"],"amp_enabled":true,"_links":{"self":[{"href":"https:\/\/cfdt-recherche-epst.org\/index.php?rest_route=\/wp\/v2\/posts\/17639","targetHints":{"allow":["GET"]}}],"collection":[{"href":"https:\/\/cfdt-recherche-epst.org\/index.php?rest_route=\/wp\/v2\/posts"}],"about":[{"href":"https:\/\/cfdt-recherche-epst.org\/index.php?rest_route=\/wp\/v2\/types\/post"}],"author":[{"embeddable":true,"href":"https:\/\/cfdt-recherche-epst.org\/index.php?rest_route=\/wp\/v2\/users\/19"}],"replies":[{"embeddable":true,"href":"https:\/\/cfdt-recherche-epst.org\/index.php?rest_route=%2Fwp%2Fv2%2Fcomments&post=17639"}],"version-history":[{"count":6,"href":"https:\/\/cfdt-recherche-epst.org\/index.php?rest_route=\/wp\/v2\/posts\/17639\/revisions"}],"predecessor-version":[{"id":17656,"href":"https:\/\/cfdt-recherche-epst.org\/index.php?rest_route=\/wp\/v2\/posts\/17639\/revisions\/17656"}],"wp:attachment":[{"href":"https:\/\/cfdt-recherche-epst.org\/index.php?rest_route=%2Fwp%2Fv2%2Fmedia&parent=17639"}],"wp:term":[{"taxonomy":"category","embeddable":true,"href":"https:\/\/cfdt-recherche-epst.org\/index.php?rest_route=%2Fwp%2Fv2%2Fcategories&post=17639"},{"taxonomy":"post_tag","embeddable":true,"href":"https:\/\/cfdt-recherche-epst.org\/index.php?rest_route=%2Fwp%2Fv2%2Ftags&post=17639"}],"curies":[{"name":"wp","href":"https:\/\/api.w.org\/{rel}","templated":true}]}}