{"id":17822,"date":"2020-06-04T17:02:20","date_gmt":"2020-06-04T15:02:20","guid":{"rendered":"https:\/\/epst-sgen-cfdt.org\/?p=17822"},"modified":"2020-06-05T17:05:51","modified_gmt":"2020-06-05T15:05:51","slug":"soutenons-fariba-adelkhah-chercheuse-incarceree-en-iran-depuis-un-an","status":"publish","type":"post","link":"https:\/\/cfdt-recherche-epst.org\/?p=17822","title":{"rendered":"Soutenons Fariba Adelkhah, chercheuse incarc\u00e9r\u00e9e en Iran depuis un an"},"content":{"rendered":"<div class=\"excerpt\">\n<p><a href=\"https:\/\/www.sgen-cfdt.fr\/actu\/soutenons-fariba-adelkhah-chercheuse-incarceree-en-iran-depuis-un-an\/\">article publi\u00e9 sur le site Sgen CFDT le 4 juin 2020<\/a><\/p>\n<p><strong>Ce 5 juin 2020, cela fait un an que Fariba Adelkhah et Roland Marchal ont \u00e9t\u00e9 arr\u00eat\u00e9s en Iran. Roland Marchal a \u00e9t\u00e9 lib\u00e9r\u00e9 apr\u00e8s 10 mois d&#8217;emprisonnement. Fariba Adelkhah est toujours d\u00e9tenue sous la fausse accusation d&rsquo;espionnage. Soutenons-la en participant aux actions de son comit\u00e9 de soutien.<\/strong><\/p>\n<\/div>\n<div class=\"content\">\n<div class=\"content_wrapper\">\n<p><img loading=\"lazy\" decoding=\"async\" class=\"wp-image-52103 size-medium alignleft lazyloaded\" src=\"https:\/\/sgen-cfdt.fr\/contenu\/uploads\/2020\/06\/Medaillon_FA_V1-1-240x300.png\" sizes=\"auto, (max-width: 240px) 100vw, 240px\" srcset=\"https:\/\/sgen-cfdt.fr\/contenu\/uploads\/2020\/06\/Medaillon_FA_V1-1-240x300.png 240w, https:\/\/sgen-cfdt.fr\/contenu\/uploads\/2020\/06\/Medaillon_FA_V1-1-768x962.png 768w, https:\/\/sgen-cfdt.fr\/contenu\/uploads\/2020\/06\/Medaillon_FA_V1-1.png 800w\" alt=\"\" width=\"240\" height=\"300\" data-src=\"https:\/\/sgen-cfdt.fr\/contenu\/uploads\/2020\/06\/Medaillon_FA_V1-1-240x300.png\" data-srcset=\"https:\/\/sgen-cfdt.fr\/contenu\/uploads\/2020\/06\/Medaillon_FA_V1-1-240x300.png 240w, https:\/\/sgen-cfdt.fr\/contenu\/uploads\/2020\/06\/Medaillon_FA_V1-1-768x962.png 768w, https:\/\/sgen-cfdt.fr\/contenu\/uploads\/2020\/06\/Medaillon_FA_V1-1.png 800w\" data-sizes=\"(max-width: 240px) 100vw, 240px\" \/><\/p>\n<p>Ce 5 juin 2020, pour soutenir <strong>Fariba Adelkhah<\/strong>, pour soutenir la libert\u00e9 d\u2019une chercheuse, la libert\u00e9 de la recherche, son comit\u00e9 de soutien propose plusieurs actions en ligne auxquelles le Sgen-CFDT participe.<\/p>\n<p>Nous vous invitons \u00e0 y participer aussi pour que la pression internationale demandant la lib\u00e9ration de la chercheuse en anthropologie et directrice de recherche \u00e0 Science Po prenne de l\u2019ampleur.<\/p>\n<h2>Conna\u00eetre Fariba Adelkhah<\/h2>\n<p>Sur le site du comit\u00e9 de soutien \u00e0 Fariba Adelkhah, vous pouvez consulter<a href=\"https:\/\/faribaroland.hypotheses.org\/portrait-academique-de-fariba-adelkhah\" target=\"_blank\" rel=\"noopener noreferrer\"> son portrait scientifique<\/a> par Jean-Fran\u00e7ois Bayart.<\/p>\n<h2>Lire la tribune de Roland Marchal<\/h2>\n<p>La <a href=\"https:\/\/faribaroland.hypotheses.org\/8636\" target=\"_blank\" rel=\"noopener noreferrer\">tribune de Roland Marchal<\/a> publi\u00e9e par <em>Le Monde<\/em> le 4 juin 2020 est \u00e0 retrouver sur le site du comit\u00e9 de soutien.<\/p>\n<h2>Agir d\u00e8s le 5 juin 2020<\/h2>\n<p>Pour participer \u00e0 la e-manifestation du 5 juin 2020,<\/p>\n<ul>\n<li><a href=\"https:\/\/faribaroland.hypotheses.org\/8498\" target=\"_blank\" rel=\"noopener noreferrer\">rendez-vous sur le site du comit\u00e9 de soutien<\/a>, lisez le communiqu\u00e9 et visionnez la vid\u00e9o r\u00e9alis\u00e9e par le plasticien St\u00e9phane Tertz ;<\/li>\n<li>diffusez ces documents avec le <strong>#FreeFariba<\/strong> ;<\/li>\n<li>enregistrez et diffusez une <a href=\"https:\/\/faribaroland.hypotheses.org\/8352\" target=\"_blank\" rel=\"noopener noreferrer\">vid\u00e9o de soutien <\/a>;<\/li>\n<li>utilisez et diffusez <a href=\"https:\/\/faribaroland.hypotheses.org\/mobilization-material\" target=\"_blank\" rel=\"noopener noreferrer\">les outils de mobilisation du comit\u00e9 de soutien<\/a> disponibles.<\/li>\n<\/ul>\n<p>Le Sgen-CFDT est attach\u00e9 \u00e0 la libert\u00e9 de la recherche. La science, la recherche ne progressent que gr\u00e2ce au travail des personnels des organismes de recherche et des universitaires. Celles et ceux qui sont emprisonn\u00e9.e.s en raison de leur activit\u00e9 de recherche, ici sous la fausse accusation d\u2019espionnage, doivent \u00eatre lib\u00e9r\u00e9.e.s pour que la pens\u00e9e, la r\u00e9flexion, l\u2019analyse soient libres. Celles et ceux qui sont contraint.e.s \u00e0 l\u2019exil doivent pouvoir trouver refuge et travailler l\u00e0 o\u00f9 le refuge est possible. Ce sont ces principes qui am\u00e8nent le Sgen-CFDT \u00e0 appeler \u00e0 participer aux actions du comit\u00e9 de soutien \u00e0 Fariba Adelkhah et \u00e0 soutenir <a href=\"https:\/\/www.sgen-cfdt.fr\/actu\/inspireurope-forum\/?fbclid=IwAR0a1FqJHlgZkm5JCvRbQ0yjtwkJ8Wfe3zDkj6CpTu-ksxSEJwMr6Zt_Pd4\" target=\"_blank\" rel=\"noopener noreferrer\">le programme PAUSE<\/a>.<\/p>\n<\/div>\n<\/div>\n","protected":false},"excerpt":{"rendered":"<p>article publi\u00e9 sur le site Sgen CFDT le 4 juin 2020 Ce 5 juin 2020, cela fait un an que Fariba Adelkhah et Roland Marchal ont \u00e9t\u00e9 arr\u00eat\u00e9s en Iran. Roland Marchal a \u00e9t\u00e9 lib\u00e9r\u00e9 apr\u00e8s 10 mois d&#8217;emprisonnement. Fariba Adelkhah est toujours d\u00e9tenue sous la fausse accusation d&rsquo;espionnage. Soutenons-la<\/p>\n","protected":false},"author":19,"featured_media":0,"comment_status":"closed","ping_status":"open","sticky":false,"template":"","format":"standard","meta":{"footnotes":""},"categories":[5],"tags":[],"class_list":["post-17822","post","type-post","status-publish","format-standard","hentry","category-epst","ct-col-2"],"amp_enabled":true,"_links":{"self":[{"href":"https:\/\/cfdt-recherche-epst.org\/index.php?rest_route=\/wp\/v2\/posts\/17822","targetHints":{"allow":["GET"]}}],"collection":[{"href":"https:\/\/cfdt-recherche-epst.org\/index.php?rest_route=\/wp\/v2\/posts"}],"about":[{"href":"https:\/\/cfdt-recherche-epst.org\/index.php?rest_route=\/wp\/v2\/types\/post"}],"author":[{"embeddable":true,"href":"https:\/\/cfdt-recherche-epst.org\/index.php?rest_route=\/wp\/v2\/users\/19"}],"replies":[{"embeddable":true,"href":"https:\/\/cfdt-recherche-epst.org\/index.php?rest_route=%2Fwp%2Fv2%2Fcomments&post=17822"}],"version-history":[{"count":1,"href":"https:\/\/cfdt-recherche-epst.org\/index.php?rest_route=\/wp\/v2\/posts\/17822\/revisions"}],"predecessor-version":[{"id":17823,"href":"https:\/\/cfdt-recherche-epst.org\/index.php?rest_route=\/wp\/v2\/posts\/17822\/revisions\/17823"}],"wp:attachment":[{"href":"https:\/\/cfdt-recherche-epst.org\/index.php?rest_route=%2Fwp%2Fv2%2Fmedia&parent=17822"}],"wp:term":[{"taxonomy":"category","embeddable":true,"href":"https:\/\/cfdt-recherche-epst.org\/index.php?rest_route=%2Fwp%2Fv2%2Fcategories&post=17822"},{"taxonomy":"post_tag","embeddable":true,"href":"https:\/\/cfdt-recherche-epst.org\/index.php?rest_route=%2Fwp%2Fv2%2Ftags&post=17822"}],"curies":[{"name":"wp","href":"https:\/\/api.w.org\/{rel}","templated":true}]}}