{"id":19520,"date":"2020-09-07T10:36:46","date_gmt":"2020-09-07T08:36:46","guid":{"rendered":"https:\/\/epst-sgen-cfdt.org\/?p=19520"},"modified":"2020-09-14T10:55:29","modified_gmt":"2020-09-14T08:55:29","slug":"situation-sanitaire-courrier-a-la-ministre-de-la-fonction-publique","status":"publish","type":"post","link":"https:\/\/cfdt-recherche-epst.org\/?p=19520","title":{"rendered":"Situation sanitaire : courrier \u00e0 la Ministre de la Fonction publique"},"content":{"rendered":"<div class=\"metas col-xs-48 col-sm-32\">\n<div>\n<p><u>Info importante \u2013 derni\u00e8re minute<\/u><\/p>\n<p><strong>Suite au courrier du 4 septembre dernier, la CFDT Fonctions Publiques a obtenu pour tous les agents, le r\u00e9tablissement des Autorisations Sp\u00e9ciales d\u2019Absence pour les parents contraints de garder leurs enfants en cas de fermeture de classe.<\/strong><\/p>\n<\/div>\n<div class=\"date\"><a href=\"https:\/\/uffa.cfdt.fr\/portail\/uffa\/actualites\/dialogue-social\/situation-sanitaire-courrier-a-la-ministre-de-la-fonction-publique-srv2_1131433\">Publi\u00e9 le 07\/09\/2020\u00a0Par CFDT-Fonctions publiques<\/a><\/div>\n<div>\n<div class=\"intro\">\n<div class=\"wysiwyg\">\n<p>Suite \u00e0 la publication de la circulaire en date du 1<sup>er<\/sup> septembre 2020 relative \u00e0 la crise sanitaire et sans attendre la r\u00e9union du 15 septembre, la CFDT Fonctions publiques a interpell\u00e9 par courrier Am\u00e9lie de Montchalin.<\/p>\n<\/div>\n<\/div>\n<div class=\"img\"><img loading=\"lazy\" decoding=\"async\" class=\"alignleft\" src=\"https:\/\/uffa.cfdt.fr\/upload\/docs\/image\/png\/2020-03\/virus.png.associated\/th-670x670-virus.png.jpg\" alt=\"\" width=\"191\" height=\"132\" \/><\/div>\n<div class=\"wysiwyg\">\n<p>Dans son courrier (\u00e0 t\u00e9l\u00e9charger ci-ssous), la CFDT Fonctions publiques rappelle un certain nombre de revendications d\u00e9j\u00e0 port\u00e9es depuis le mois de mars (suppression du jour de carence et reconnaissance en maladie professionnelle de la Covid-19) et demande, entre autres :<\/p>\n<ul>\n<li>des mesures permettant de couvrir, par des autorisations sp\u00e9ciales d\u2019absence (ASA), les agents emp\u00each\u00e9s de travailler en raison des mesures de pr\u00e9vention (quatorzaine) ;<\/li>\n<li>l&rsquo;adaptation au versant Territorial et Hospitalier de la circulaire relative \u00e0 la crise sanitaire ;<\/li>\n<li>des informations concernant les situations administratives individuelles des agents ;<\/li>\n<li>un suivi statistique des agents touch\u00e9s par la Covid-19.<\/li>\n<\/ul>\n<p>Enfin, encore une fois, la CFDT Fonctions publiques souhaite que le champ du dialogue social soit clairement \u00e9largi au travail et \u00e0 son organisation.<\/p>\n<p><a href=\"https:\/\/cfdt-recherche-epst.org\/?attachment_id=19521\" rel=\"attachment wp-att-19521\">55-2020_courrier_ministre_fp_jour_de_carence_2020-09-07_13-55-43_101<\/a><\/p>\n<\/div>\n<\/div>\n<\/div>\n","protected":false},"excerpt":{"rendered":"<p>Info importante \u2013 derni\u00e8re minute Suite au courrier du 4 septembre dernier, la CFDT Fonctions Publiques a obtenu pour tous les agents, le r\u00e9tablissement des Autorisations Sp\u00e9ciales d\u2019Absence pour les parents contraints de garder leurs enfants en cas de fermeture de classe. Publi\u00e9 le 07\/09\/2020\u00a0Par CFDT-Fonctions publiques Suite \u00e0 la<\/p>\n","protected":false},"author":19,"featured_media":0,"comment_status":"closed","ping_status":"open","sticky":false,"template":"","format":"standard","meta":{"footnotes":""},"categories":[5],"tags":[],"class_list":["post-19520","post","type-post","status-publish","format-standard","hentry","category-epst","ct-col-2"],"amp_enabled":true,"_links":{"self":[{"href":"https:\/\/cfdt-recherche-epst.org\/index.php?rest_route=\/wp\/v2\/posts\/19520","targetHints":{"allow":["GET"]}}],"collection":[{"href":"https:\/\/cfdt-recherche-epst.org\/index.php?rest_route=\/wp\/v2\/posts"}],"about":[{"href":"https:\/\/cfdt-recherche-epst.org\/index.php?rest_route=\/wp\/v2\/types\/post"}],"author":[{"embeddable":true,"href":"https:\/\/cfdt-recherche-epst.org\/index.php?rest_route=\/wp\/v2\/users\/19"}],"replies":[{"embeddable":true,"href":"https:\/\/cfdt-recherche-epst.org\/index.php?rest_route=%2Fwp%2Fv2%2Fcomments&post=19520"}],"version-history":[{"count":3,"href":"https:\/\/cfdt-recherche-epst.org\/index.php?rest_route=\/wp\/v2\/posts\/19520\/revisions"}],"predecessor-version":[{"id":19537,"href":"https:\/\/cfdt-recherche-epst.org\/index.php?rest_route=\/wp\/v2\/posts\/19520\/revisions\/19537"}],"wp:attachment":[{"href":"https:\/\/cfdt-recherche-epst.org\/index.php?rest_route=%2Fwp%2Fv2%2Fmedia&parent=19520"}],"wp:term":[{"taxonomy":"category","embeddable":true,"href":"https:\/\/cfdt-recherche-epst.org\/index.php?rest_route=%2Fwp%2Fv2%2Fcategories&post=19520"},{"taxonomy":"post_tag","embeddable":true,"href":"https:\/\/cfdt-recherche-epst.org\/index.php?rest_route=%2Fwp%2Fv2%2Ftags&post=19520"}],"curies":[{"name":"wp","href":"https:\/\/api.w.org\/{rel}","templated":true}]}}