{"id":19567,"date":"2020-09-15T10:01:55","date_gmt":"2020-09-15T08:01:55","guid":{"rendered":"https:\/\/epst-sgen-cfdt.org\/?p=19567"},"modified":"2020-09-16T10:18:06","modified_gmt":"2020-09-16T08:18:06","slug":"cfdt-rencontre-avec-la-ministre-de-la-fonction-publique","status":"publish","type":"post","link":"https:\/\/cfdt-recherche-epst.org\/?p=19567","title":{"rendered":"CFDT : rencontre avec la ministre de la Fonction Publique (15-9-2020)"},"content":{"rendered":"<p><strong>UFFA\u00a0: Circulaire n\u00b0 <\/strong><strong>150-2020<\/strong><\/p>\n<p><strong>Suivi situation sanitaire\u00a0:<\/strong> <strong>rencontre du 15 septembre<\/strong><\/p>\n<p>compte rendu de la rencontre avec Am\u00e9lie de Montchalin<\/p>\n<p>https:\/\/cfdt-recherche-epst.org\/?attachment_id=19568<\/p>\n<p><a href=\"https:\/\/cfdt-recherche-epst.org\/?attachment_id=19568\" rel=\"attachment wp-att-19568\">2020 09 15 compte rendu rencontreOS &#8211; ministre FP<\/a><\/p>\n<p>courrier du 11 septembre de CFDT FP \u00e0 la ministre sur les ASA : <a href=\"https:\/\/cfdt-recherche-epst.org\/?attachment_id=19574\" rel=\"attachment wp-att-19574\">57-2020 courrier ministre FP ASA parentalite-1<\/a><\/p>\n<p>________________________<\/p>\n<div class=\"wysiwyg\">\n<p><a href=\"https:\/\/uffa.cfdt.fr\/portail\/uffa\/covid-19\/situation-sanitaire-reponse-de-la-ministre-srv2_1132541\">R\u00e9ponse de la ministre Am\u00e9lie de Montchalin au courrier du 4 septembre 2020 concernant la situation sanitaire<\/a><\/p>\n<p><a href=\"https:\/\/cfdt-recherche-epst.org\/?attachment_id=19578\">La CFDT Fonctions publiques avait saisi par courrier<\/a> la ministre Am\u00e9lie de Montchalin le 4 septembre dernier suite \u00e0 la publication de la circulaire du Premier ministre relative \u00e0 la prise en compte de l\u2019\u00e9volution de l\u2019\u00e9pid\u00e9mie de Covid-19.<\/p>\n<p>La r\u00e9ponse \u00e0 ce courrier apporte quelques r\u00e9ponses concernant :<\/p>\n<ul>\n<li>le jour de carence<\/li>\n<li>\u00a0la reconnaissance de la covid-19 comme maladie professionnelle<\/li>\n<li>les ASA pour garde d&rsquo;enfant en cas de fermeture de classe<\/li>\n<\/ul>\n<p>Concernant les autres \u00e9l\u00e9ments du courrier, ils seront abord\u00e9s de mani\u00e8re plus d\u00e9taill\u00e9e lors de du comit\u00e9 de suivi de ce jour.<\/p>\n<\/div>\n<p>R\u00e9ponse de la ministre au courrier de CFDT FP du 4 septembre :\u00a0<a href=\"https:\/\/cfdt-recherche-epst.org\/?attachment_id=19572\" rel=\"attachment wp-att-19572\">Courrier Myl\u00e8ne JACQUOT &#8211; CFDT reponse 110920 circulaire situation sanitaire<\/a><\/p>\n<p>&nbsp;<\/p>\n","protected":false},"excerpt":{"rendered":"<p>UFFA\u00a0: Circulaire n\u00b0 150-2020 Suivi situation sanitaire\u00a0: rencontre du 15 septembre compte rendu de la rencontre avec Am\u00e9lie de Montchalin https:\/\/cfdt-recherche-epst.org\/?attachment_id=19568 2020 09 15 compte rendu rencontreOS &#8211; ministre FP courrier du 11 septembre de CFDT FP \u00e0 la ministre sur les ASA : 57-2020 courrier ministre FP ASA parentalite-1<\/p>\n","protected":false},"author":19,"featured_media":0,"comment_status":"closed","ping_status":"open","sticky":false,"template":"","format":"standard","meta":{"footnotes":""},"categories":[5],"tags":[179,29],"class_list":["post-19567","post","type-post","status-publish","format-standard","hentry","category-epst","tag-fonction-publique","tag-gouvernement","ct-col-2"],"amp_enabled":true,"_links":{"self":[{"href":"https:\/\/cfdt-recherche-epst.org\/index.php?rest_route=\/wp\/v2\/posts\/19567","targetHints":{"allow":["GET"]}}],"collection":[{"href":"https:\/\/cfdt-recherche-epst.org\/index.php?rest_route=\/wp\/v2\/posts"}],"about":[{"href":"https:\/\/cfdt-recherche-epst.org\/index.php?rest_route=\/wp\/v2\/types\/post"}],"author":[{"embeddable":true,"href":"https:\/\/cfdt-recherche-epst.org\/index.php?rest_route=\/wp\/v2\/users\/19"}],"replies":[{"embeddable":true,"href":"https:\/\/cfdt-recherche-epst.org\/index.php?rest_route=%2Fwp%2Fv2%2Fcomments&post=19567"}],"version-history":[{"count":8,"href":"https:\/\/cfdt-recherche-epst.org\/index.php?rest_route=\/wp\/v2\/posts\/19567\/revisions"}],"predecessor-version":[{"id":19579,"href":"https:\/\/cfdt-recherche-epst.org\/index.php?rest_route=\/wp\/v2\/posts\/19567\/revisions\/19579"}],"wp:attachment":[{"href":"https:\/\/cfdt-recherche-epst.org\/index.php?rest_route=%2Fwp%2Fv2%2Fmedia&parent=19567"}],"wp:term":[{"taxonomy":"category","embeddable":true,"href":"https:\/\/cfdt-recherche-epst.org\/index.php?rest_route=%2Fwp%2Fv2%2Fcategories&post=19567"},{"taxonomy":"post_tag","embeddable":true,"href":"https:\/\/cfdt-recherche-epst.org\/index.php?rest_route=%2Fwp%2Fv2%2Ftags&post=19567"}],"curies":[{"name":"wp","href":"https:\/\/api.w.org\/{rel}","templated":true}]}}