{"id":19884,"date":"2020-11-02T10:28:01","date_gmt":"2020-11-02T08:28:01","guid":{"rendered":"https:\/\/epst-sgen-cfdt.org\/?p=19884"},"modified":"2020-11-02T10:28:01","modified_gmt":"2020-11-02T08:28:01","slug":"confinement-dans-lenseignement-superieur-et-la-recherche","status":"publish","type":"post","link":"https:\/\/cfdt-recherche-epst.org\/?p=19884","title":{"rendered":"CONFINEMENT DANS L\u2019ENSEIGNEMENT SUP\u00c9RIEUR ET LA RECHERCHE"},"content":{"rendered":"<div class=\"excerpt\">\n<p>Lors d&rsquo;une visioconf\u00e9rence avec la ministre de l&rsquo;enseignement sup\u00e9rieur et de la recherche, le Sgen-CFDT a demand\u00e9 des mesures d&rsquo;urgence dont le recrutement d&rsquo;agents pour les services sociaux, de sant\u00e9, d&rsquo;orientation et d&rsquo;insertion ainsi que pour les services informatiques.<\/p>\n<\/div>\n<div class=\"content\">\n<div class=\"content_wrapper\">\n<h2>UNE VISIOCONF\u00c9RENCE SUR LES CONDITIONS DU CONFINEMENT :<\/h2>\n<p class=\"western\">A l\u2019occasion de la visioconf\u00e9rence qui s\u2019est tenue vendredi 30 octobre \u00e0 10h30 avec les organisations syndicales et en pr\u00e9sence de la ministre de l\u2019enseignement sup\u00e9rieur et de la recherche, le Sgen-CFDT a pu faire part des inqui\u00e9tudes des agents et porter ses revendications.<\/p>\n<h2 class=\"western\">PLUSIEURS REVENDICATIONS DU SGEN-CFDT ONT AINSI \u00c9T\u00c9 ENTENDUES :<\/h2>\n<ul>\n<li>Une circulaire va \u00eatre publi\u00e9e et envoy\u00e9e aux \u00e9tablissements pour acter le t\u00e9l\u00e9travail pour l\u2019ensemble des activit\u00e9s qui le permettent et \u00e9viter des refus dans certains \u00e9tablissements comme nous le signale nos militant.e.s ;<\/li>\n<\/ul>\n<blockquote><p>Pour le Sgen-CFDT , les refus doivent \u00eatre motiv\u00e9s par \u00e9crit par le sup\u00e9rieur hi\u00e9rarchique de l\u2019agent qui pourra ainsi faire un recours si la d\u00e9cision n\u2019est pas motiv\u00e9e par des raisons cr\u00e9dibles<\/p><\/blockquote>\n<ul>\n<li>des multilat\u00e9rales permettront des points hebdomadaires sur la situation comme cela avait \u00e9t\u00e9 le cas lors du premier confinement. Les mandat\u00e9s du Comit\u00e9 Hygi\u00e8ne S\u00e9curit\u00e9 et Conditions de Travail minist\u00e9riel (CHSCT) seront aussi \u00e9troitement associer \u00e0 l\u2019\u00e9laboration des d\u00e9cisions;<\/li>\n<\/ul>\n<ul>\n<li>Une circulaire adress\u00e9e aux pr\u00e9sidences d\u2019universit\u00e9s et aux directions d\u2019organismes va porter sur &#8230;<\/li>\n<\/ul>\n<\/div>\n<\/div>\n<p>&nbsp;<\/p>\n<p>L&rsquo;article complet : <a href=\"https:\/\/www.sgen-cfdt.fr\/actu\/confinement-dans-lenseignement-superieur-et-la-recherche\/\">https:\/\/www.sgen-cfdt.fr\/actu\/confinement-dans-lenseignement-superieur-et-la-recherche\/<\/a><\/p>\n","protected":false},"excerpt":{"rendered":"<p>Lors d&rsquo;une visioconf\u00e9rence avec la ministre de l&rsquo;enseignement sup\u00e9rieur et de la recherche, le Sgen-CFDT a demand\u00e9 des mesures d&rsquo;urgence dont le recrutement d&rsquo;agents pour les services sociaux, de sant\u00e9, d&rsquo;orientation et d&rsquo;insertion ainsi que pour les services informatiques. UNE VISIOCONF\u00c9RENCE SUR LES CONDITIONS DU CONFINEMENT : A l\u2019occasion de<\/p>\n","protected":false},"author":1,"featured_media":0,"comment_status":"closed","ping_status":"open","sticky":false,"template":"","format":"standard","meta":{"footnotes":""},"categories":[5],"tags":[266],"class_list":["post-19884","post","type-post","status-publish","format-standard","hentry","category-epst","tag-confinement","ct-col-2"],"amp_enabled":true,"_links":{"self":[{"href":"https:\/\/cfdt-recherche-epst.org\/index.php?rest_route=\/wp\/v2\/posts\/19884","targetHints":{"allow":["GET"]}}],"collection":[{"href":"https:\/\/cfdt-recherche-epst.org\/index.php?rest_route=\/wp\/v2\/posts"}],"about":[{"href":"https:\/\/cfdt-recherche-epst.org\/index.php?rest_route=\/wp\/v2\/types\/post"}],"author":[{"embeddable":true,"href":"https:\/\/cfdt-recherche-epst.org\/index.php?rest_route=\/wp\/v2\/users\/1"}],"replies":[{"embeddable":true,"href":"https:\/\/cfdt-recherche-epst.org\/index.php?rest_route=%2Fwp%2Fv2%2Fcomments&post=19884"}],"version-history":[{"count":1,"href":"https:\/\/cfdt-recherche-epst.org\/index.php?rest_route=\/wp\/v2\/posts\/19884\/revisions"}],"predecessor-version":[{"id":19885,"href":"https:\/\/cfdt-recherche-epst.org\/index.php?rest_route=\/wp\/v2\/posts\/19884\/revisions\/19885"}],"wp:attachment":[{"href":"https:\/\/cfdt-recherche-epst.org\/index.php?rest_route=%2Fwp%2Fv2%2Fmedia&parent=19884"}],"wp:term":[{"taxonomy":"category","embeddable":true,"href":"https:\/\/cfdt-recherche-epst.org\/index.php?rest_route=%2Fwp%2Fv2%2Fcategories&post=19884"},{"taxonomy":"post_tag","embeddable":true,"href":"https:\/\/cfdt-recherche-epst.org\/index.php?rest_route=%2Fwp%2Fv2%2Ftags&post=19884"}],"curies":[{"name":"wp","href":"https:\/\/api.w.org\/{rel}","templated":true}]}}