{"id":20109,"date":"2020-11-30T16:41:41","date_gmt":"2020-11-30T14:41:41","guid":{"rendered":"https:\/\/epst-sgen-cfdt.org\/?p=20109"},"modified":"2020-12-01T16:44:21","modified_gmt":"2020-12-01T14:44:21","slug":"prevenir-et-combattre-le-racisme-et-les-discriminations-raciales-au-travail","status":"publish","type":"post","link":"https:\/\/cfdt-recherche-epst.org\/?p=20109","title":{"rendered":"Pr\u00e9venir et combattre le racisme et les discriminations raciales au travail"},"content":{"rendered":"<p><a href=\"https:\/\/www.cfdt.fr\/portail\/outils\/guides\/prevenir-et-combattre-le-racisme-et-les-discriminations-raciales-au-travail-srv1_1148975\">Publi\u00e9 le 30 novembre sur le site de la CFDT<\/a><\/p>\n<div class=\"wysiwyg\">\n<p>Dans la collection <strong><em>Vivre ensemble, travailler ensemble <\/em><\/strong>vient de sortir le guide n\u00b06 <strong><em>Pr\u00e9venir et combattre le racisme et les discriminations raciales au travail<\/em><\/strong><\/p>\n<\/div>\n<div class=\"wysiwyg\">\n<p>Le monde du travail est un espace qui n\u2019\u00e9chappe pas aux enjeux et d\u00e9bats qui traversent la soci\u00e9t\u00e9. Dans leur action syndicale quotidienne, les militantes et militants sont confront\u00e9s \u00e0 des d\u00e9fis soci\u00e9taux comme la lutte contre le racisme et les discriminations raciales au travail. Forte de ses valeurs &#8211; la solidarit\u00e9, le respect de chacune et chacun, l\u2019\u00e9mancipation, l\u2019\u00e9galit\u00e9, la d\u00e9mocratie &#8211; la CFDT leur propose des outils pour agir au service des salari\u00e9s en int\u00e9grant ces questions soci\u00e9tales \u00e0 l\u2019action syndicale quotidienne. C\u2019est le sens des guides de la collection \u00ab Vivre Ensemble, Travailler Ensemble \u00bb, qui\u00a0 font le point sur les lois, les r\u00e8gles et leur mise en \u0153uvre.<\/p>\n<p>Le guide n\u00b06, d\u00e9di\u00e9 \u00e0 la lutte contre le racisme et les discriminations raciales au travail, a \u00e9t\u00e9 con\u00e7u comme une ressource pour les militants CFDT qui souhaitent ou doivent s\u2019emparer du sujet. Apr\u00e8s en avoir fix\u00e9 le cadre juridique, il propose diff\u00e9rentes formes d\u2019actions syndicales pour pr\u00e9venir et r\u00e9agir : dans les instances de dialogue social, dans les sections et les syndicats, dans nos \u00e9changes avec les travailleurs&#8230; Ce guide doit permettre un travail de proximit\u00e9 sur ces questions, de nouvelles formes d\u2019action et d\u2019expression sur ce sujet.<\/p>\n<p>https:\/\/cfdt-recherche-epst.org\/?attachment_id=20111<\/p>\n<p><a href=\"https:\/\/cfdt-recherche-epst.org\/?attachment_id=20111\" rel=\"attachment wp-att-20111\">06-guide-2011-ensemble-discrimination-bdinteractif<\/a><\/p>\n<p>&nbsp;<\/p>\n<\/div>\n","protected":false},"excerpt":{"rendered":"<p>Publi\u00e9 le 30 novembre sur le site de la CFDT Dans la collection Vivre ensemble, travailler ensemble vient de sortir le guide n\u00b06 Pr\u00e9venir et combattre le racisme et les discriminations raciales au travail Le monde du travail est un espace qui n\u2019\u00e9chappe pas aux enjeux et d\u00e9bats qui traversent<\/p>\n","protected":false},"author":19,"featured_media":0,"comment_status":"closed","ping_status":"open","sticky":false,"template":"","format":"standard","meta":{"footnotes":""},"categories":[5],"tags":[98],"class_list":["post-20109","post","type-post","status-publish","format-standard","hentry","category-epst","tag-conditions-travail","ct-col-2"],"amp_enabled":true,"_links":{"self":[{"href":"https:\/\/cfdt-recherche-epst.org\/index.php?rest_route=\/wp\/v2\/posts\/20109","targetHints":{"allow":["GET"]}}],"collection":[{"href":"https:\/\/cfdt-recherche-epst.org\/index.php?rest_route=\/wp\/v2\/posts"}],"about":[{"href":"https:\/\/cfdt-recherche-epst.org\/index.php?rest_route=\/wp\/v2\/types\/post"}],"author":[{"embeddable":true,"href":"https:\/\/cfdt-recherche-epst.org\/index.php?rest_route=\/wp\/v2\/users\/19"}],"replies":[{"embeddable":true,"href":"https:\/\/cfdt-recherche-epst.org\/index.php?rest_route=%2Fwp%2Fv2%2Fcomments&post=20109"}],"version-history":[{"count":2,"href":"https:\/\/cfdt-recherche-epst.org\/index.php?rest_route=\/wp\/v2\/posts\/20109\/revisions"}],"predecessor-version":[{"id":20112,"href":"https:\/\/cfdt-recherche-epst.org\/index.php?rest_route=\/wp\/v2\/posts\/20109\/revisions\/20112"}],"wp:attachment":[{"href":"https:\/\/cfdt-recherche-epst.org\/index.php?rest_route=%2Fwp%2Fv2%2Fmedia&parent=20109"}],"wp:term":[{"taxonomy":"category","embeddable":true,"href":"https:\/\/cfdt-recherche-epst.org\/index.php?rest_route=%2Fwp%2Fv2%2Fcategories&post=20109"},{"taxonomy":"post_tag","embeddable":true,"href":"https:\/\/cfdt-recherche-epst.org\/index.php?rest_route=%2Fwp%2Fv2%2Ftags&post=20109"}],"curies":[{"name":"wp","href":"https:\/\/api.w.org\/{rel}","templated":true}]}}