{"id":2011,"date":"2017-06-03T10:46:23","date_gmt":"2017-06-03T09:46:23","guid":{"rendered":"http:\/\/sgencfdt.vjf.cnrs.fr\/?p=2011"},"modified":"2024-09-23T07:22:04","modified_gmt":"2024-09-23T06:22:04","slug":"inegalites-un-rapport-pointe-la-face-noire-du-marche-du-travail","status":"publish","type":"post","link":"https:\/\/cfdt-recherche-epst.org\/?p=2011","title":{"rendered":"In\u00e9galit\u00e9s : un rapport pointe la face noire du march\u00e9 du travail"},"content":{"rendered":"<p>Le deuxi\u00e8me rapport de l\u2019Observatoire des in\u00e9galit\u00e9s, publi\u00e9 ce mardi, brosse un tableau qui \u00ab\u2009ne pr\u00eate pas l\u2019optimisme\u2009\u00bb et d\u00e9crit un monde du travail divis\u00e9 en deux.<br \/>\n<a href=\"https:\/\/www.lesechos.fr\/economie-france\/social\/030358558312-inegalites-un-rapport-pointe-la-face-noire-du-marche-du-travail-2090532.php#xtor=EPR-7-%5Bmatinale%5D-20170531-%5BProv_%5D-1711303%402\" target=\"_blank\" rel=\"noopener noreferrer\">Litre l\u2019article<\/a><\/p>\n<p>&nbsp;<\/p>\n<hr \/>\n<p><em>Merci au Sgen-CFDT Recherche Epst section Nord Est\u00a0pour l&rsquo;information<\/em><\/p>\n","protected":false},"excerpt":{"rendered":"<p>Le deuxi\u00e8me rapport de l\u2019Observatoire des in\u00e9galit\u00e9s, publi\u00e9 ce mardi, brosse un tableau qui \u00ab\u2009ne pr\u00eate pas l\u2019optimisme\u2009\u00bb et d\u00e9crit un monde du travail divis\u00e9 en deux. Litre l\u2019article &nbsp; Merci au Sgen-CFDT Recherche Epst section Nord Est\u00a0pour l&rsquo;information<\/p>\n","protected":false},"author":1,"featured_media":0,"comment_status":"closed","ping_status":"open","sticky":false,"template":"","format":"standard","meta":{"footnotes":""},"categories":[5],"tags":[],"class_list":["post-2011","post","type-post","status-publish","format-standard","hentry","category-epst","ct-col-2"],"amp_enabled":true,"_links":{"self":[{"href":"https:\/\/cfdt-recherche-epst.org\/index.php?rest_route=\/wp\/v2\/posts\/2011","targetHints":{"allow":["GET"]}}],"collection":[{"href":"https:\/\/cfdt-recherche-epst.org\/index.php?rest_route=\/wp\/v2\/posts"}],"about":[{"href":"https:\/\/cfdt-recherche-epst.org\/index.php?rest_route=\/wp\/v2\/types\/post"}],"author":[{"embeddable":true,"href":"https:\/\/cfdt-recherche-epst.org\/index.php?rest_route=\/wp\/v2\/users\/1"}],"replies":[{"embeddable":true,"href":"https:\/\/cfdt-recherche-epst.org\/index.php?rest_route=%2Fwp%2Fv2%2Fcomments&post=2011"}],"version-history":[{"count":4,"href":"https:\/\/cfdt-recherche-epst.org\/index.php?rest_route=\/wp\/v2\/posts\/2011\/revisions"}],"predecessor-version":[{"id":37791,"href":"https:\/\/cfdt-recherche-epst.org\/index.php?rest_route=\/wp\/v2\/posts\/2011\/revisions\/37791"}],"wp:attachment":[{"href":"https:\/\/cfdt-recherche-epst.org\/index.php?rest_route=%2Fwp%2Fv2%2Fmedia&parent=2011"}],"wp:term":[{"taxonomy":"category","embeddable":true,"href":"https:\/\/cfdt-recherche-epst.org\/index.php?rest_route=%2Fwp%2Fv2%2Fcategories&post=2011"},{"taxonomy":"post_tag","embeddable":true,"href":"https:\/\/cfdt-recherche-epst.org\/index.php?rest_route=%2Fwp%2Fv2%2Ftags&post=2011"}],"curies":[{"name":"wp","href":"https:\/\/api.w.org\/{rel}","templated":true}]}}