{"id":20249,"date":"2020-11-01T18:14:13","date_gmt":"2020-11-01T16:14:13","guid":{"rendered":"https:\/\/epst-sgen-cfdt.org\/?p=20249"},"modified":"2020-12-03T18:15:54","modified_gmt":"2020-12-03T16:15:54","slug":"covid-19-je-suis-cas-contact-que-dois-je-faire-que-se-passe-t-il","status":"publish","type":"post","link":"https:\/\/cfdt-recherche-epst.org\/?p=20249","title":{"rendered":"Covid-19 : Je suis cas contact, que dois-je faire, que se passe-t-il ?"},"content":{"rendered":"<p><a href=\"https:\/\/www.sgen-cfdt.fr\/faq\/covid-19-je-suis-cas-contact-que-dois-je-faire-que-se-passe-t-il\/\">article publi\u00e9 sur Sgen:CFDT le 1er novembre 2020<\/a><\/p>\n<div class=\"content\">\n<div class=\"content_wrapper\">\n<p>Le protocole national pour assurer la sant\u00e9 et la s\u00e9curit\u00e9 des salari\u00e9s face \u00e0 l\u2019\u00e9pid\u00e9mie de COVID-19 applicable depuis le 1er septembre 2020 pr\u00e9voit la proc\u00e9dure \u00e0 appliquer lorsque l\u2019on est cas contact.<\/p>\n<h2>\u00cates-vous cas contact ?<\/h2>\n<p>Vous \u00eates consid\u00e9r\u00e9 comme cas contact lorsque vous avez \u00e9t\u00e9 en <strong>contact rapproch\u00e9 avec une personne pr\u00e9sentant une Covid-19 \u00e0 moins d\u2019un m\u00e8tre pendant plus de 15 minutes sans masque.<\/strong><\/p>\n<h2>Pouvez-vous travailler ?<\/h2>\n<p>Dans ce cas, il est <strong>recommand\u00e9<\/strong> de <strong>ne pas se rendre sur son lieu de travail, de s\u2019isoler, puis de se faire tester<\/strong>.<\/p>\n<p>Vous \u00eates en principe contact\u00e9 par la <strong>plateforme de l\u2019assurance maladie ou l\u2019ARS<\/strong> qui vous indiquera la proc\u00e9dure \u00e0 suivre selon que vous vivez ou non dans le m\u00eame domicile que la personne positive, que vous d\u00e9veloppez ou non des sympt\u00f4mes <strong>pendant les 7 jours d\u2019isolement<\/strong>.<\/p>\n<p>Vous \u00eates en<strong> t\u00e9l\u00e9travail<\/strong> de droit si les missions sont compatibles, <strong>\u00e0 d\u00e9faut vous \u00eates plac\u00e9 en ASA<\/strong> pendant la p\u00e9riode d\u2019isolement sur <strong>pr\u00e9sentation d\u2019un certificat d\u2019isolement<\/strong> fourni par l\u2019autorit\u00e9 sanitaire ou un m\u00e9decin.<\/p>\n<p>Pour les <strong>personnels enseignants dans le seconde degr\u00e9<\/strong>, un enseignement \u00e0 distance peut \u00eatre assur\u00e9 si les \u00e9l\u00e8ves concern\u00e9s sont accueillis dans une salle permettant l\u2019enseignement \u00e0 distance avec le professeur isol\u00e9 en pr\u00e9sence d\u2019un adulte (AED en pr\u00e9professionnalisation ou AED\u2026)<\/p>\n<p>En revanche <strong>si la classe, l\u2019\u00e9cole ou l\u2019\u00e9tablissement font l\u2019objet d\u2019une fermeture<\/strong>, les enseignants assurent la continuit\u00e9 p\u00e9dagogique \u00e0 distance.<\/p>\n<h2>Quelles \u00e9tapes et d\u00e9marches ?<\/h2>\n<h3><span class=\"mev\">Vous \u00eates cas contact et vous partagez le domicile d\u2019un cas confirm\u00e9 <\/span><\/h3>\n<p>Si vous partagez le domicile de la personne positive vous devez <strong>vous faire d\u00e9pister imm\u00e9diatement<\/strong> m\u00eame si vous ne pr\u00e9sentez pas de signe de la maladie. Il n\u2019y a pas besoin d\u2019ordonnance : l\u2019Assurance Maladie informe directement les laboratoires qui peuvent r\u00e9aliser le test et il vous suffit de pr\u00e9senter un document d\u2019identit\u00e9 qui permettra au laboratoire de retrouver votre nom au sein du r\u00e9pertoire des personnes contact. Le test est <strong>pris en charge \u00e0 100 %<\/strong>.<\/p>\n<ul>\n<li><strong>Si le r\u00e9sultat du test est positif et que vous avez des signes de la maladie<\/strong>:<\/li>\n<\/ul>\n<p>Il faut prendre <strong>contact avec votre m\u00e9decin<\/strong> et suivre ses consignes. Vous devez rester isol\u00e9 et surveiller votre \u00e9tat de sant\u00e9.<\/p>\n<p><u>L\u2019isolement doit durer au moins 7 jours et s\u2019arr\u00eater apr\u00e8s disparition des derniers sympt\u00f4mes, et au plus t\u00f4t 48 heures apr\u00e8s la disparition de la fi\u00e8vre.<\/u><\/p>\n<p><u>La fin de la p\u00e9riode d\u2019isolement doit s\u2019accompagner, durant les 7 jours pleins suivants, du port du masque chirurgical et du strict respect des mesures barri\u00e8res et de la distanciation physique.<\/u><\/p>\n<ul>\n<li><strong>Si le r\u00e9sultat du test est positif et que vous n\u2019avez aucun signe de la maladie (Asymptomatique<\/strong>)<\/li>\n<\/ul>\n<p>Pour les <strong>cas confirm\u00e9s asymptomatiques<\/strong>, l\u2019<strong>isolement de 7 jours pleins<\/strong> d\u00e9butera \u00e0 partir du jour du pr\u00e9l\u00e8vement positif. En cas de survenue de sympt\u00f4mes, la p\u00e9riode d\u2019isolement devra \u00eatre <strong>rallong\u00e9e de 7 jours<\/strong> \u00e0 partir de la<strong> date d\u2019apparition des sympt\u00f4mes<\/strong>.<\/p>\n<ul>\n<li><strong>Si le r\u00e9sultat du test est n\u00e9gatif<\/strong><\/li>\n<\/ul>\n<p>Dans la mesure o\u00f9 vous partagez le domicile d\u2019un cas confirm\u00e9 vous devez <strong>rester en isolement jusqu\u2019\u00e0 la gu\u00e9rison du malade<\/strong> et <strong>encore 7 jours pleins<\/strong> ensuite.<\/p>\n<h3><span class=\"mev\"><strong>Vous \u00eates cas contact et vous ne partagez pas le domicile d\u2019un cas confirm\u00e9<\/strong><\/span><\/h3>\n<ul>\n<li><strong>\u00a0<\/strong><strong>Si on ne pr\u00e9sente pas de sympt\u00f4mes<\/strong><\/li>\n<\/ul>\n<p>Si l\u2019on ne pr\u00e9sente pas de sympt\u00f4mes, on doit <strong>rester isol\u00e9 et attendre au moins 7 jours<\/strong> apr\u00e8s le dernier contact avec la personne malade <strong>avant de faire le test<\/strong>. Il est inutile de le faire avant cette date. En effet, s\u2019il est r\u00e9alis\u00e9 trop t\u00f4t, il peut \u00eatre n\u00e9gatif m\u00eame si vous \u00eates infect\u00e9 (phase d\u2019incubation). <strong>Une fois le test r\u00e9alis\u00e9, on doit rester isol\u00e9 jusqu\u2019au r\u00e9sultat<\/strong>.<\/p>\n<ul>\n<li><strong>Si le test est n\u00e9gatif il est mis fin \u00e0 l\u2019isolement<\/strong><\/li>\n<\/ul>\n<h2><strong>Qui contacter ?<\/strong><\/h2>\n<p><span class=\"mev\">Pour toute question sur son \u00e9tat de sant\u00e9, il faut appeler directement son m\u00e9decin. Si l\u2019on est seul ou inquiet, on peut contacter <strong>le 0800 130 000<\/strong> (appel gratuit). Pour les d\u00e9marches aupr\u00e8s de l\u2019Assurance Maladie, les <a href=\"https:\/\/www.ameli.fr\/essonne\/assure\/covid-19\/comment-contacter-lassurance-maladie\/comment-contacter-lassurance-maladie\">services en ligne<\/a> sont \u00e0 privil\u00e9gier en cette p\u00e9riode de crise sanitaire.<\/span><\/p>\n<\/div>\n<div class=\"related-content\">\n<h3>Pour aller plus loin<\/h3>\n<div class=\"block\">\n<div class=\"inner\">\n<h4>Ressources compl\u00e9mentaires<\/h4>\n<ul class=\"publications\">\n<li><a class=\"consulter_btn\" href=\"https:\/\/www.ameli.fr\/essonne\/assure\/covid-19\/en-cas-de-contact-avec-une-personne-malade-du-covid-19\/en-cas-de-contact-avec-une-personne-malade-du-covid-19\" target=\"_blank\" rel=\"noopener noreferrer\"><strong>Cas contact sur le site de l&rsquo;assurance maladie<\/strong> &#8211; Site assurance maladie- Ameli.fr &#8211; cas contact<\/a><\/li>\n<\/ul>\n<\/div>\n<\/div>\n<\/div>\n<\/div>\n","protected":false},"excerpt":{"rendered":"<p>article publi\u00e9 sur Sgen:CFDT le 1er novembre 2020 Le protocole national pour assurer la sant\u00e9 et la s\u00e9curit\u00e9 des salari\u00e9s face \u00e0 l\u2019\u00e9pid\u00e9mie de COVID-19 applicable depuis le 1er septembre 2020 pr\u00e9voit la proc\u00e9dure \u00e0 appliquer lorsque l\u2019on est cas contact. \u00cates-vous cas contact ? Vous \u00eates consid\u00e9r\u00e9 comme cas<\/p>\n","protected":false},"author":19,"featured_media":0,"comment_status":"closed","ping_status":"open","sticky":false,"template":"","format":"standard","meta":{"footnotes":""},"categories":[5],"tags":[98,233],"class_list":["post-20249","post","type-post","status-publish","format-standard","hentry","category-epst","tag-conditions-travail","tag-covid","ct-col-2"],"amp_enabled":true,"_links":{"self":[{"href":"https:\/\/cfdt-recherche-epst.org\/index.php?rest_route=\/wp\/v2\/posts\/20249","targetHints":{"allow":["GET"]}}],"collection":[{"href":"https:\/\/cfdt-recherche-epst.org\/index.php?rest_route=\/wp\/v2\/posts"}],"about":[{"href":"https:\/\/cfdt-recherche-epst.org\/index.php?rest_route=\/wp\/v2\/types\/post"}],"author":[{"embeddable":true,"href":"https:\/\/cfdt-recherche-epst.org\/index.php?rest_route=\/wp\/v2\/users\/19"}],"replies":[{"embeddable":true,"href":"https:\/\/cfdt-recherche-epst.org\/index.php?rest_route=%2Fwp%2Fv2%2Fcomments&post=20249"}],"version-history":[{"count":1,"href":"https:\/\/cfdt-recherche-epst.org\/index.php?rest_route=\/wp\/v2\/posts\/20249\/revisions"}],"predecessor-version":[{"id":20250,"href":"https:\/\/cfdt-recherche-epst.org\/index.php?rest_route=\/wp\/v2\/posts\/20249\/revisions\/20250"}],"wp:attachment":[{"href":"https:\/\/cfdt-recherche-epst.org\/index.php?rest_route=%2Fwp%2Fv2%2Fmedia&parent=20249"}],"wp:term":[{"taxonomy":"category","embeddable":true,"href":"https:\/\/cfdt-recherche-epst.org\/index.php?rest_route=%2Fwp%2Fv2%2Fcategories&post=20249"},{"taxonomy":"post_tag","embeddable":true,"href":"https:\/\/cfdt-recherche-epst.org\/index.php?rest_route=%2Fwp%2Fv2%2Ftags&post=20249"}],"curies":[{"name":"wp","href":"https:\/\/api.w.org\/{rel}","templated":true}]}}