{"id":20885,"date":"2020-09-14T11:42:06","date_gmt":"2020-09-14T09:42:06","guid":{"rendered":"https:\/\/epst-sgen-cfdt.org\/?p=20885"},"modified":"2020-12-18T11:46:38","modified_gmt":"2020-12-18T09:46:38","slug":"le-forfait-mobilites-durables","status":"publish","type":"post","link":"https:\/\/cfdt-recherche-epst.org\/?p=20885","title":{"rendered":"Le forfait mobilit\u00e9s durables"},"content":{"rendered":"<p><a href=\"https:\/\/sgenplus.cfdt.fr\/article\/forfait-mobilites-durables\/\">Sur le site du Sgen+<\/a><\/p>\n<div class=\"entry-content\">\n<p><strong>B\u00e9n\u00e9ficier du \u00ab\u00a0forfait mobilit\u00e9s durables\u00a0\u00bb<\/strong> visant \u00e0 couvrir les d\u00e9placements domicile-travail effectu\u00e9s \u00e0 v\u00e9lo ou en covoiturage <strong>est maintenant possible.<\/strong> Le d\u00e9cret n\u00b0 2020-543 du 9 mai 2020 relatif \u00e0 son versement, ainsi que son arr\u00eat\u00e9 d\u2019application du m\u00eame jour, ont instaur\u00e9 une indemnit\u00e9 pour les magistrats et les personnels civils et militaires de l\u2019\u00c9tat.<\/p>\n<p><a title=\"\" href=\"https:\/\/sgenplus.cfdt.fr\/wp-content\/uploads\/2020\/09\/parking-velo.jpg\" data-rel=\"lightbox-0\"><img loading=\"lazy\" decoding=\"async\" class=\"alignright wp-image-16395\" src=\"https:\/\/sgenplus.cfdt.fr\/wp-content\/uploads\/2020\/09\/parking-velo-300x200.jpg\" sizes=\"auto, (max-width: 357px) 100vw, 357px\" srcset=\"https:\/\/sgenplus.cfdt.fr\/wp-content\/uploads\/2020\/09\/parking-velo-300x200.jpg 300w, https:\/\/sgenplus.cfdt.fr\/wp-content\/uploads\/2020\/09\/parking-velo-768x512.jpg 768w, https:\/\/sgenplus.cfdt.fr\/wp-content\/uploads\/2020\/09\/parking-velo-1024x682.jpg 1024w, https:\/\/sgenplus.cfdt.fr\/wp-content\/uploads\/2020\/09\/parking-velo.jpg 1280w\" alt=\"mobilit\u00e9s durables Sgen-CFDT\" width=\"357\" height=\"238\" \/><\/a><\/p>\n<h2>L\u2019indemnit\u00e9<\/h2>\n<p>Cette indemnit\u00e9 d\u2019un <strong>montant forfaitaire de 200 \u20ac annuels<\/strong> est exon\u00e9r\u00e9e d\u2019imp\u00f4ts et de pr\u00e9l\u00e8vements sociaux.<\/p>\n<p>Elle est conditionn\u00e9e \u00e0 une utilisation d\u2019<strong>au moins 100 jours par an<\/strong> du v\u00e9lo ou du covoiturage pour effectuer les <strong>d\u00e9placements domicile-travail<\/strong>, y compris si l\u2019agent est le conducteur. Le seuil est <strong>modul\u00e9 selon la quotit\u00e9 de temps de travail<\/strong> de l\u2019agent.<\/p>\n<blockquote><p>Les cumuls exclus pour les agents publics<\/p><\/blockquote>\n<p><strong>Attention, <\/strong>il n\u2019est<strong> pas possible de cumuler <\/strong>l\u2019indemnit\u00e9 avec une prise en charge de frais de transport ou un abonnement \u00e0 un service public de location de v\u00e9lo.<\/p>\n<p>Le <strong>versement<\/strong> de cette indemnit\u00e9 intervient en <strong>d\u00e9but d\u2019ann\u00e9e N+1<\/strong> apr\u00e8s le <strong>d\u00e9p\u00f4t, avant le 31 d\u00e9cembre,<\/strong> d\u2019une demande de paiement accompagn\u00e9e d\u2019une <strong>attestation sur l\u2019honneur<\/strong> de l\u2019utilisation du v\u00e9lo ou du covoiturage, qui pourra faire l\u2019objet d\u2019un contr\u00f4le a posteriori de l\u2019employeur.<\/p>\n<h2>Les personnels exclus du b\u00e9n\u00e9fice de l\u2019indemnit\u00e9<\/h2>\n<p>Sont exclus du b\u00e9n\u00e9fice de cette indemnit\u00e9\u00a0:<\/p>\n<ol>\n<li>les agents b\u00e9n\u00e9ficiant d\u2019un logement de fonction sur leur lieu de travail ;<\/li>\n<li>les agents b\u00e9n\u00e9ficiant d\u2019un v\u00e9hicule de fonction ;<\/li>\n<li>les agents b\u00e9n\u00e9ficiant d\u2019un transport collectif gratuit entre leur domicile et leur lieu de travail ;<\/li>\n<li>les agents transport\u00e9s gratuitement par leur employeur ;<\/li>\n<li>les personnels b\u00e9n\u00e9ficiant des dispositions du d\u00e9cret n\u00b083-588 du 1 juillet 1983 instituant une allocation sp\u00e9ciale en faveur de certains fonctionnaires et agents de L\u2019\u00c9tat et des \u00e9tablissements publics \u00e0 caract\u00e8re administratif de l\u2019\u00c9tat en service \u00e0 l\u2019int\u00e9rieur de la zone de comp\u00e9tence de l\u2019autorit\u00e9 organisatrice des transports parisiens qui, en raison de l\u2019importance de leur handicap, ne peuvent utiliser les transports en commun.<\/li>\n<\/ol>\n<h2>Cas des agents en situation de multi-employeur<\/h2>\n<p>En cas de multi-employeur au cours de l\u2019ann\u00e9e de r\u00e9f\u00e9rence, l\u2019agent adresse avant le 31 d\u00e9cembre ses demandes d\u2019octroi de l\u2019indemnit\u00e9 accompagn\u00e9e d\u2019une attestation sur l\u2019honneur, d\u00e8s lors qu\u2019il totalise sur la p\u00e9riode au moins 100 jours d\u2019utilisation. Chaque employeur est redevable de l\u2019indemnit\u00e9 au prorata de la dur\u00e9e de l\u2019activit\u00e9 dans ses services.<\/p>\n<h2>Le r\u00e9gime d\u00e9rogatoire au titre de l\u2019ann\u00e9e 2020<\/h2>\n<p><span style=\"color: #0000ff;\">Pour la seule ann\u00e9e 2020 il est permis de cumuler l\u2019indemnit\u00e9 forfaitaire avec un abonnement \u00e0 un service public de location de v\u00e9lo ou un abonnement aux transports en commun \u00e0 la condition que la prise ne charge ne porte pas sur les m\u00eames p\u00e9riodes. Dans ce cas l\u2019indemnit\u00e9 est diminu\u00e9e de moiti\u00e9 et le nombre de jours exig\u00e9es divis\u00e9 par deux.<\/span><\/p>\n<p><strong><span style=\"color: #0000ff;\">A titre d\u2019illustration on peut avoir b\u00e9n\u00e9ficier d\u2019une prise en charge d\u2019un abonnement v\u00e9lo ou transport commun de janvier \u00e0 juin 2020 et demander \u00e0 b\u00e9n\u00e9ficier du forfait mobilit\u00e9 pour la p\u00e9riode du 1er juillet au 31 d\u00e9cembre 2020, d\u00e8s lors que la condition de 100 jours est remplie.<\/span><\/strong><\/p>\n<\/div>\n<div>\n<div class=\"col-md-6 aller_plus_loin\">\n<p>Ci-dessous les ressources connexes pour aller plus en d\u00e9tail :<\/p>\n<ul>\n<li><a href=\"https:\/\/www.legifrance.gouv.fr\/affichTexte.do?cidTexte=JORFTEXT000041858525&amp;categorieLien=id\">D\u00e9cret n\u00b0 2020-543 du 9 mai 2020 : versement du \u00ab forfait mobilit\u00e9s durables \u00bb dans la fonction publique de l&rsquo;Etat<\/a><\/li>\n<li><a href=\"https:\/\/www.legifrance.gouv.fr\/affichTexte.do?cidTexte=JORFTEXT000041858561\">Arr\u00eat\u00e9 du 9 mai 2020 relatif au versement du \u00ab forfait mobilit\u00e9s durables \u00bb dans la fonction publique de l&rsquo;Etat<\/a><\/li>\n<li><a href=\"https:\/\/www.fonction-publique.gouv.fr\/files\/files\/carrieres_et_parcours_professionnel\/mobilite\/Fiche_application_D_2020-543_du_9_mai_2020_FMD_FPE.pdf\">La fiche de la DGAFP<\/a><\/li>\n<\/ul>\n<\/div>\n<\/div>\n","protected":false},"excerpt":{"rendered":"<p>Sur le site du Sgen+ B\u00e9n\u00e9ficier du \u00ab\u00a0forfait mobilit\u00e9s durables\u00a0\u00bb visant \u00e0 couvrir les d\u00e9placements domicile-travail effectu\u00e9s \u00e0 v\u00e9lo ou en covoiturage est maintenant possible. Le d\u00e9cret n\u00b0 2020-543 du 9 mai 2020 relatif \u00e0 son versement, ainsi que son arr\u00eat\u00e9 d\u2019application du m\u00eame jour, ont instaur\u00e9 une indemnit\u00e9 pour<\/p>\n","protected":false},"author":19,"featured_media":0,"comment_status":"closed","ping_status":"open","sticky":false,"template":"","format":"standard","meta":{"footnotes":""},"categories":[5],"tags":[98,34],"class_list":["post-20885","post","type-post","status-publish","format-standard","hentry","category-epst","tag-conditions-travail","tag-remuneration","ct-col-2"],"amp_enabled":true,"_links":{"self":[{"href":"https:\/\/cfdt-recherche-epst.org\/index.php?rest_route=\/wp\/v2\/posts\/20885","targetHints":{"allow":["GET"]}}],"collection":[{"href":"https:\/\/cfdt-recherche-epst.org\/index.php?rest_route=\/wp\/v2\/posts"}],"about":[{"href":"https:\/\/cfdt-recherche-epst.org\/index.php?rest_route=\/wp\/v2\/types\/post"}],"author":[{"embeddable":true,"href":"https:\/\/cfdt-recherche-epst.org\/index.php?rest_route=\/wp\/v2\/users\/19"}],"replies":[{"embeddable":true,"href":"https:\/\/cfdt-recherche-epst.org\/index.php?rest_route=%2Fwp%2Fv2%2Fcomments&post=20885"}],"version-history":[{"count":1,"href":"https:\/\/cfdt-recherche-epst.org\/index.php?rest_route=\/wp\/v2\/posts\/20885\/revisions"}],"predecessor-version":[{"id":20886,"href":"https:\/\/cfdt-recherche-epst.org\/index.php?rest_route=\/wp\/v2\/posts\/20885\/revisions\/20886"}],"wp:attachment":[{"href":"https:\/\/cfdt-recherche-epst.org\/index.php?rest_route=%2Fwp%2Fv2%2Fmedia&parent=20885"}],"wp:term":[{"taxonomy":"category","embeddable":true,"href":"https:\/\/cfdt-recherche-epst.org\/index.php?rest_route=%2Fwp%2Fv2%2Fcategories&post=20885"},{"taxonomy":"post_tag","embeddable":true,"href":"https:\/\/cfdt-recherche-epst.org\/index.php?rest_route=%2Fwp%2Fv2%2Ftags&post=20885"}],"curies":[{"name":"wp","href":"https:\/\/api.w.org\/{rel}","templated":true}]}}