{"id":21205,"date":"2020-11-01T15:34:34","date_gmt":"2020-11-01T13:34:34","guid":{"rendered":"https:\/\/epst-sgen-cfdt.org\/?p=21205"},"modified":"2021-01-06T15:38:48","modified_gmt":"2021-01-06T13:38:48","slug":"je-suis-une-personnes-vulnerable-au-covid-19-quels-sont-mes-droits","status":"publish","type":"post","link":"https:\/\/cfdt-recherche-epst.org\/?p=21205","title":{"rendered":"Je suis une personnes \u00ab vuln\u00e9rable \u00bb au covid-19, quels sont mes droits ?"},"content":{"rendered":"<p><a href=\"https:\/\/www.sgen-cfdt.fr\/faq\/je-suis-une-personnes-vulnerable-au-covid-19-quels-sont-mes-droits\/\">Publi\u00e9 le 1 novembre 2020 sur le site du Sgen CFDT<\/a><\/p>\n<div class=\"content_wrapper\">\n<h2>Vous \u00eates personne vuln\u00e9rable, vous b\u00e9n\u00e9ficiez<\/h2>\n<ul>\n<li><strong>du t\u00e9l\u00e9travail<\/strong> de droit <strong>lorsque vos fonctions le permettent<\/strong>,<\/li>\n<li>\u00e0 d\u00e9faut, <strong>vous \u00eates plac\u00e9<\/strong>\u00a0<strong>en ASA<\/strong> sur la base d\u2019un <strong>certificat d\u2019isolement fourni par le m\u00e9decin<\/strong>,<\/li>\n<\/ul>\n<h2>Si vous vivez avec une personne vuln\u00e9rable<\/h2>\n<p>(Attention, le conseil d\u2019\u00e9tat a maintenu les dispositions pr\u00e9vues par le d\u00e9cret du 29 ao\u00fbt 2020 pour les proches de personnes vuln\u00e9rables)<\/p>\n<p>Si vous vivez avec une personne consid\u00e9r\u00e9e comme vuln\u00e9rable, et si le t\u00e9l\u00e9travail est impossible, votre employeur doit vous assurer une protection compl\u00e9mentaire, notamment\u00a0:<\/p>\n<ul>\n<li>mise \u00e0 disposition d\u2019un masque chirurgical \u00e0 porter sur les lieux de travail et dans les transports en commun, lors des trajets domicile-travail et en d\u00e9placements professionnels\u00a0;<\/li>\n<li>am\u00e9nagement du poste de travail : bureau d\u00e9di\u00e9 ou limitation du risque (exemple : \u00e9cran de protection de fa\u00e7on compl\u00e9mentaire au port du masque).<\/li>\n<\/ul>\n<p><span class=\"mev\">La CFDT Fonctions Publiques demande que les proches de personnes vuln\u00e9rables puissent \u00e0 nouveau disposer des m\u00eames dispositions que les personnes vuln\u00e9rables.<\/span><\/p>\n<\/div>\n<div class=\"related-content\">\n<h3>Pour aller plus loin<\/h3>\n<div class=\"block\">\n<div class=\"inner\">\n<h4>Ressources compl\u00e9mentaires<\/h4>\n<ul class=\"publications\">\n<li><a class=\"consulter_btn\" href=\"https:\/\/www.transformation.gouv.fr\/la-ministre\/actualite\/circulaire-relative-levolution-de-lepidemie-de-covid-19\" target=\"_blank\" rel=\"noopener\"><strong>Circulaire du premier ministre du 31 ao\u00fbt<\/strong> &#8211; Circulaire du premier ministre du 31 ao\u00fbt relative \u00e0 la prise en compte dans la fonction publique de l\u2019Etat de l\u2019\u00e9volution de l\u2019\u00e9pid\u00e9mie de covid-19<\/a><\/li>\n<li><a class=\"consulter_btn\" href=\"https:\/\/www.legifrance.gouv.fr\/jorf\/id\/JORFTEXT000042284852\" target=\"_blank\" rel=\"noopener\"><strong>D\u00e9cret n\u00b0 2020-1098 du 29 ao\u00fbt 2020<\/strong> &#8211; D\u00e9cret n\u00b0 2020-1098 du 29 ao\u00fbt 2020 pris pour l&rsquo;application de l&rsquo;article 20 de la loi n\u00b0 2020-473 du 25 avril 2020 de finances rectificative pour 2020<\/a><\/li>\n<\/ul>\n<\/div>\n<\/div>\n<\/div>\n<p>&nbsp;<\/p>\n","protected":false},"excerpt":{"rendered":"<p>Publi\u00e9 le 1 novembre 2020 sur le site du Sgen CFDT Vous \u00eates personne vuln\u00e9rable, vous b\u00e9n\u00e9ficiez du t\u00e9l\u00e9travail de droit lorsque vos fonctions le permettent, \u00e0 d\u00e9faut, vous \u00eates plac\u00e9\u00a0en ASA sur la base d\u2019un certificat d\u2019isolement fourni par le m\u00e9decin, Si vous vivez avec une personne vuln\u00e9rable (Attention,<\/p>\n","protected":false},"author":19,"featured_media":0,"comment_status":"closed","ping_status":"open","sticky":false,"template":"","format":"standard","meta":{"footnotes":""},"categories":[5],"tags":[233],"class_list":["post-21205","post","type-post","status-publish","format-standard","hentry","category-epst","tag-covid","ct-col-2"],"amp_enabled":true,"_links":{"self":[{"href":"https:\/\/cfdt-recherche-epst.org\/index.php?rest_route=\/wp\/v2\/posts\/21205","targetHints":{"allow":["GET"]}}],"collection":[{"href":"https:\/\/cfdt-recherche-epst.org\/index.php?rest_route=\/wp\/v2\/posts"}],"about":[{"href":"https:\/\/cfdt-recherche-epst.org\/index.php?rest_route=\/wp\/v2\/types\/post"}],"author":[{"embeddable":true,"href":"https:\/\/cfdt-recherche-epst.org\/index.php?rest_route=\/wp\/v2\/users\/19"}],"replies":[{"embeddable":true,"href":"https:\/\/cfdt-recherche-epst.org\/index.php?rest_route=%2Fwp%2Fv2%2Fcomments&post=21205"}],"version-history":[{"count":3,"href":"https:\/\/cfdt-recherche-epst.org\/index.php?rest_route=\/wp\/v2\/posts\/21205\/revisions"}],"predecessor-version":[{"id":21208,"href":"https:\/\/cfdt-recherche-epst.org\/index.php?rest_route=\/wp\/v2\/posts\/21205\/revisions\/21208"}],"wp:attachment":[{"href":"https:\/\/cfdt-recherche-epst.org\/index.php?rest_route=%2Fwp%2Fv2%2Fmedia&parent=21205"}],"wp:term":[{"taxonomy":"category","embeddable":true,"href":"https:\/\/cfdt-recherche-epst.org\/index.php?rest_route=%2Fwp%2Fv2%2Fcategories&post=21205"},{"taxonomy":"post_tag","embeddable":true,"href":"https:\/\/cfdt-recherche-epst.org\/index.php?rest_route=%2Fwp%2Fv2%2Ftags&post=21205"}],"curies":[{"name":"wp","href":"https:\/\/api.w.org\/{rel}","templated":true}]}}