{"id":21467,"date":"2021-01-11T16:26:37","date_gmt":"2021-01-11T14:26:37","guid":{"rendered":"https:\/\/epst-sgen-cfdt.org\/?p=21467"},"modified":"2021-01-25T12:26:23","modified_gmt":"2021-01-25T10:26:23","slug":"lindemnite-compensatrice-de-la-hausse-de-la-csg-fiche-de-cfdt-fp-11-01-2021","status":"publish","type":"post","link":"https:\/\/cfdt-recherche-epst.org\/?p=21467","title":{"rendered":"L&rsquo;indemnit\u00e9 compensatrice de la hausse de la CSG (Fiche de CFDT FP 11-01-2021)"},"content":{"rendered":"<div class=\"row\">\n<div class=\"metas col-xs-48 col-sm-32\">\n<div class=\"date\">P<a href=\"https:\/\/uffa.cfdt.fr\/portail\/uffa\/vos-droits-et-obligations-en-cours-de-realisation\/remuneration\/l-indemnite-compensatrice-de-la-hausse-de-la-csg-srv2_1154807\">ubli\u00e9 le 11\/01\/2021 Par P\u00f4le juridique &#8211; CFDT Fonctions publiques<\/a><\/div>\n<\/div>\n<div class=\"social col-xs-48 col-sm-16 push-right hidden-xs hidden-sm\">\n<div id=\"social-share\"><\/div>\n<\/div>\n<\/div>\n<div class=\"intro\">\n<div class=\"wysiwyg\">\n<p>Cette fiche r\u00e9dig\u00e9e par le p\u00f4le juridique de la CFDT Fonctions publiques reprend les dispositions concernant l\u2019indemnit\u00e9 compensatrice de la hausse de la CSG.<\/p>\n<\/div>\n<\/div>\n<div class=\"wysiwyg\">\n<p><strong><em>De quoi s\u2019agit-il\u00a0?\u00a0<\/em><\/strong><\/p>\n<p>C\u2018est une indemnit\u00e9 instaur\u00e9e en 2018, qui vise \u00e0 compenser la hausse du taux de la contribution sociale g\u00e9n\u00e9ralis\u00e9e (CSG).<\/p>\n<p><strong><em>Qui peut en b\u00e9n\u00e9ficier\u00a0?<\/em><\/strong><\/p>\n<p>Tous les agents publics nomm\u00e9s ou recrut\u00e9s avant le 1<sup>er<\/sup> janvier 2018.<\/p>\n<p>\u00c0 noter toutefois que les agents nomm\u00e9s ou recrut\u00e9s \u00e0 compter du 1<sup>er<\/sup> janvier 2018, s\u2019ils ne b\u00e9n\u00e9ficient pas de cette r\u00e9\u00e9valuation annuelle, b\u00e9n\u00e9ficient n\u00e9anmoins d\u2019un montant forfaitaire mensuel.<\/p>\n<p><strong><em>Comment est-elle calcul\u00e9e ?<\/em><\/strong><\/p>\n<p>Avec le d\u00e9cret n\u00b0 2020-1626 du 18 d\u00e9cembre 2020 modifiant le d\u00e9cret n\u00b0 2017-1889 du 30 d\u00e9cembre 2017 pris en application de l&rsquo;article 113 de la loi n\u00b0 2017-1837 du 30 d\u00e9cembre 2017 de finances pour 2018 et instituant une indemnit\u00e9 compensatrice de la hausse de la contribution sociale g\u00e9n\u00e9ralis\u00e9e dans la fonction publique, une r\u00e9\u00e9valuation annuelle de l\u2019indemnit\u00e9 compensatrice est d\u00e9sormais op\u00e9r\u00e9e au 1<sup>er<\/sup> janvier de chaque ann\u00e9e.<\/p>\n<p>Ainsi, si la r\u00e9mun\u00e9ration a \u00e9volu\u00e9 entre l&rsquo;ann\u00e9e civile \u00e9coul\u00e9e et la pr\u00e9c\u00e9dente, le montant de l&rsquo;indemnit\u00e9 est r\u00e9\u00e9valu\u00e9 proportionnellement \u00e0 cette \u00e9volution.<\/p>\n<p>Lorsqu&rsquo;un changement de quotit\u00e9 de travail est intervenu au cours de l&rsquo;ann\u00e9e civile \u00e9coul\u00e9e ou que l&rsquo;agent a connu une \u00e9volution de sa r\u00e9mun\u00e9ration li\u00e9e \u00e0 un cong\u00e9 maladie sur cette m\u00eame p\u00e9riode, l&rsquo;incidence de ces \u00e9volutions est neutralis\u00e9e pour la r\u00e9alisation de cette comparaison.<\/p>\n<p><strong><em>Quelles sont les modalit\u00e9s de versement ?<\/em><\/strong><\/p>\n<p>Le versement de l\u2019indemnit\u00e9 est mensuel. Elle est octroy\u00e9e automatiquement sans demande pr\u00e9alable de l\u2019agent.<\/p>\n<p>Textes\u00a0:<\/p>\n<p>Loi n\u00b0 2017-1837 du 30 d\u00e9cembre 2017 de finances pour 2018\u00a0: <a href=\"https:\/\/www.legifrance.gouv.fr\/loda\/article_lc\/LEGIARTI000036377692?tab_selection=all&amp;searchField=ALL&amp;query=2017-1837&amp;page=1&amp;init=true\">Article 113<\/a><\/p>\n<p><a href=\"https:\/\/www.legifrance.gouv.fr\/loda\/id\/JORFTEXT000036342240\/2021-01-01\/\">D\u00e9cret n\u00b0 2017-1889 du 30 d\u00e9cembre 2017 pris en application de l&rsquo;article 113 de la loi n\u00b0 2017-1837 du 30 d\u00e9cembre 2017 de finances pour 2018 et instituant une indemnit\u00e9 compensatrice de la hausse de la contribution sociale g\u00e9n\u00e9ralis\u00e9e dans la fonction publique<\/a> modifi\u00e9 par le <a href=\"https:\/\/www.legifrance.gouv.fr\/jorf\/id\/JORFTEXT000042702579\">D\u00e9cret n\u00b0 2020-1626 du 18 d\u00e9cembre 2020 modifiant le d\u00e9cret n\u00b0 2017-1889 du 30 d\u00e9cembre 2017 pris en application de l&rsquo;article 113 de la loi n\u00b0 2017-1837 du 30 d\u00e9cembre 2017 de finances pour 2018 et instituant une indemnit\u00e9 compensatrice de la hausse de la contribution sociale g\u00e9n\u00e9ralis\u00e9e dans la fonction publique<\/a><\/p>\n<\/div>\n<p>&nbsp;<\/p>\n<p>https:\/\/cfdt-recherche-epst.org\/?attachment_id=21468<\/p>\n<p>&nbsp;<\/p>\n","protected":false},"excerpt":{"rendered":"<p>Publi\u00e9 le 11\/01\/2021 Par P\u00f4le juridique &#8211; CFDT Fonctions publiques Cette fiche r\u00e9dig\u00e9e par le p\u00f4le juridique de la CFDT Fonctions publiques reprend les dispositions concernant l\u2019indemnit\u00e9 compensatrice de la hausse de la CSG. De quoi s\u2019agit-il\u00a0?\u00a0 C\u2018est une indemnit\u00e9 instaur\u00e9e en 2018, qui vise \u00e0 compenser la hausse du<\/p>\n","protected":false},"author":19,"featured_media":0,"comment_status":"closed","ping_status":"open","sticky":false,"template":"","format":"standard","meta":{"footnotes":""},"categories":[5],"tags":[34],"class_list":["post-21467","post","type-post","status-publish","format-standard","hentry","category-epst","tag-remuneration","ct-col-2"],"amp_enabled":true,"_links":{"self":[{"href":"https:\/\/cfdt-recherche-epst.org\/index.php?rest_route=\/wp\/v2\/posts\/21467","targetHints":{"allow":["GET"]}}],"collection":[{"href":"https:\/\/cfdt-recherche-epst.org\/index.php?rest_route=\/wp\/v2\/posts"}],"about":[{"href":"https:\/\/cfdt-recherche-epst.org\/index.php?rest_route=\/wp\/v2\/types\/post"}],"author":[{"embeddable":true,"href":"https:\/\/cfdt-recherche-epst.org\/index.php?rest_route=\/wp\/v2\/users\/19"}],"replies":[{"embeddable":true,"href":"https:\/\/cfdt-recherche-epst.org\/index.php?rest_route=%2Fwp%2Fv2%2Fcomments&post=21467"}],"version-history":[{"count":3,"href":"https:\/\/cfdt-recherche-epst.org\/index.php?rest_route=\/wp\/v2\/posts\/21467\/revisions"}],"predecessor-version":[{"id":21717,"href":"https:\/\/cfdt-recherche-epst.org\/index.php?rest_route=\/wp\/v2\/posts\/21467\/revisions\/21717"}],"wp:attachment":[{"href":"https:\/\/cfdt-recherche-epst.org\/index.php?rest_route=%2Fwp%2Fv2%2Fmedia&parent=21467"}],"wp:term":[{"taxonomy":"category","embeddable":true,"href":"https:\/\/cfdt-recherche-epst.org\/index.php?rest_route=%2Fwp%2Fv2%2Fcategories&post=21467"},{"taxonomy":"post_tag","embeddable":true,"href":"https:\/\/cfdt-recherche-epst.org\/index.php?rest_route=%2Fwp%2Fv2%2Ftags&post=21467"}],"curies":[{"name":"wp","href":"https:\/\/api.w.org\/{rel}","templated":true}]}}