{"id":21494,"date":"2021-01-13T12:16:24","date_gmt":"2021-01-13T10:16:24","guid":{"rendered":"https:\/\/epst-sgen-cfdt.org\/?p=21494"},"modified":"2021-01-18T12:27:07","modified_gmt":"2021-01-18T10:27:07","slug":"vers-un-fichage-de-lappartenance-syndicale","status":"publish","type":"post","link":"https:\/\/cfdt-recherche-epst.org\/?p=21494","title":{"rendered":"Vers un fichage de l\u2019appartenance syndicale ?"},"content":{"rendered":"<p><a href=\"https:\/\/www.cfdt.fr\/portail\/vos-droits\/droits-fondamentaux-et-protection-des-salaries\/actualite\/protection-de-la-personne\/vers-un-fichage-de-l-appartenance-syndicale-srv2_1155167\">Publi\u00e9 le 13 janvier 2021 sur le site de la CFDT<\/a><\/p>\n<div class=\"intro\">\n<div class=\"wysiwyg\">\n<p><strong>Trois d\u00e9crets du 2 d\u00e9cembre 2020 (2020-1510 \u00e0 12) sont venus modifier certaines dispositions du Code de la s\u00e9curit\u00e9 int\u00e9rieure relatives au traitement de donn\u00e9es personnelles.<\/strong><\/p>\n<p>Saisi d&rsquo;une demande de suspension de ces arr\u00eats qui en ont inqui\u00e9t\u00e9 certains,\u00a0 le Conseil d\u2019\u00c9tat a maintenu ces trois arr\u00eats <em>(Conseil d\u2019\u00c9tat, 4 janvier 2021, n\u00b0447970 447972 et 447974)<\/em>.<\/p>\n<p>Que s&rsquo;est-il pass\u00e9 et pourquoi une telle saisine du Conseil d&rsquo;Etat ?<\/p>\n<\/div>\n<\/div>\n<div class=\"wysiwyg\">\n<p><strong>L\u2019appartenance syndicale bient\u00f4t fich\u00e9e\u00a0?<\/strong> C\u2019est cette interrogation qui a fait couler beaucoup d\u2019encre \u00e0 la veille de No\u00ebl et qui a conduit plusieurs organisations syndicales, ainsi que le SAF et le Syndicat de la magistrature, \u00e0 saisir le Conseil d\u2019\u00c9tat pour obtenir la suspension de ces trois textes. Ils lui reprochaient entre autres d\u2019autoriser certaines autorit\u00e9s (direction g\u00e9n\u00e9rale de la Police nationale, direction centrale de la S\u00e9curit\u00e9 publique et Pr\u00e9fecture de police et direction g\u00e9n\u00e9rale de la Gendarmerie nationale) \u00e0 ficher l\u2019appartenance syndicale. Qu\u2019en est-il r\u00e9ellement ?<\/p>\n<p>Nous vous livrons ici quelques \u00e9l\u00e9ments, non experts, ainsi que l\u2019explication de texte apport\u00e9e par le Conseil d\u2019\u00c9tat.<\/p>\n<h3>Un traitement de donn\u00e9es personnelles strictement encadr\u00e9 par le Code de la s\u00e9curit\u00e9 int\u00e9rieure<\/h3>\n<p>Comme d\u00e9j\u00e0 pr\u00e9cis\u00e9, ces trois d\u00e9crets viennent modifier des textes existants (articles R. 236-1 et s., R236-11 et s., et R236-21 et s. du Code de la s\u00e9curit\u00e9 int\u00e9rieure) autorisant d\u00e9j\u00e0 les autorit\u00e9s comp\u00e9tentes \u00e0 mettre en \u0153uvre un traitement de donn\u00e9es \u00e0 caract\u00e8re personnel.<\/p>\n<p>Les articles R. 236-11 et 21 pr\u00e9cisent que la mise en place du traitement de donn\u00e9es doit poursuivre une finalit\u00e9 bien d\u00e9finie : recueillir, conserver et analyser les informations concernant des personnes physiques ou morales ainsi que des groupements dont l&rsquo;activit\u00e9 individuelle ou collective indique qu&rsquo;elles peuvent porter atteinte \u00e0 la s\u00e9curit\u00e9 publique et \u00e0 la s\u00fbret\u00e9 de l&rsquo;\u00c9tat. Ils pr\u00e9cisent aussi que ce traitement a pour finalit\u00e9 de recueillir, de conserver et d&rsquo;analyser les informations concernant les personnes susceptibles de prendre part \u00e0 des activit\u00e9s terroristes, de porter atteinte \u00e0 l&rsquo;int\u00e9grit\u00e9 du territoire ou des institutions de la R\u00e9publique ou d&rsquo;\u00eatre impliqu\u00e9es dans des actions de violence collectives, en particulier en milieu urbain ou \u00e0 l&rsquo;occasion de manifestations sportives.<\/p>\n<p>Les trois d\u00e9crets sont venus introduire la notion de<strong> s\u00fbret\u00e9 de l\u2019\u00c9tat<\/strong>, ouvrant par cons\u00e9quent un champ plus large quant aux finalit\u00e9s du traitement des donn\u00e9es. <strong>Ces finalit\u00e9s restent malgr\u00e9 tout bien d\u00e9finies et ne concernent que des risques d\u2019atteinte tr\u00e8s grave aux personnes, aux biens et \u00e0 l\u2019\u00c9tat.<\/strong><\/p>\n<p>Par ailleurs, il n\u2019est possible de traiter que les donn\u00e9es des personnes morales ou physiques dont l\u2019activit\u00e9 indique qu\u2019elles peuvent porter atteinte \u00e0 la s\u00e9curit\u00e9 publique et \u00e0 la s\u00fbret\u00e9 de l\u2019\u00c9tat.<\/p>\n<h3>Quelles sont les donn\u00e9es pouvant \u00eatre trait\u00e9es\u00a0?<\/h3>\n<p>Les d\u00e9crets viennent compl\u00e9ter la liste des donn\u00e9es (voir les articles R. 236-2, R. 236-12 et R. 236-22) pouvant \u00eatre trait\u00e9es dans le cadre de ces trois fichiers, <strong>\u00e9tant soulign\u00e9 que ce traitement ne peut se faire que dans le respect des dispositions de la loi informatique et libert\u00e9 de 1978 modifi\u00e9e, et uniquement si<\/strong> ces donn\u00e9es sont n\u00e9cessaires \u00e0 la poursuite des finalit\u00e9s du fichier telles que pr\u00e9cis\u00e9es ci-dessus.<\/p>\n<p>Ils viennent pr\u00e9ciser que <strong>les fichiers doivent n\u00e9cessairement \u00eatre conformes \u00e0 l\u2019article 6 de la loi informatique et libert\u00e9s,<\/strong> qui interdit le traitement de certaines donn\u00e9es \u00e0 caract\u00e8re personnel (1), \u00e0 l\u2019exception des donn\u00e9es relatives \u00e0 :<\/p>\n<ul>\n<li>des signes physiques particuliers et objectifs comme \u00e9l\u00e9ments de signalement des personnes ;<\/li>\n<li><strong>des opinions politiques, des convictions philosophiques, religieuses ou une appartenance syndicale<\/strong> ;<\/li>\n<li>des donn\u00e9es de sant\u00e9 r\u00e9v\u00e9lant une dangerosit\u00e9 particuli\u00e8re.<\/li>\n<\/ul>\n<h3>Du traitement des activit\u00e9s syndicales au traitement de l\u2019appartenance syndicale<\/h3>\n<p>Pr\u00e9c\u00e9demment, c\u2019\u00e9tait le traitement des donn\u00e9es relatives \u00e0 des activit\u00e9s politiques, philosophiques, religieuses ou syndicales qui \u00e9tait autoris\u00e9es par exception.<\/p>\n<p>Les possibilit\u00e9s de traitement de ces donn\u00e9es paraissent donc plus larges, dans la mesure o\u00f9 le terme \u00ab\u00a0<em>activit\u00e9s<\/em>\u00a0\u00bb est remplac\u00e9 par le terme \u00ab\u00a0<em>opinions<\/em>\u00ab\u00a0. <strong>En ce qui concerne l\u2019aspect syndical, cela vise potentiellement tout adh\u00e9rent, et plus seulement le militant !<\/strong><\/p>\n<p>&nbsp;<\/p>\n<p><span class=\"bonasavoir\">La nouvelle formulation est l\u2019exacte reprise de ce qui figure dans la loi informatique et libert\u00e9s lorsqu\u2019il s\u2019agit d\u2019interdire le traitement de ces donn\u00e9es. Le Conseil d\u2019\u00c9tat rel\u00e8ve d\u2019ailleurs qu\u2019il s\u2019agit d\u2019une mise en coh\u00e9rence de la r\u00e9daction des articles du Code de la s\u00e9curit\u00e9 int\u00e9rieure avec le I de l\u2019article 6 de la loi du 6 janvier 1978.<\/span><\/p>\n<h3><strong>Mais cela signifie-t-il pour autant que tout adh\u00e9rent \u00e0 une organisation syndicale pourrait figurer sur ces fichiers\u00a0?<\/strong><\/h3>\n<p>\u00c0 l\u2019\u00e9vidence, <strong>la r\u00e9ponse est n\u00e9gative.<\/strong> Pour r\u00e9pondre plus pr\u00e9cis\u00e9ment, il faut effectuer une lecture int\u00e9grale des textes et remonter \u00e0 la finalit\u00e9 du fichier : l\u2019objet de celui-ci n\u2019est pas de collecter des donn\u00e9es relatives aux personnes physiques appartenant \u00e0 une organisation syndicale, <strong>mais bien de traiter des donn\u00e9es relatives aux personnes physiques ou morales ayant une activit\u00e9 indiquant qu&rsquo;elle peut porter atteinte \u00e0 la s\u00e9curit\u00e9 publique et \u00e0 la s\u00fbret\u00e9 de l&rsquo;\u00c9tat<\/strong>.<\/p>\n<p>C\u2019est uniquement lorsqu\u2019une personne sera identifi\u00e9e comme devant figurer dans ce fichier qu\u2019il pourrait y \u00eatre mentionn\u00e9 une \u00e9ventuelle appartenance syndicale, ses convictions philosophiques ou religieuses, ou encore ses opinions politiques. <span class=\"exergue\">Et pas inversement ! L\u2019appartenance syndicale ne peut \u00e0 elle seule conduire au traitement de la donn\u00e9e.<\/span><\/p>\n<h3><\/h3>\n<h3><strong>Une lecture confirm\u00e9e par le Conseil d\u2019\u00c9tat<\/strong><\/h3>\n<p>C\u2019est d\u2019ailleurs cette lecture qui a \u00e9t\u00e9 confirm\u00e9e par le Conseil d\u2019\u00c9tat le 4 janvier 2021, en r\u00e9ponse au recours de certaines organisations syndicales, SAF ou encore du Syndicat de la magistrature, qui consid\u00e9raient que <em>\u00ab\u00a0l\u2019ex\u00e9cution du d\u00e9cret porte une atteinte grave et imm\u00e9diate au droit au respect de la vie priv\u00e9e des personnes, eu \u00e9gard au caract\u00e8re personnel des donn\u00e9es collect\u00e9es, \u00e0 leur extr\u00eame sensibilit\u00e9, au p\u00e9rim\u00e8tre des motifs d\u2019enregistrement dans le traitement, au caract\u00e8re excessif de la dur\u00e9e maximale de conservation de ces donn\u00e9es et \u00e0 l\u2019absence d\u2019imp\u00e9ratifs justifiant la mise en \u0153uvre de ce d\u00e9cret.\u00a0\u00bb<\/em><\/p>\n<p>Tout d\u2019abord, le Conseil d\u2019\u00c9tat rel\u00e8ve que la loi informatique et libert\u00e9s, en son article 88, pr\u00e9voit que le <em>\u00ab\u00a0traitement de donn\u00e9es mentionn\u00e9es au I de l&rsquo;article 6 est possible uniquement en cas de n\u00e9cessit\u00e9 absolue, sous r\u00e9serve de garanties appropri\u00e9es pour les droits et libert\u00e9s de la personne concern\u00e9e\u00a0\u00bb<\/em>.<\/p>\n<p>Il constate ensuite qu\u2019effectivement, le d\u00e9cret vient modifier les textes existant en autorisant le traitement de donn\u00e9es relatives \u00e0 des opinions politiques, des convictions philosophiques, religieuses l\u2019appartenance syndicale. Mais il constate \u00e9galement que les d\u00e9crets pr\u00e9cisent que :<\/p>\n<p><em>&#8211; \u00ab ces donn\u00e9es ne peuvent \u00eatre enregistr\u00e9es que dans la stricte mesure o\u00f9 elles sont <strong>n\u00e9cessaires \u00e0 la poursuite des finalit\u00e9s du traitement<\/strong>\u00a0\u00bb\u00a0<\/em>;<\/p>\n<p><i><em>&#8211; \u00ab seules les activit\u00e9s susceptibles de porter atteinte \u00e0 la s\u00e9curit\u00e9 publique ou \u00e0 la s\u00fbret\u00e9 de l\u2019\u00c9tat pourront donner lieu \u00e0 l\u2019enregistrement de donn\u00e9es sur des activit\u00e9s publiques ou au sein de groupements ou de personnes morales ou des activit\u00e9s sur les r\u00e9seaux sociaux, <strong>ce qui interdit notamment un enregistrement de personnes dans le traitement fond\u00e9 sur une simple appartenance syndicale<\/strong>.\u00a0\u00bb <\/em><\/i><\/p>\n<p><span class=\"exergue\">Ce dernier point est important \u00e0 noter : l\u2019enregistrement de personnes dans le traitement des donn\u00e9es fond\u00e9 sur une simple appartenance syndicale est interdit<\/span><\/p>\n<p>Le Conseil d\u2019\u00c9tat en d\u00e9duit sur ce point qu\u2019il ne peut \u00eatre consid\u00e9r\u00e9 que le d\u00e9cret <em>\u00ab\u00a0porterait une atteinte disproportionn\u00e9e \u00e0 la libert\u00e9 d\u2019opinion, de conscience et de religion, qu\u2019il m\u00e9conna\u00eetrait l\u2019article 1er de la Constitution et qu\u2019il porterait atteinte \u00e0 la libert\u00e9 syndicale, \u00e0 la libert\u00e9 d\u2019association, au pluralisme des expressions comme corollaire de la libert\u00e9 de la presse ou \u00e0 la protection du secret des sources.\u00a0\u00bb.<\/em><\/p>\n<p>&nbsp;<\/p>\n<p>(1) Qui r\u00e9v\u00e8lent la pr\u00e9tendue origine raciale ou l&rsquo;origine ethnique, les opinions politiques, les convictions religieuses ou philosophiques ou l&rsquo;appartenance syndicale d&rsquo;une personne physique ou de traiter des donn\u00e9es g\u00e9n\u00e9tiques, des donn\u00e9es biom\u00e9triques aux fins d&rsquo;identifier une personne physique de mani\u00e8re unique, des donn\u00e9es concernant la sant\u00e9 ou des donn\u00e9es concernant la vie sexuelle ou l&rsquo;orientation sexuelle d&rsquo;une personne physique.<\/p>\n<p>&nbsp;<\/p>\n<p><a href=\"https:\/\/www.cfdt.fr\/portail\/vos-droits\/droits-fondamentaux-et-protection-des-salaries\/actualite\/protection-de-la-personne\/vers-un-fichage-de-l-appartenance-syndicale-srv2_1155167#_ftnref2\" name=\"_ftn2\"><\/a><\/p>\n<\/div>\n<div id=\"cfdt-dossier-telechargement-bg\">\n<div id=\"cfdt-dossier-telechargement\">\n<p>&nbsp;<\/p>\n<h4>T\u00c9L\u00c9CHARGEMENT DE FICHIERS<\/h4>\n<ul>\n<li><\/li>\n<li><a href=\"https:\/\/www.cfdt.fr\/upload\/docs\/application\/pdf\/2021-01\/conseil_detat_4_janvier_2021_447974.pdf\" target=\"_blank\" rel=\"nofollow noopener\"> &gt; <img decoding=\"async\" class=\"jalios-icon\" title=\"Document Adobe Acrobat PDF\" src=\"https:\/\/www.cfdt.fr\/images\/jalios\/icons\/media\/pdf16.png\" alt=\"\" \/> Conseil d&rsquo;Etat 4 janvier 2021 447974<\/a><\/li>\n<li><a href=\"https:\/\/www.cfdt.fr\/upload\/docs\/application\/pdf\/2021-01\/conseil_detat_4_janvier_2021_447972.pdf\" target=\"_blank\" rel=\"nofollow noopener\"> &gt; <img decoding=\"async\" class=\"jalios-icon\" title=\"Document Adobe Acrobat PDF\" src=\"https:\/\/www.cfdt.fr\/images\/jalios\/icons\/media\/pdf16.png\" alt=\"\" \/> Conseil d&rsquo;Etat 4 janvier 2021 447972<\/a><\/li>\n<li><a href=\"https:\/\/www.cfdt.fr\/upload\/docs\/application\/pdf\/2021-01\/conseil_detat_4_janvier_2021_447970.pdf\" target=\"_blank\" rel=\"nofollow noopener\"> &gt; <img decoding=\"async\" class=\"jalios-icon\" title=\"Document Adobe Acrobat PDF\" src=\"https:\/\/www.cfdt.fr\/images\/jalios\/icons\/media\/pdf16.png\" alt=\"\" \/> Conseil d&rsquo;Etat 4 janvier 2021 447970<\/a><\/li>\n<\/ul>\n<\/div>\n<\/div>\n","protected":false},"excerpt":{"rendered":"<p>Publi\u00e9 le 13 janvier 2021 sur le site de la CFDT Trois d\u00e9crets du 2 d\u00e9cembre 2020 (2020-1510 \u00e0 12) sont venus modifier certaines dispositions du Code de la s\u00e9curit\u00e9 int\u00e9rieure relatives au traitement de donn\u00e9es personnelles. Saisi d&rsquo;une demande de suspension de ces arr\u00eats qui en ont inqui\u00e9t\u00e9 certains,\u00a0<\/p>\n","protected":false},"author":19,"featured_media":0,"comment_status":"closed","ping_status":"open","sticky":false,"template":"","format":"standard","meta":{"footnotes":""},"categories":[5],"tags":[38],"class_list":["post-21494","post","type-post","status-publish","format-standard","hentry","category-epst","tag-syndicat","ct-col-2"],"amp_enabled":true,"_links":{"self":[{"href":"https:\/\/cfdt-recherche-epst.org\/index.php?rest_route=\/wp\/v2\/posts\/21494","targetHints":{"allow":["GET"]}}],"collection":[{"href":"https:\/\/cfdt-recherche-epst.org\/index.php?rest_route=\/wp\/v2\/posts"}],"about":[{"href":"https:\/\/cfdt-recherche-epst.org\/index.php?rest_route=\/wp\/v2\/types\/post"}],"author":[{"embeddable":true,"href":"https:\/\/cfdt-recherche-epst.org\/index.php?rest_route=\/wp\/v2\/users\/19"}],"replies":[{"embeddable":true,"href":"https:\/\/cfdt-recherche-epst.org\/index.php?rest_route=%2Fwp%2Fv2%2Fcomments&post=21494"}],"version-history":[{"count":3,"href":"https:\/\/cfdt-recherche-epst.org\/index.php?rest_route=\/wp\/v2\/posts\/21494\/revisions"}],"predecessor-version":[{"id":21499,"href":"https:\/\/cfdt-recherche-epst.org\/index.php?rest_route=\/wp\/v2\/posts\/21494\/revisions\/21499"}],"wp:attachment":[{"href":"https:\/\/cfdt-recherche-epst.org\/index.php?rest_route=%2Fwp%2Fv2%2Fmedia&parent=21494"}],"wp:term":[{"taxonomy":"category","embeddable":true,"href":"https:\/\/cfdt-recherche-epst.org\/index.php?rest_route=%2Fwp%2Fv2%2Fcategories&post=21494"},{"taxonomy":"post_tag","embeddable":true,"href":"https:\/\/cfdt-recherche-epst.org\/index.php?rest_route=%2Fwp%2Fv2%2Ftags&post=21494"}],"curies":[{"name":"wp","href":"https:\/\/api.w.org\/{rel}","templated":true}]}}