{"id":21701,"date":"2022-06-29T12:03:00","date_gmt":"2022-06-29T11:03:00","guid":{"rendered":"https:\/\/epst-sgen-cfdt.org\/?p=21701"},"modified":"2023-05-10T10:43:03","modified_gmt":"2023-05-10T09:43:03","slug":"le-grade-et-lemploi-fiche-cfdt-fp-21-01-2021","status":"publish","type":"post","link":"https:\/\/cfdt-recherche-epst.org\/?p=21701","title":{"rendered":"Le grade et l\u2019emploi"},"content":{"rendered":"\n<p>Publi\u00e9 le&nbsp;21\/01\/2021&nbsp;(mis \u00e0 jour le&nbsp;29\/06\/2022)<\/p>\n\n\n\n<p><a rel=\"noreferrer noopener\" href=\"https:\/\/uffa.cfdt.fr\/portail\/uffa\/vos-droits-et-obligations\/principes-generaux-statutaires\/le-grade-et-l-emploi-srv1_1157201\" target=\"_blank\">Par P\u00f4le juridique &#8211; CFDT Fonction publique<\/a><a rel=\"noreferrer noopener\" href=\"https:\/\/www.linkedin.com\/shareArticle?mini=true&amp;url=https:\/\/uffa.cfdt.fr\/portail\/uffa\/vos-droits-et-obligations\/principes-generaux-statutaires\/le-grade-et-l-emploi-srv1_1157201&amp;title=Le%20grade%20et%20l%E2%80%99emploi&amp;source=CFDT\" target=\"_blank\"><\/a><a rel=\"noreferrer noopener\" href=\"https:\/\/twitter.com\/share?text=Le%20grade%20et%20l%E2%80%99emploi&amp;url=https:\/\/uffa.cfdt.fr\/portail\/uffa\/vos-droits-et-obligations\/principes-generaux-statutaires\/le-grade-et-l-emploi-srv1_1157201&amp;via=CFDT\" target=\"_blank\"><\/a><a rel=\"noreferrer noopener\" href=\"https:\/\/www.facebook.com\/sharer\/sharer.php?u=https:\/\/uffa.cfdt.fr\/portail\/uffa\/vos-droits-et-obligations\/principes-generaux-statutaires\/le-grade-et-l-emploi-srv1_1157201\" target=\"_blank\"><\/a><a href=\"mailto:?subject=Je%20te%20conseille%20ce%20contenu%20de%20la%20CFDT&amp;body=Bonjour,%0D%0AVoici%20un%20contenu%20de%20la%20CFDT%20que%20je%20souhaite%20te%20transmettre.%0D%0A%0D%0ALe%20grade%20et%20l%E2%80%99emploi%20:%20https:\/\/uffa.cfdt.fr\/portail\/uffa\/vos-droits-et-obligations\/principes-generaux-statutaires\/le-grade-et-l-emploi-srv1_1157201\"><\/a><\/p>\n\n\n\n<p><strong>Cette fiche r\u00e9dig\u00e9e par le p\u00f4le juridique de la CFDT Fonction publique vous explique la diff\u00e9renciation entre le grade et l\u2019emploi<\/strong><\/p>\n\n\n\n<div data-wp-interactive=\"core\/file\" class=\"wp-block-file\"><object data-wp-bind--hidden=\"!state.hasPdfPreview\" hidden class=\"wp-block-file__embed\" data=\"https:\/\/cfdt-recherche-epst.org\/wp-content\/uploads\/2023\/05\/20220629-le_grade_et_lemploi_29_juin_2022_2022-07-01_14-30-7_415.pdf\" type=\"application\/pdf\" style=\"width:100%;height:600px\" aria-label=\"Contenu embarqu\u00e9 20220629-le_grade_et_lemploi_29_juin_2022_2022-07-01_14-30-7_415.\"><\/object><a id=\"wp-block-file--media-940d11fd-9290-4022-a646-8313c01e744d\" href=\"https:\/\/cfdt-recherche-epst.org\/wp-content\/uploads\/2023\/05\/20220629-le_grade_et_lemploi_29_juin_2022_2022-07-01_14-30-7_415.pdf\">20220629-le_grade_et_lemploi_29_juin_2022_2022-07-01_14-30-7_415<\/a><a href=\"https:\/\/cfdt-recherche-epst.org\/wp-content\/uploads\/2023\/05\/20220629-le_grade_et_lemploi_29_juin_2022_2022-07-01_14-30-7_415.pdf\" class=\"wp-block-file__button wp-element-button\" download aria-describedby=\"wp-block-file--media-940d11fd-9290-4022-a646-8313c01e744d\">T\u00e9l\u00e9charger<\/a><\/div>\n\n\n\n<p><\/p>\n","protected":false},"excerpt":{"rendered":"<p>Publi\u00e9 le&nbsp;21\/01\/2021&nbsp;(mis \u00e0 jour le&nbsp;29\/06\/2022) Par P\u00f4le juridique &#8211; CFDT Fonction publique Cette fiche r\u00e9dig\u00e9e par le p\u00f4le juridique de la CFDT Fonction publique vous explique la diff\u00e9renciation entre le grade et l\u2019emploi<\/p>\n","protected":false},"author":19,"featured_media":0,"comment_status":"closed","ping_status":"open","sticky":false,"template":"","format":"standard","meta":{"footnotes":""},"categories":[5],"tags":[19,161,179,716],"class_list":["post-21701","post","type-post","status-publish","format-standard","hentry","category-epst","tag-carriere","tag-emploi","tag-fonction-publique","tag-grade","ct-col-2"],"amp_enabled":true,"_links":{"self":[{"href":"https:\/\/cfdt-recherche-epst.org\/index.php?rest_route=\/wp\/v2\/posts\/21701","targetHints":{"allow":["GET"]}}],"collection":[{"href":"https:\/\/cfdt-recherche-epst.org\/index.php?rest_route=\/wp\/v2\/posts"}],"about":[{"href":"https:\/\/cfdt-recherche-epst.org\/index.php?rest_route=\/wp\/v2\/types\/post"}],"author":[{"embeddable":true,"href":"https:\/\/cfdt-recherche-epst.org\/index.php?rest_route=\/wp\/v2\/users\/19"}],"replies":[{"embeddable":true,"href":"https:\/\/cfdt-recherche-epst.org\/index.php?rest_route=%2Fwp%2Fv2%2Fcomments&post=21701"}],"version-history":[{"count":6,"href":"https:\/\/cfdt-recherche-epst.org\/index.php?rest_route=\/wp\/v2\/posts\/21701\/revisions"}],"predecessor-version":[{"id":34729,"href":"https:\/\/cfdt-recherche-epst.org\/index.php?rest_route=\/wp\/v2\/posts\/21701\/revisions\/34729"}],"wp:attachment":[{"href":"https:\/\/cfdt-recherche-epst.org\/index.php?rest_route=%2Fwp%2Fv2%2Fmedia&parent=21701"}],"wp:term":[{"taxonomy":"category","embeddable":true,"href":"https:\/\/cfdt-recherche-epst.org\/index.php?rest_route=%2Fwp%2Fv2%2Fcategories&post=21701"},{"taxonomy":"post_tag","embeddable":true,"href":"https:\/\/cfdt-recherche-epst.org\/index.php?rest_route=%2Fwp%2Fv2%2Ftags&post=21701"}],"curies":[{"name":"wp","href":"https:\/\/api.w.org\/{rel}","templated":true}]}}