{"id":21771,"date":"2021-01-25T23:46:09","date_gmt":"2021-01-25T21:46:09","guid":{"rendered":"https:\/\/epst-sgen-cfdt.org\/?p=21771"},"modified":"2024-09-23T07:27:20","modified_gmt":"2024-09-23T06:27:20","slug":"election-au-ca-inserm-votez-et-faites-voter-pour-la-liste-sgen-cfdt-ingenieurs-techniciens-administratifs","status":"publish","type":"post","link":"https:\/\/cfdt-recherche-epst.org\/?p=21771","title":{"rendered":"\u00c9lection au CA Inserm : VOTEZ et faites voter pour la liste Sgen-CFDT Ing\u00e9nieurs, Techniciens, Administratifs"},"content":{"rendered":"<h1 style=\"text-align: center;\"><span style=\"color: #e8591d;\"><strong>\u00c9lections <\/strong><strong>au CA Inserm<br \/><\/strong><strong>des repr\u00e9sentants Ing\u00e9nieurs, Techniciens, Administratifs<br \/>Mandature 2021 &#8211; 2025<\/strong><\/span><\/h1>\n<h1><span style=\"color: #e8591d;\"><strong>VOTEZ<\/strong><\/span><\/h1>\n<h3><span style=\"color: #e8591d;\"><strong>D\u00c8S L&rsquo;OUVERTURE DU SCRUTIN ET AVANT LE 2 F\u00c9VRIER 2021 14H00<\/strong><\/span><\/h3>\n<h3><strong>Pour<\/strong><\/h3>\n<p>la liste compl\u00e8te des candidat.e.s du Sgen-CFDT Recherche<sup>EPST<\/sup><strong> sans en modifier l\u2019ordre. Si vous leur accorder votre confiance, vos \u00e9lu.e.s au CA travailleront avec les <a href=\"https:\/\/cfdt-recherche-epst.org\/wp-content\/uploads\/2019\/10\/Elu-e-s-et-representant-e-s-Sgen-CFDT-instances-Inserm-au-29_10_2019.pdf\">repr\u00e9sentant.e.s et \u00e9lu.e.s du 1<sup>er<\/sup> syndicat \u00e0 l\u2019Inserm<\/a> et dans les EPST<sup>1<\/sup>, et le Sgen-CFDT, 1<sup>\u00e8re<\/sup> organisation syndicale en voix au CNESER<sup>2<\/sup> et 2<sup>\u00e8me<\/sup> en si\u00e8ge au CTEMSR<sup>3<\/sup><\/strong><\/p>\n<p style=\"text-align: center;\"><span style=\"color: #156179;\"><strong>DONNEZ DU POIDS A VOTRE VOTE EN CHOISISSANT UNE \u00c9QUIPE<\/strong><\/span><\/p>\n<h3><span style=\"color: #156179;\">Qui<\/span><\/h3>\n<ul>\n<li>a le plus contribu\u00e9 \u00e0 vos avanc\u00e9es de carri\u00e8res et r\u00e9mun\u00e9rations depuis 5 ans et qui si\u00e8gera dans le comit\u00e9 de suivi pour l\u2019application de l\u2019Accord relatif aux carri\u00e8res et r\u00e9mun\u00e9rations sign\u00e9 le 12 octobre 2020 par le Sgen-CFDT se positionne en fonction des ordres du jour et des r\u00e9ponses apport\u00e9es par la direction et les minist\u00e8res, dans l\u2019int\u00e9r\u00eat des personnels<\/li>\n<li>allie exp\u00e9rience, renouvellement et parit\u00e9 proportionnelle dans sa composition<\/li>\n<\/ul>\n<h3><span style=\"color: #156179;\">Pour<\/span><\/h3>\n<ul>\n<li>d\u00e9fendre l\u2019emploi statutaire des Ing\u00e9nieurs, Techniciens, Administratifs, pour r\u00e9sorber la pr\u00e9carit\u00e9 et d\u00e9fendre vos droits aux changements de corps At vers t, T vers AI, AI vers IE, IE vers IR<\/li>\n<li>un financement pour continuer la revalorisation des carri\u00e8res<\/li>\n<li>un budget r\u00e9current en augmentation pour une recherche de qualit\u00e9 et des conditions de travail qui permettent la cr\u00e9ativit\u00e9 de chacun dans un environnement serein<\/li>\n<\/ul>\n<p><sup>1<\/sup> \u00c9tablissement Public \u00e0 caract\u00e8re Scientifique et Technologique <sup>2<\/sup> Conseil sup\u00e9rieur de l&rsquo;enseignement sup\u00e9rieur et de la recherche<br \/><sup>3<\/sup> Comit\u00e9 technique de l&rsquo;enseignement sup\u00e9rieur et de la recherche<\/p>\n<p><strong>N\u2019H\u00c9SITEZ PAS A RELIRE notre <a href=\"https:\/\/cfdt-recherche-epst.org\/wp-content\/uploads\/2020\/12\/Elections-CA-2021_2025-Profession-de-foi-Sgen-CFDT-ITA.pdf\">D\u00c9CLARATION D&rsquo;INTENTIONS ITA<\/a><\/strong><\/p>\n<p>(depuis le site de vote \u00ab\u00a0ouvrez les liens dans un nouvel onglet\u00a0\u00bb pour ne pas \u00eatre d\u00e9connect\u00e9 du site)<\/p>\n<p><a href=\"https:\/\/cfdt-recherche-epst.org\/wp-content\/uploads\/2020\/12\/Elections-CA-2021_2025-Profession-de-foi-Sgen-CFDT-ITA.pdf\" target=\"_blank\" rel=\"noopener\"><img loading=\"lazy\" decoding=\"async\" class=\"aligncenter wp-image-440\" src=\"https:\/\/sgen-cfdt.fr\/contenu\/uploads\/sites\/26\/2021\/01\/Profession-300x170.png\" sizes=\"auto, (max-width: 235px) 100vw, 235px\" srcset=\"https:\/\/sgen-cfdt.fr\/contenu\/uploads\/sites\/26\/2021\/01\/Profession-300x170.png 300w, https:\/\/sgen-cfdt.fr\/contenu\/uploads\/sites\/26\/2021\/01\/Profession.png 400w\" alt=\"\u00c9lection CA Inserm, profession de foi chercheurs du Sgen-CFDT\" width=\"235\" height=\"133\" border=\"0\" \/><\/a><\/p>\n<p><strong>Pour voter, acc\u00e9der \u00e0 l&rsquo;espace de vote, <\/strong>puis saisissez l\u2019identifiant que vous recevrez \u00e0 nouveau demain matin mardi 26 janvier (d\u00e9j\u00e0 re\u00e7u le 4 janvier) et votre num\u00e9ro de matricule Inserm (pr\u00e9sent sur une feuille de paye ou sur la page d\u2019accueil de <a href=\"https:\/\/www.sirene.inserm.fr\/jetspeed\/\">Sir\u00e8ne<\/a>), retirer le mot de passe n\u00e9cessaire pour valider votre vote si ce n\u2019est d\u00e9j\u00e0 fait. Proc\u00e9dez au vote.<\/p>\n<p><a href=\"https:\/\/cfdt-recherche-epst.org\/?attachment_id=21764\" rel=\"attachment wp-att-21764\"><img loading=\"lazy\" decoding=\"async\" class=\"aligncenter wp-image-21764\" src=\"https:\/\/cfdt-recherche-epst.org\/wp-content\/uploads\/2021\/01\/13-300x297.jpg\" alt=\"\" width=\"350\" height=\"346\" srcset=\"https:\/\/cfdt-recherche-epst.org\/wp-content\/uploads\/2021\/01\/13-300x297.jpg 300w, https:\/\/cfdt-recherche-epst.org\/wp-content\/uploads\/2021\/01\/13-1024x1014.jpg 1024w, https:\/\/cfdt-recherche-epst.org\/wp-content\/uploads\/2021\/01\/13-768x760.jpg 768w, https:\/\/cfdt-recherche-epst.org\/wp-content\/uploads\/2021\/01\/13-1536x1521.jpg 1536w, https:\/\/cfdt-recherche-epst.org\/wp-content\/uploads\/2021\/01\/13-scaled.jpg 2048w\" sizes=\"auto, (max-width: 350px) 100vw, 350px\" \/><\/a><\/p>\n<p><strong><span style=\"color: #156179;\">LISTE Ing\u00e9nieurs, Techniciens, Administratifs<\/span><\/strong><\/p>\n<table width=\"504\">\n<tbody>\n<tr>\n<td width=\"222\">LISTE \u00a0 \u00a0 \u00a0 \u00a0 \u00a0 \u00a0 \u00a0 \u00a0 \u00a0 \u00a0 \u00a0 \u00a0 \u00a0 \u00a0 \u00a0 \u00a0 \u00a0 \u00a0 \u00a0 \u00a0\u00a0 ING\u00c9NIEURS<\/td>\n<td width=\"114\">TECHNICIENS<\/td>\n<td width=\"168\">ADMINISTRATIFS<\/td>\n<\/tr>\n<tr>\n<td>Nom\u00a0\u00a0 Pr\u00e9nom<\/td>\n<td>Corps \/ Grade<\/td>\n<td>Affectation<\/td>\n<\/tr>\n<tr>\n<td>BERGER Marie Agn\u00e8s<\/td>\n<td>IECN<\/td>\n<td>UMR 1060 LYON<\/td>\n<\/tr>\n<tr>\n<td>CHARRIER-DECONCLOIS Vanessa<\/td>\n<td>IECN<\/td>\n<td>UMR 1215 BORDEAUX<\/td>\n<\/tr>\n<tr>\n<td>GREUET Denis<\/td>\n<td>AI<\/td>\n<td>UMR 1051 MONTPELLIER<\/td>\n<\/tr>\n<tr>\n<td>TEYSSIER Jo\u00ebl<\/td>\n<td>IEHC<\/td>\n<td>UMR 1037 TOULOUSE<\/td>\n<\/tr>\n<tr>\n<td>TREILLARD Brigitte<\/td>\n<td>AI<\/td>\n<td>DESP &#8211; Si\u00e8ge PARIS<\/td>\n<\/tr>\n<tr>\n<td>LEPINE C\u00e9line<\/td>\n<td>TECS<\/td>\n<td>UMR 1236 RENNES<\/td>\n<\/tr>\n<\/tbody>\n<\/table>\n<p><span style=\"color: #156179;\"><strong>LISTE Chercheurs<\/strong><\/span><\/p>\n<table width=\"483\">\n<tbody>\n<tr>\n<td>\u00a0<\/td>\n<td>\u00a0<\/td>\n<\/tr>\n<tr>\n<td>Nom\u00a0\u00a0 Pr\u00e9nom<\/td>\n<td>Corps \/ Grade<\/td>\n<td>Affectation<\/td>\n<\/tr>\n<tr>\n<td>PELLETIER FLEURY Nathalie<\/td>\n<td>DR2<br \/>UMR 1018 VILLEJUIF<\/td>\n<\/tr>\n<tr>\n<td>FORAY Nicolas<\/td>\n<td>DR2<\/td>\n<td>UA08 LYON<\/td>\n<\/tr>\n<tr>\n<td>MELCHIOR Maria<\/td>\n<td>DR2<\/td>\n<td>UMR 1136 PARIS<\/td>\n<\/tr>\n<tr>\n<td>BOBE R\u00e9gis<\/td>\n<td>CRCN<\/td>\n<td>UMR 1176 LE KREMLIN BIC\u00c8TRE<\/td>\n<\/tr>\n<tr>\n<td>MAQUEZE-POUEY B\u00e9atrice<\/td>\n<td>CRCN<\/td>\n<td>UMR 1072 MARSEILLE<\/td>\n<\/tr>\n<tr>\n<td>DELNESTE YVES<\/td>\n<td>DR2<\/td>\n<td>UMR 12323 ANGERS<\/td>\n<\/tr>\n<\/tbody>\n<\/table>\n\n\n<p><\/p>\n","protected":false},"excerpt":{"rendered":"<p>\u00c9lections au CA Insermdes repr\u00e9sentants Ing\u00e9nieurs, Techniciens, AdministratifsMandature 2021 &#8211; 2025 VOTEZ D\u00c8S L&rsquo;OUVERTURE DU SCRUTIN ET AVANT LE 2 F\u00c9VRIER 2021 14H00 Pour la liste compl\u00e8te des candidat.e.s du Sgen-CFDT RechercheEPST sans en modifier l\u2019ordre. Si vous leur accorder votre confiance, vos \u00e9lu.e.s au CA travailleront avec les repr\u00e9sentant.e.s<\/p>\n","protected":false},"author":19,"featured_media":0,"comment_status":"closed","ping_status":"open","sticky":false,"template":"","format":"standard","meta":{"footnotes":""},"categories":[5],"tags":[],"class_list":["post-21771","post","type-post","status-publish","format-standard","hentry","category-epst","ct-col-2"],"amp_enabled":true,"_links":{"self":[{"href":"https:\/\/cfdt-recherche-epst.org\/index.php?rest_route=\/wp\/v2\/posts\/21771","targetHints":{"allow":["GET"]}}],"collection":[{"href":"https:\/\/cfdt-recherche-epst.org\/index.php?rest_route=\/wp\/v2\/posts"}],"about":[{"href":"https:\/\/cfdt-recherche-epst.org\/index.php?rest_route=\/wp\/v2\/types\/post"}],"author":[{"embeddable":true,"href":"https:\/\/cfdt-recherche-epst.org\/index.php?rest_route=\/wp\/v2\/users\/19"}],"replies":[{"embeddable":true,"href":"https:\/\/cfdt-recherche-epst.org\/index.php?rest_route=%2Fwp%2Fv2%2Fcomments&post=21771"}],"version-history":[{"count":9,"href":"https:\/\/cfdt-recherche-epst.org\/index.php?rest_route=\/wp\/v2\/posts\/21771\/revisions"}],"predecessor-version":[{"id":38051,"href":"https:\/\/cfdt-recherche-epst.org\/index.php?rest_route=\/wp\/v2\/posts\/21771\/revisions\/38051"}],"wp:attachment":[{"href":"https:\/\/cfdt-recherche-epst.org\/index.php?rest_route=%2Fwp%2Fv2%2Fmedia&parent=21771"}],"wp:term":[{"taxonomy":"category","embeddable":true,"href":"https:\/\/cfdt-recherche-epst.org\/index.php?rest_route=%2Fwp%2Fv2%2Fcategories&post=21771"},{"taxonomy":"post_tag","embeddable":true,"href":"https:\/\/cfdt-recherche-epst.org\/index.php?rest_route=%2Fwp%2Fv2%2Ftags&post=21771"}],"curies":[{"name":"wp","href":"https:\/\/api.w.org\/{rel}","templated":true}]}}